{"id":81660,"date":"2024-08-23T11:00:38","date_gmt":"2024-08-23T08:00:38","guid":{"rendered":"https:\/\/chisinaucentru.md\/?p=81660"},"modified":"2024-08-24T08:50:21","modified_gmt":"2024-08-24T05:50:21","slug":"500-de-pranzuri-clade-au-ajuns-si-in-aceasta-saptamana-in-casele-locuitorilor-sectorului-centru","status":"publish","type":"post","link":"https:\/\/chisinaucentru.md\/en\/500-de-pranzuri-clade-au-ajuns-si-in-aceasta-saptamana-in-casele-locuitorilor-sectorului-centru\/","title":{"rendered":"500 de pr\u00e2nzuri calde au ajuns \u0219i \u00een aceast\u0103 s\u0103pt\u0103m\u00e2n\u0103 \u00een casele locuitorilor sectorului Centru"},"content":{"rendered":"<div class=\"vc_row wpb_row vc_row-fluid dt-default\" style=\"margin-top: 0px;margin-bottom: 0px\"><div class=\"wpb_column vc_column_container vc_col-sm-12\"><div class=\"vc_column-inner\"><div class=\"wpb_wrapper\">\n\t<div class=\"wpb_text_column wpb_content_element\" >\n\t\t<div class=\"wpb_wrapper\">\n\t\t\t<p align=\"justify\"><span style=\"color: #050505;\"><span style=\"font-family: Times New Roman, serif;\"><span style=\"font-size: large;\">Cantina social\u0103 desf\u0103\u0219urat\u0103 la ini\u021biativa Pretorului sectorului Centru, Vadim H\u00eencu \u0219i realizat\u0103 din dona\u021bia partenerului finan\u021bator Asocia\u021bia pentru Dezvoltarea Comunit\u0103\u021bii Bulgare din Moldova \u0219i-a consolidat \u00een timp rolul ca parte integrat\u0103 a sistemului de protec\u021bie social\u0103 din cadrul comunit\u0103\u021bii sectorului Centru. <\/span><\/span><\/span><\/p>\n<p align=\"justify\"><span style=\"color: #050505;\"><span style=\"font-family: Times New Roman, serif;\"><span style=\"font-size: large;\">Serviciul este gratuit \u0219i are ca miz\u0103 principal\u0103 distribuirea la pachet a alimentelor calde pentru cei afla\u021bi \u00een dificultate, cu scopul de a preveni \u0219i combate riscul de excluziune social\u0103, \u00eembun\u0103t\u0103\u021bind calitatea vie\u021bii acestora.<\/span><\/span><\/span><\/p>\n<p align=\"justify\"><span style=\"color: #050505;\"><span style=\"font-family: Times New Roman, serif;\"><span style=\"font-size: large;\">Cantina mobil\u0103 ofer\u0103 sprijin categoriilor vulnerabile din sectorul Centru, inclusiv persoanelor cu dizabilit\u0103\u021bi sau afec\u021biuni cronice, persoanelor v\u00e2rstnice \u0219i celor temporar afectate de dificult\u0103\u021bi financiare.<\/span><\/span><\/span><\/p>\n<p align=\"justify\"><span style=\"color: #050505;\"><span style=\"font-family: Times New Roman, serif;\"><span style=\"font-size: large;\">Gra\u021bie Pretorului, Vadim H\u00eencu, Pretura sectorului Centru \u00ee\u0219i men\u021bine angajamentul activ de a r\u0103m\u00e2ne surs\u0103 esen\u021bial\u0103 de sprijin pentru cei afla\u021bi \u00een nevoie.<\/span><\/span><\/span><\/p>\n<p>\u00a0<\/p>\n\n\t\t<\/div>\n\t<\/div>\n\n<div class=\"vc_grid-container-wrapper vc_clearfix vc_grid-animation-fadeIn\">\n\t<div class=\"vc_grid-container vc_clearfix wpb_content_element vc_media_grid\" data-initial-loading-animation=\"fadeIn\" data-vc-grid-settings=\"{&quot;page_id&quot;:81660,&quot;style&quot;:&quot;all&quot;,&quot;action&quot;:&quot;vc_get_vc_grid_data&quot;,&quot;shortcode_id&quot;:&quot;1724430263347-40c5e999-08d7-6&quot;,&quot;tag&quot;:&quot;vc_media_grid&quot;}\" data-vc-request=\"https:\/\/chisinaucentru.md\/wp-admin\/admin-ajax.php\" data-vc-post-id=\"81660\" data-vc-public-nonce=\"284a9b8a8b\">\n\t\t\n\t<\/div>\n<\/div><\/div><\/div><\/div><\/div>","protected":false},"excerpt":{"rendered":"<p>Cantina social\u0103 desf\u0103\u0219urat\u0103 la ini\u021biativa Pretorului sectorului Centru, Vadim H\u00eencu \u0219i realizat\u0103 din dona\u021bia partenerului finan\u021bator Asocia\u021bia pentru Dezvoltarea Comunit\u0103\u021bii Bulgare din Moldova \u0219i-a consolidat \u00een timp rolul ca parte integrat\u0103 a sistemului de protec\u021bie social\u0103 din cadrul comunit\u0103\u021bii sectorului Centru. Serviciul este gratuit \u0219i are ca miz\u0103 principal\u0103 distribuirea la pachet a alimentelor calde&hellip;<\/p>","protected":false},"author":1,"featured_media":81662,"comment_status":"open","ping_status":"open","sticky":false,"template":"","format":"standard","meta":[],"categories":[244],"tags":[],"acf":[],"_links":{"self":[{"href":"https:\/\/chisinaucentru.md\/en\/wp-json\/wp\/v2\/posts\/81660"}],"collection":[{"href":"https:\/\/chisinaucentru.md\/en\/wp-json\/wp\/v2\/posts"}],"about":[{"href":"https:\/\/chisinaucentru.md\/en\/wp-json\/wp\/v2\/types\/post"}],"author":[{"embeddable":true,"href":"https:\/\/chisinaucentru.md\/en\/wp-json\/wp\/v2\/users\/1"}],"replies":[{"embeddable":true,"href":"https:\/\/chisinaucentru.md\/en\/wp-json\/wp\/v2\/comments?post=81660"}],"version-history":[{"count":4,"href":"https:\/\/chisinaucentru.md\/en\/wp-json\/wp\/v2\/posts\/81660\/revisions"}],"predecessor-version":[{"id":81677,"href":"https:\/\/chisinaucentru.md\/en\/wp-json\/wp\/v2\/posts\/81660\/revisions\/81677"}],"wp:featuredmedia":[{"embeddable":true,"href":"https:\/\/chisinaucentru.md\/en\/wp-json\/wp\/v2\/media\/81662"}],"wp:attachment":[{"href":"https:\/\/chisinaucentru.md\/en\/wp-json\/wp\/v2\/media?parent=81660"}],"wp:term":[{"taxonomy":"category","embeddable":true,"href":"https:\/\/chisinaucentru.md\/en\/wp-json\/wp\/v2\/categories?post=81660"},{"taxonomy":"post_tag","embeddable":true,"href":"https:\/\/chisinaucentru.md\/en\/wp-json\/wp\/v2\/tags?post=81660"}],"curies":[{"name":"wp","href":"https:\/\/api.w.org\/{rel}","templated":true}]}}