{"id":81612,"date":"2024-08-23T10:00:07","date_gmt":"2024-08-23T07:00:07","guid":{"rendered":"https:\/\/chisinaucentru.md\/?p=81612"},"modified":"2024-08-23T16:18:40","modified_gmt":"2024-08-23T13:18:40","slug":"suspendarea-totala-a-traficului-rutier-pe-str-bucuresti-tronsonul-cuprins-intre-strazile-bulgara-si-armeneasca","status":"publish","type":"post","link":"https:\/\/chisinaucentru.md\/en\/suspendarea-totala-a-traficului-rutier-pe-str-bucuresti-tronsonul-cuprins-intre-strazile-bulgara-si-armeneasca\/","title":{"rendered":"Suspendarea total\u0103 a traficului rutier pe str. Bucure\u0219ti, tronsonul cuprins \u00eentre str\u0103zile Bulgar\u0103 \u0219i Armeneasc\u0103"},"content":{"rendered":"<div class=\"vc_row wpb_row vc_row-fluid dt-default\" style=\"margin-top: 0px;margin-bottom: 0px\"><div class=\"wpb_column vc_column_container vc_col-sm-12\"><div class=\"vc_column-inner\"><div class=\"wpb_wrapper\">\n\t<div class=\"wpb_text_column wpb_content_element\" >\n\t\t<div class=\"wpb_wrapper\">\n\t\t\t<p align=\"justify\"><span style=\"color: #050505;\"><span style=\"font-family: Times New Roman, serif;\"><span style=\"font-size: large;\">Pretura sectorului Centru informeaz\u0103 c\u0103 pe 24 august 2024, \u00een intervalul 08:00 &#8211; 24:00, va fi suspendat total traficul rutier pe str. Bucure\u0219ti, tronsonul cuprins \u00eentre str\u0103zile Bulgar\u0103 \u0219i Armeneasc\u0103. <\/span><\/span><\/span><\/p>\n<p align=\"justify\"><span style=\"color: #050505;\"><span style=\"font-family: Times New Roman, serif;\"><span style=\"font-size: large;\">M\u0103sura a fost luat\u0103 \u00een leg\u0103tur\u0103 cu necesitatea execut\u0103rii lucr\u0103rilor de repara\u021bie capital\u0103 a re\u021belei de canalizare menajer\u0103. <\/span><\/span><\/span><\/p>\n<p align=\"justify\"><span style=\"color: #050505;\"><span style=\"font-family: Times New Roman, serif;\"><span style=\"font-size: large;\">\u00cen perioada execut\u0103rii lucr\u0103rilor men\u021bionate, circula\u021bia transportului public va fi organizat\u0103 dup\u0103 cum urmeaz\u0103:<\/span><\/span><\/span><\/p>\n<p align=\"justify\"><span style=\"color: #050505;\"><span style=\"font-family: Times New Roman, serif;\"><span style=\"font-size: large;\">Ruta de troleibuz nr. 28: Tur &#8211; de pe str. Mitropolit G. B\u0103nulescu Bodoni &#8211; str. Alexei Mateevici &#8211; str. Alexandr Pu\u0219kin &#8211; bd. \u0218tefan cel Mare \u0219i Sf\u00e2nt, \u00een continuare pe traseul stabilit. Retur &#8211; de pe bd. \u0218tefan cel Mare \u0219i Sf\u00e2nt &#8211; str. Alexandr Pu\u0219kin, \u00een continuare pe traseul stabilit.<\/span><\/span><\/span><\/p>\n<p align=\"justify\"><span style=\"color: #050505;\"><span style=\"font-family: Times New Roman, serif;\"><span style=\"font-size: large;\">Serviciile municipale de profil solicit\u0103 \u00een\u021belegere \u0219i scuze cet\u0103\u021benilor pentru incomodit\u0103\u021bile create.<\/span><\/span><\/span><\/p>\n<p>\u00a0<\/p>\n\n\t\t<\/div>\n\t<\/div>\n\n<div class=\"vc_grid-container-wrapper vc_clearfix vc_grid-animation-fadeIn\">\n\t<div class=\"vc_grid-container vc_clearfix wpb_content_element vc_media_grid\" data-initial-loading-animation=\"fadeIn\" data-vc-grid-settings=\"{&quot;page_id&quot;:81612,&quot;style&quot;:&quot;all&quot;,&quot;action&quot;:&quot;vc_get_vc_grid_data&quot;,&quot;shortcode_id&quot;:&quot;1724419010768-539911ca-ebee-2&quot;,&quot;tag&quot;:&quot;vc_media_grid&quot;}\" data-vc-request=\"https:\/\/chisinaucentru.md\/wp-admin\/admin-ajax.php\" data-vc-post-id=\"81612\" data-vc-public-nonce=\"c0809cca66\">\n\t\t\n\t<\/div>\n<\/div><\/div><\/div><\/div><\/div>","protected":false},"excerpt":{"rendered":"<p>Pretura sectorului Centru informeaz\u0103 c\u0103 pe 24 august 2024, \u00een intervalul 08:00 &#8211; 24:00, va fi suspendat total traficul rutier pe str. Bucure\u0219ti, tronsonul cuprins \u00eentre str\u0103zile Bulgar\u0103 \u0219i Armeneasc\u0103. M\u0103sura a fost luat\u0103 \u00een leg\u0103tur\u0103 cu necesitatea execut\u0103rii lucr\u0103rilor de repara\u021bie capital\u0103 a re\u021belei de canalizare menajer\u0103. \u00cen perioada execut\u0103rii lucr\u0103rilor men\u021bionate, circula\u021bia transportului&hellip;<\/p>","protected":false},"author":1,"featured_media":81620,"comment_status":"open","ping_status":"open","sticky":false,"template":"","format":"standard","meta":[],"categories":[244],"tags":[],"acf":[],"_links":{"self":[{"href":"https:\/\/chisinaucentru.md\/en\/wp-json\/wp\/v2\/posts\/81612"}],"collection":[{"href":"https:\/\/chisinaucentru.md\/en\/wp-json\/wp\/v2\/posts"}],"about":[{"href":"https:\/\/chisinaucentru.md\/en\/wp-json\/wp\/v2\/types\/post"}],"author":[{"embeddable":true,"href":"https:\/\/chisinaucentru.md\/en\/wp-json\/wp\/v2\/users\/1"}],"replies":[{"embeddable":true,"href":"https:\/\/chisinaucentru.md\/en\/wp-json\/wp\/v2\/comments?post=81612"}],"version-history":[{"count":3,"href":"https:\/\/chisinaucentru.md\/en\/wp-json\/wp\/v2\/posts\/81612\/revisions"}],"predecessor-version":[{"id":81649,"href":"https:\/\/chisinaucentru.md\/en\/wp-json\/wp\/v2\/posts\/81612\/revisions\/81649"}],"wp:featuredmedia":[{"embeddable":true,"href":"https:\/\/chisinaucentru.md\/en\/wp-json\/wp\/v2\/media\/81620"}],"wp:attachment":[{"href":"https:\/\/chisinaucentru.md\/en\/wp-json\/wp\/v2\/media?parent=81612"}],"wp:term":[{"taxonomy":"category","embeddable":true,"href":"https:\/\/chisinaucentru.md\/en\/wp-json\/wp\/v2\/categories?post=81612"},{"taxonomy":"post_tag","embeddable":true,"href":"https:\/\/chisinaucentru.md\/en\/wp-json\/wp\/v2\/tags?post=81612"}],"curies":[{"name":"wp","href":"https:\/\/api.w.org\/{rel}","templated":true}]}}