{"id":81593,"date":"2024-08-22T10:10:14","date_gmt":"2024-08-22T07:10:14","guid":{"rendered":"https:\/\/chisinaucentru.md\/?p=81593"},"modified":"2024-08-22T16:42:00","modified_gmt":"2024-08-22T13:42:00","slug":"festival-concurs-international-de-poezie-si-cantec-romanesc-vocea-generatiilor","status":"publish","type":"post","link":"https:\/\/chisinaucentru.md\/en\/festival-concurs-international-de-poezie-si-cantec-romanesc-vocea-generatiilor\/","title":{"rendered":"Festival-concurs interna\u021bional de poezie \u0219i c\u00e2ntec rom\u00e2nesc \u201dVocea Genera\u021biilor\u201d"},"content":{"rendered":"<div class=\"vc_row wpb_row vc_row-fluid dt-default\" style=\"margin-top: 0px;margin-bottom: 0px\"><div class=\"wpb_column vc_column_container vc_col-sm-12\"><div class=\"vc_column-inner\"><div class=\"wpb_wrapper\">\n\t<div class=\"wpb_text_column wpb_content_element\" >\n\t\t<div class=\"wpb_wrapper\">\n\t\t\t<p align=\"justify\"><span style=\"font-family: Times New Roman, serif;\"><span style=\"font-size: large;\">Ziua Independen\u021bei Republicii Moldova va fi marcat\u0103 \u00een sectorul Centru printr-un eveniment cultural-artistic de excep\u021bie. <\/span><\/span><\/p>\n<p align=\"justify\"><span style=\"font-family: Times New Roman, serif;\"><span style=\"font-size: large;\">Prin vocea genera\u021biilor de moldoveni din Chi\u0219in\u0103u, din \u021bar\u0103 \u0219i diaspor\u0103 se va aduce un omagiu celor 33 de ani de suveranitate.<\/span><\/span><\/p>\n<p align=\"justify\"><span style=\"font-family: Times New Roman, serif;\"><span style=\"font-size: large;\">Pretura sectorului Centru \u00een colaborare cu Cenaclul Literar-Artistic \u201eVocea Genera\u021biilor\u201d, organizeaz\u0103 Festivalul-Concurs Interna\u021bional \u201eVocea Genera\u021biilor\u201d, (edi\u021bia a 4-a) cu genericul \u201dOd\u0103 plaiului \u0219i limbii rom\u00e2ne\u201d.<\/span><\/span><\/p>\n<p align=\"justify\"><span style=\"font-family: Times New Roman, serif;\"><span style=\"font-size: large;\">Pe scena din sala Preturii sectorului Centru, la 24 august 2024, \u00eencep\u00e2nd cu ora 10:00, vor urca interpre\u021bi de declamatori de v\u00e2rste \u0219i arii geografice diferite, pe care, \u00eens\u0103, \u00eei une\u0219te dragostea de \u021bar\u0103.<\/span><\/span><\/p>\n<p align=\"justify\"><span style=\"font-family: Times New Roman, serif;\"><span style=\"font-size: large;\">Scopul festivalului reprezint\u0103 valorificarea \u0219i promovarea tradi\u021biilor culturale ale neamului, portul na\u021bional \u0219i crea\u021bia compozitorilor\/poe\u021bilor rom\u00e2ni, dezvoltarea aptitudinilor artistice \u0219i sus\u021binerea originalit\u0103\u021bii \u00een exprimarea artistic\u0103 a persoanelor talentate din Chi\u0219in\u0103u, din \u021bar\u0103 \u0219i din str\u0103in\u0103tate (diaspor\u0103), prin asigurarea unui cadru competitiv de manifestare a talentului creativ.<\/span><\/span><\/p>\n\n\t\t<\/div>\n\t<\/div>\n\n<div class=\"vc_grid-container-wrapper vc_clearfix vc_grid-animation-fadeIn\">\n\t<div class=\"vc_grid-container vc_clearfix wpb_content_element vc_media_grid\" data-initial-loading-animation=\"fadeIn\" data-vc-grid-settings=\"{&quot;page_id&quot;:81593,&quot;style&quot;:&quot;all&quot;,&quot;action&quot;:&quot;vc_get_vc_grid_data&quot;,&quot;shortcode_id&quot;:&quot;1724334093499-ae137c21-a919-5&quot;,&quot;tag&quot;:&quot;vc_media_grid&quot;}\" data-vc-request=\"https:\/\/chisinaucentru.md\/wp-admin\/admin-ajax.php\" data-vc-post-id=\"81593\" data-vc-public-nonce=\"8ed656b19b\">\n\t\t\n\t<\/div>\n<\/div><\/div><\/div><\/div><\/div>","protected":false},"excerpt":{"rendered":"<p>Ziua Independen\u021bei Republicii Moldova va fi marcat\u0103 \u00een sectorul Centru printr-un eveniment cultural-artistic de excep\u021bie. Prin vocea genera\u021biilor de moldoveni din Chi\u0219in\u0103u, din \u021bar\u0103 \u0219i diaspor\u0103 se va aduce un omagiu celor 33 de ani de suveranitate. Pretura sectorului Centru \u00een colaborare cu Cenaclul Literar-Artistic \u201eVocea Genera\u021biilor\u201d, organizeaz\u0103 Festivalul-Concurs Interna\u021bional \u201eVocea Genera\u021biilor\u201d, (edi\u021bia a 4-a)&hellip;<\/p>","protected":false},"author":1,"featured_media":81596,"comment_status":"open","ping_status":"open","sticky":false,"template":"","format":"standard","meta":[],"categories":[244],"tags":[],"acf":[],"_links":{"self":[{"href":"https:\/\/chisinaucentru.md\/en\/wp-json\/wp\/v2\/posts\/81593"}],"collection":[{"href":"https:\/\/chisinaucentru.md\/en\/wp-json\/wp\/v2\/posts"}],"about":[{"href":"https:\/\/chisinaucentru.md\/en\/wp-json\/wp\/v2\/types\/post"}],"author":[{"embeddable":true,"href":"https:\/\/chisinaucentru.md\/en\/wp-json\/wp\/v2\/users\/1"}],"replies":[{"embeddable":true,"href":"https:\/\/chisinaucentru.md\/en\/wp-json\/wp\/v2\/comments?post=81593"}],"version-history":[{"count":3,"href":"https:\/\/chisinaucentru.md\/en\/wp-json\/wp\/v2\/posts\/81593\/revisions"}],"predecessor-version":[{"id":81602,"href":"https:\/\/chisinaucentru.md\/en\/wp-json\/wp\/v2\/posts\/81593\/revisions\/81602"}],"wp:featuredmedia":[{"embeddable":true,"href":"https:\/\/chisinaucentru.md\/en\/wp-json\/wp\/v2\/media\/81596"}],"wp:attachment":[{"href":"https:\/\/chisinaucentru.md\/en\/wp-json\/wp\/v2\/media?parent=81593"}],"wp:term":[{"taxonomy":"category","embeddable":true,"href":"https:\/\/chisinaucentru.md\/en\/wp-json\/wp\/v2\/categories?post=81593"},{"taxonomy":"post_tag","embeddable":true,"href":"https:\/\/chisinaucentru.md\/en\/wp-json\/wp\/v2\/tags?post=81593"}],"curies":[{"name":"wp","href":"https:\/\/api.w.org\/{rel}","templated":true}]}}