{"id":80864,"date":"2024-07-21T09:00:04","date_gmt":"2024-07-21T06:00:04","guid":{"rendered":"https:\/\/chisinaucentru.md\/?p=80864"},"modified":"2024-07-22T09:45:18","modified_gmt":"2024-07-22T06:45:18","slug":"etapa-concertelor-din-cadrul-examenului-de-vara-a-culminat-cu-studioul-atelierul-de-voce-viorica-atanasov","status":"publish","type":"post","link":"https:\/\/chisinaucentru.md\/en\/etapa-concertelor-din-cadrul-examenului-de-vara-a-culminat-cu-studioul-atelierul-de-voce-viorica-atanasov\/","title":{"rendered":"Etapa concertelor din cadrul \u201cExamenului de var\u0103\u201d a culminat cu studioul Atelierul de voce-Viorica Atanasov"},"content":{"rendered":"<div class=\"vc_row wpb_row vc_row-fluid dt-default\" style=\"margin-top: 0px;margin-bottom: 0px\"><div class=\"wpb_column vc_column_container vc_col-sm-12\"><div class=\"vc_column-inner\"><div class=\"wpb_wrapper\">\n\t<div class=\"wpb_text_column wpb_content_element\" >\n\t\t<div class=\"wpb_wrapper\">\n\t\t\t<p class=\"western\" lang=\"en-US\" align=\"justify\"><span style=\"color: #050505;\"><span style=\"font-family: Times New Roman, serif;\"><span style=\"font-size: large;\">A 3 zi de concurs muzical &#8222;Examenul de var\u0103&#8221; a avut loc ieri, la 20 iulie \u00een scuarul Mihai Eminescu. Etapa concertelor a culminat cu presta\u021bia studioului muzical &#8222;<\/span><\/span><\/span><span style=\"color: #050505;\"><span style=\"font-family: Times New Roman, serif;\"><span style=\"font-size: large;\"><span lang=\"ro-RO\">Atelierul de voce- Viorica Atanasov\u201d.<\/span><\/span><\/span><\/span><\/p>\n<p class=\"western\" lang=\"en-US\" align=\"justify\"><span style=\"color: #050505;\"><span style=\"font-family: Times New Roman, serif;\"><span style=\"font-size: large;\">A fost un adev\u0103rat spectacol al tinerelor talente locale, viitoare stele ale muzicii \u00een spatele c\u0103rora st\u0103 mult\u0103 munc\u0103 \u00een loc de vacan\u021b\u0103, entuziasm de a participa la evenimente organizate de municipalitate \u0219i spirit competitiv de a c\u00e2\u0219tiga premiul cel mare.<\/span><\/span><\/span><\/p>\n<p class=\"western\" lang=\"en-US\" align=\"justify\"><span style=\"color: #050505;\"><span style=\"font-family: Times New Roman, serif;\"><span style=\"font-size: large;\">Garantul impar\u021bialit\u0103\u021bii \u00een cadrul concursului &#8222;Examenul de var\u0103&#8221; este juriul, acesta a oferit note elevilor studioului &#8222;<\/span><\/span><\/span><span style=\"color: #050505;\"><span style=\"font-family: Times New Roman, serif;\"><span style=\"font-size: large;\"><span lang=\"ro-RO\">Atelierul de voce- Viorica Atanasov\u201d<\/span><\/span><\/span><\/span><span style=\"color: #050505;\"><span style=\"font-family: Times New Roman, serif;\"><span style=\"font-size: large;\">, clas\u00e2ndu-i pe cei mai buni interpre\u021bi ai \u0219colii de muzic\u0103 \u00een marea final\u0103.<\/span><\/span><\/span><\/p>\n<p class=\"western\" lang=\"en-US\" align=\"justify\"><span style=\"color: #050505;\"><span style=\"font-family: Times New Roman, serif;\"><span style=\"font-size: large;\">La 27 iulie, la sc\u0103rile de granit din Parcul Valea Morilor, ora 18:00 va avea loc finala concursului. Toate cele 3 studiouri \u00eenscrise \u00een competi\u021bie<\/span><\/span><\/span><span style=\"color: #050505;\"><span style=\"font-family: Times New Roman, serif;\"><span style=\"font-size: large;\"><span lang=\"ro-RO\">Idea Music Studio<\/span><\/span><\/span><\/span><span style=\"color: #050505;\"><span style=\"font-family: Times New Roman, serif;\"><span style=\"font-size: large;\">, <\/span><\/span><\/span><span style=\"color: #050505;\"><span style=\"font-family: Times New Roman, serif;\"><span style=\"font-size: large;\"><span lang=\"ro-RO\">Markitan <\/span><\/span><\/span><\/span><span style=\"color: #050505;\"><span style=\"font-family: Times New Roman, serif;\"><span style=\"font-size: large;\">Vocal School \u0219i <\/span><\/span><\/span><span style=\"color: #050505;\"><span style=\"font-family: Times New Roman, serif;\"><span style=\"font-size: large;\"><span lang=\"ro-RO\">Atelierul de voce- Viorica Atanasov<\/span><\/span><\/span><\/span><span style=\"color: #050505;\"><span style=\"font-family: Times New Roman, serif;\"><span style=\"font-size: large;\"> se vor reuni \u0219i vor lupta \u00een cadrul unei b\u0103t\u0103lii muzicale pentru a stabili clasamentul final al concursului. <\/span><\/span><\/span><\/p>\n<p class=\"western\" lang=\"en-US\" align=\"justify\"><span style=\"color: #050505;\"><span style=\"font-family: Times New Roman, serif;\"><span style=\"font-size: large;\">Acest eveniment este organizat de Pretura sectorului Centru sub egida proiectului municipal al Prim\u0103riei Chi\u0219in\u0103u \u201eDialog cultural cu chi\u0219in\u0103uienii\u201d, edi\u021bia III, \u0219i are ca scop valorificarea talentelor locale, a tinerilor arti\u0219ti din ora\u0219, pentru a oferi spa\u021biu de dialog social chi\u0219in\u0103uienilor \u0219i de a aduna comunitatea \u00een jurul valorilor culturale.<\/span><\/span><\/span><\/p>\n\n\t\t<\/div>\n\t<\/div>\n\n<div class=\"vc_grid-container-wrapper vc_clearfix vc_grid-animation-fadeIn\">\n\t<div class=\"vc_grid-container vc_clearfix wpb_content_element vc_media_grid\" data-initial-loading-animation=\"fadeIn\" data-vc-grid-settings=\"{&quot;page_id&quot;:80864,&quot;style&quot;:&quot;all&quot;,&quot;action&quot;:&quot;vc_get_vc_grid_data&quot;,&quot;shortcode_id&quot;:&quot;1721630342164-0f377d59-877c-7&quot;,&quot;tag&quot;:&quot;vc_media_grid&quot;}\" data-vc-request=\"https:\/\/chisinaucentru.md\/wp-admin\/admin-ajax.php\" data-vc-post-id=\"80864\" data-vc-public-nonce=\"39ce34e9ee\">\n\t\t\n\t<\/div>\n<\/div><\/div><\/div><\/div><\/div>","protected":false},"excerpt":{"rendered":"<p>A 3 zi de concurs muzical &#8222;Examenul de var\u0103&#8221; a avut loc ieri, la 20 iulie \u00een scuarul Mihai Eminescu. Etapa concertelor a culminat cu presta\u021bia studioului muzical &#8222;Atelierul de voce- Viorica Atanasov\u201d. A fost un adev\u0103rat spectacol al tinerelor talente locale, viitoare stele ale muzicii \u00een spatele c\u0103rora st\u0103 mult\u0103 munc\u0103 \u00een loc de&hellip;<\/p>","protected":false},"author":1,"featured_media":80872,"comment_status":"open","ping_status":"open","sticky":false,"template":"","format":"standard","meta":[],"categories":[244],"tags":[],"acf":[],"_links":{"self":[{"href":"https:\/\/chisinaucentru.md\/en\/wp-json\/wp\/v2\/posts\/80864"}],"collection":[{"href":"https:\/\/chisinaucentru.md\/en\/wp-json\/wp\/v2\/posts"}],"about":[{"href":"https:\/\/chisinaucentru.md\/en\/wp-json\/wp\/v2\/types\/post"}],"author":[{"embeddable":true,"href":"https:\/\/chisinaucentru.md\/en\/wp-json\/wp\/v2\/users\/1"}],"replies":[{"embeddable":true,"href":"https:\/\/chisinaucentru.md\/en\/wp-json\/wp\/v2\/comments?post=80864"}],"version-history":[{"count":3,"href":"https:\/\/chisinaucentru.md\/en\/wp-json\/wp\/v2\/posts\/80864\/revisions"}],"predecessor-version":[{"id":80948,"href":"https:\/\/chisinaucentru.md\/en\/wp-json\/wp\/v2\/posts\/80864\/revisions\/80948"}],"wp:featuredmedia":[{"embeddable":true,"href":"https:\/\/chisinaucentru.md\/en\/wp-json\/wp\/v2\/media\/80872"}],"wp:attachment":[{"href":"https:\/\/chisinaucentru.md\/en\/wp-json\/wp\/v2\/media?parent=80864"}],"wp:term":[{"taxonomy":"category","embeddable":true,"href":"https:\/\/chisinaucentru.md\/en\/wp-json\/wp\/v2\/categories?post=80864"},{"taxonomy":"post_tag","embeddable":true,"href":"https:\/\/chisinaucentru.md\/en\/wp-json\/wp\/v2\/tags?post=80864"}],"curies":[{"name":"wp","href":"https:\/\/api.w.org\/{rel}","templated":true}]}}