{"id":80763,"date":"2024-07-17T10:00:28","date_gmt":"2024-07-17T07:00:28","guid":{"rendered":"https:\/\/chisinaucentru.md\/?p=80763"},"modified":"2024-07-17T13:21:10","modified_gmt":"2024-07-17T10:21:10","slug":"programul-activitatilor-culturale-din-aceasta-saptamana-desfasurate-in-sectorul-centru-2","status":"publish","type":"post","link":"https:\/\/chisinaucentru.md\/en\/programul-activitatilor-culturale-din-aceasta-saptamana-desfasurate-in-sectorul-centru-2\/","title":{"rendered":"Programul activit\u0103\u021bilor culturale din aceast\u0103 s\u0103pt\u0103m\u00e2n\u0103 desf\u0103\u0219urate \u00een sectorul Centru"},"content":{"rendered":"<div class=\"vc_row wpb_row vc_row-fluid dt-default\" style=\"margin-top: 0px;margin-bottom: 0px\"><div class=\"wpb_column vc_column_container vc_col-sm-12\"><div class=\"vc_column-inner\"><div class=\"wpb_wrapper\">\n\t<div class=\"wpb_text_column wpb_content_element\" >\n\t\t<div class=\"wpb_wrapper\">\n\t\t\t<p align=\"justify\"><span style=\"color: #050505;\"><span style=\"font-family: Times New Roman, serif;\"><span style=\"font-size: large;\"><b>19-21 <\/b><\/span><\/span><\/span><span style=\"color: #050505;\"><span style=\"font-family: Times New Roman, serif;\"><span style=\"font-size: large;\"><b>iulie<\/b><\/span><\/span><\/span><\/p>\n<p align=\"justify\"><span style=\"color: #050505;\"><span style=\"font-family: Times New Roman, serif;\"><span style=\"font-size: large;\">&#8211; Festivalul \u201dTe salut, Chi\u0219in\u0103u\u201d, edi\u021bia a IV-a<\/span><\/span><\/span><\/p>\n<p align=\"justify\"><span style=\"color: #050505;\"><span style=\"font-family: Times New Roman, serif;\"><span style=\"font-size: large;\">&#8211; Strada pietonal\u0103 Eugen Doga<\/span><\/span><\/span><\/p>\n<p align=\"justify\"><span style=\"color: #050505;\"><span style=\"font-family: Times New Roman, serif;\"><span style=\"font-size: large;\">&#8211; ora 19:00<\/span><\/span><\/span><\/p>\n<p align=\"justify\"><span style=\"color: #050505;\"><span style=\"font-family: Times New Roman, serif;\"><span style=\"font-size: large;\">Evenimentul, dedicat anivers\u0103rii a 588 de ani de la prima atestare documentar\u0103 a ora\u0219ului, devine o tradi\u021bie at\u00e2t pentru locuitorii Capitalei, c\u00e2t \u0219i vizitatori din \u00eentreaga \u021bar\u0103 \u0219i din str\u0103in\u0103tate.<\/span><\/span><\/span><\/p>\n<p align=\"justify\"><span style=\"color: #050505;\"><span style=\"font-family: Times New Roman, serif;\"><span style=\"font-size: large;\">Participan\u021bii vor putea descoperi \u0219i redescoperi trecutul fascinant al ora\u0219ului nostru prin expozi\u021bii, tururi ghidate \u0219i prezent\u0103ri interactive. Cultura \u0219i folclorul tradi\u021bional vor fi promovate prin t\u00e2rguri de me\u0219te\u0219uguri \u0219i degust\u0103ri de bucate tradi\u021bionale. Recitalurile \u0219i concertele sus\u021binute de arti\u0219ti renumi\u021bi vor oferi publicului momente unice, pline de emo\u021bie.<\/span><\/span><\/span><\/p>\n<p align=\"justify\"><span style=\"color: #050505;\"><span style=\"font-family: Times New Roman, serif;\"><span style=\"font-size: large;\">\u00cen fiecare dintre cele trei zile, evenimentele vor \u00eencepe cu o incursiune \u00een istoria ora\u0219ului \u00een cele mai vechi loca\u021bii atestate \u00een Chi\u0219in\u0103u, Biserica ,,Mazarache\u201d, Biserica ,,Constantin \u0219i Elena\u201d \u0219i Casa Toadere Sab\u0103u, ruinele Bisericii ,,Sfin\u021bii Arhangheli Mihail \u0219i Gavriil\u201d. Programul va continua pe Strada Pietonal\u0103 ,,Eugen Doga\u201d cu spectacole muzicale.<\/span><\/span><\/span><\/p>\n<p align=\"justify\"><span style=\"color: #050505;\"><span style=\"font-family: Times New Roman, serif;\"><span style=\"font-size: large;\">V\u0103 a\u015ftept\u0103m cu drag!<\/span><\/span><\/span><\/p>\n<p align=\"justify\"><span style=\"color: #050505;\"><span style=\"font-family: Times New Roman, serif;\"><span style=\"font-size: large;\"><b>20 iulie<\/b><\/span><\/span><\/span><\/p>\n<p align=\"justify\"><span style=\"color: #050505;\"><span style=\"font-family: Times New Roman, serif;\"><span style=\"font-size: large;\">&#8211; Concertul studioului \u201dAtelierul de voce- Viorica Atanasov\u201d<\/span><\/span><\/span><\/p>\n<p align=\"justify\"><span style=\"color: #050505;\"><span style=\"font-family: Times New Roman, serif;\"><span style=\"font-size: large;\">&#8211; Scuarul Mihai Eminescu, bd. \u0218tefan cel Mare \u0219i Sf\u00e2nt, 79<\/span><\/span><\/span><\/p>\n<p align=\"justify\"><span style=\"color: #050505;\"><span style=\"font-family: Times New Roman, serif;\"><span style=\"font-size: large;\">&#8211; ora 18:00<\/span><\/span><\/span><\/p>\n<p align=\"justify\"><span style=\"color: #050505;\"><span style=\"font-family: Times New Roman, serif;\"><span style=\"font-size: large;\">A treia s\u0103pt\u0103m\u00e2n\u0103 \u00een care desf\u0103\u0219ur\u0103m concursul muzical \u201dExamenul de Var\u0103\u201d organizat de Pretura sectorului Centru. \u00cen acest weekend aducem \u00een fa\u021ba juriului \u0219i spectatorilor elevii altui studiou din cele 3 intrate \u00een battle- \u201dAtelierul de voce- Viorica Atanasov\u201d. Copiii \u0219i profesorii lor vor prezenta un concert cu muzic\u0103 de estrad\u0103 \u00een aer liber. <\/span><\/span><\/span><\/p>\n<p align=\"justify\"><span style=\"color: #050505;\"><span style=\"font-family: Times New Roman, serif;\"><span style=\"font-size: large;\">V\u0103 invit\u0103m s\u0103 sus\u021bine\u021bi talentele locale \u0219i s\u0103 v\u0103 bucura\u021bi \u00een acela\u0219i timp de muzic\u0103 bun\u0103, culoare, emo\u021bii, atmosfer\u0103 vibrant\u0103 \u0219i tr\u0103iri intense.<\/span><\/span><\/span><\/p>\n<p align=\"justify\"><span style=\"color: #050505;\"><span style=\"font-family: Times New Roman, serif;\"><span style=\"font-size: large;\"><b>21 iulie<\/b><\/span><\/span><\/span><\/p>\n<p align=\"justify\"><span style=\"color: #050505;\"><span style=\"font-family: Times New Roman, serif;\"><span style=\"font-size: large;\">&#8211; Salsa open air<\/span><\/span><\/span><\/p>\n<p align=\"justify\"><span style=\"color: #050505;\"><span style=\"font-family: Times New Roman, serif;\"><span style=\"font-size: large;\">&#8211; scuarul Mihai Eminescu, bd. \u0218tefan cel Mare \u0219i Sf\u00e2nt, 79<\/span><\/span><\/span><\/p>\n<p align=\"justify\"><span style=\"color: #050505;\"><span style=\"font-family: Times New Roman, serif;\"><span style=\"font-size: large;\">&#8211; ora 18:00<\/span><\/span><\/span><\/p>\n<p align=\"justify\"><span style=\"color: #050505;\"><span style=\"font-family: Times New Roman, serif;\"><span style=\"font-size: large;\">Sear\u0103 de dansuri \u00een stil latino, master-class din partea coregrafilor la afro haus, bachata, salsa, tango.<\/span><\/span><\/span><\/p>\n<p align=\"justify\"><span style=\"color: #050505;\"><span style=\"font-family: Times New Roman, serif;\"><span style=\"font-size: large;\"><b>21 iulie<\/b><\/span><\/span><\/span><\/p>\n<p align=\"justify\"><span style=\"color: #050505;\"><span style=\"font-family: Times New Roman, serif;\"><span style=\"font-size: large;\">&#8211; Campionatul na\u021bional de drift, etapa 2<\/span><\/span><\/span><\/p>\n<p align=\"justify\"><span style=\"color: #050505;\"><span style=\"font-family: Times New Roman, serif;\"><span style=\"font-size: large;\">&#8211; str. C\u0103rbunari, 9<\/span><\/span><\/span><\/p>\n<p align=\"justify\"><span style=\"color: #050505;\"><span style=\"font-family: Times New Roman, serif;\"><span style=\"font-size: large;\">&#8211; ora 12:00<\/span><\/span><\/span><\/p>\n<p align=\"justify\"><span style=\"color: #050505;\"><span style=\"font-family: Times New Roman, serif;\"><span style=\"font-size: large;\">Ma\u0219ini cu sute de cai putere \u0219i motociclete atractive vor oferi publicului defil\u0103ri, demonstra\u021bii tehnice \u0219i driftinguri spectaculoase. Vino s\u0103 resim\u021bi emo\u021biile curselor.<\/span><\/span><\/span><\/p>\n<p align=\"justify\"><span style=\"font-family: Times New Roman, serif;\"><span style=\"font-size: large;\"><b>21 iulie<\/b><\/span><\/span><\/p>\n<p align=\"justify\"><span style=\"font-family: Times New Roman, serif;\"><span style=\"font-size: large;\">&#8211; <\/span><\/span><span style=\"color: #050505;\"><span style=\"font-family: Times New Roman, serif;\"><span style=\"font-size: large;\">Campania \u201eFii \u00een siguran\u021b\u0103 la soare\u201d- testarea gratuit\u0103 a nevilor<\/span><\/span><\/span><\/p>\n<p align=\"justify\"><span style=\"color: #050505;\"><span style=\"font-family: Times New Roman, serif;\"><span style=\"font-size: large;\">&#8211; str.<\/span><\/span><\/span><span style=\"font-family: Times New Roman, serif;\"><span style=\"font-size: large;\"> Nicolae Testemi\u021banu<\/span><\/span><span style=\"color: #050505;\"><span style=\"font-family: Times New Roman, serif;\"><span style=\"font-size: large;\">, 21<\/span><\/span><\/span><\/p>\n<p align=\"justify\"><span style=\"color: #050505;\"><span style=\"font-family: Times New Roman, serif;\"><span style=\"font-size: large;\">&#8211; ora 10:00-18:00, pauz\u0103 13:00-14:00<\/span><\/span><\/span><\/p>\n<p align=\"justify\"><span style=\"color: #050505;\"><span style=\"font-family: Times New Roman, serif;\"><span style=\"font-size: large;\">Locuitorii vor putea s\u0103-\u0219i testeze gratuit nevii pigmentari (aluni\u021bele) cu ajutorul unui dermatoscop \u0219i s\u0103 primeasc\u0103 consulta\u021bia medicilor dermatologi.<\/span><\/span><\/span><\/p>\n<p align=\"justify\"><span style=\"color: #050505;\"><span style=\"font-family: Times New Roman, serif;\"><span style=\"font-size: large;\"><b>11- 31 iulie <\/b><\/span><\/span><\/span><\/p>\n<p align=\"justify\"><span style=\"color: #050505;\"><span style=\"font-family: Times New Roman, serif;\"><span style=\"font-size: large;\">&#8211; Expozi\u021bie &#8211; concurs de art\u0103 plastic\u0103 contemporan\u0103 \u201eSalonul Municipal\u201d<\/span><\/span><\/span><\/p>\n<p align=\"justify\"><span style=\"color: #050505;\"><span style=\"font-family: Times New Roman, serif;\"><span style=\"font-size: large;\">&#8211; Centrul Expozi\u021bional \u201eConstantin Br\u00e2ncu\u0219i\u201d, bd. \u0218tefan cel Mare \u0219i Sf\u00e2nt, 3<\/span><\/span><\/span><\/p>\n<p align=\"justify\"><span style=\"color: #050505;\"><span style=\"font-family: Times New Roman, serif;\"><span style=\"font-size: large;\">Organizat\u0103 \u00een cadrul Festivalului \u201eTe salut, Chi\u0219in\u0103u!\u201d, edi\u021bia a IV-a, expozi\u021bia \u00eentrune\u0219te o larg\u0103 varietate de stiluri \u0219i genuri artistice. Aceasta cuprinde 83 de lucr\u0103ri ale elevilor \u0219colilor de art\u0103 din municipiul Chi\u0219in\u0103u \u0219i universit\u0103\u021bilor de profil, 71 de lucr\u0103ri de pictur\u0103, grafic\u0103, sculptur\u0103 \u0219i arte decorative executate \u00een diverse tehnici \u0219i materiale ale membrilor Uniunii Arti\u0219tilor Plastici precum \u0219i 9 lucr\u0103ri ale arti\u0219tilor emergen\u021bi.<\/span><\/span><\/span><\/p>\n<p align=\"justify\"><span style=\"color: #050505;\">\u201e<span style=\"font-family: Times New Roman, serif;\"><span style=\"font-size: large;\">Salonul Municipal\u201d a devenit un proiect de documentare a actualit\u0103\u021bii, a percep\u021biei \u0219i reprezent\u0103rii ora\u0219ului Chi\u0219in\u0103u, a\u0219a cum el este v\u0103zut de c\u0103tre arti\u0219ti.<\/span><\/span><\/span><\/p>\n<p>\u00a0<\/p>\n\n\t\t<\/div>\n\t<\/div>\n\n<div class=\"vc_grid-container-wrapper vc_clearfix vc_grid-animation-fadeIn\">\n\t<div class=\"vc_grid-container vc_clearfix wpb_content_element vc_media_grid\" data-initial-loading-animation=\"fadeIn\" data-vc-grid-settings=\"{&quot;page_id&quot;:80763,&quot;style&quot;:&quot;all&quot;,&quot;action&quot;:&quot;vc_get_vc_grid_data&quot;,&quot;shortcode_id&quot;:&quot;1721211584799-37150348-b88f-7&quot;,&quot;tag&quot;:&quot;vc_media_grid&quot;}\" data-vc-request=\"https:\/\/chisinaucentru.md\/wp-admin\/admin-ajax.php\" data-vc-post-id=\"80763\" data-vc-public-nonce=\"39ce34e9ee\">\n\t\t\n\t<\/div>\n<\/div><\/div><\/div><\/div><\/div>","protected":false},"excerpt":{"rendered":"<p>19-21 iulie &#8211; Festivalul \u201dTe salut, Chi\u0219in\u0103u\u201d, edi\u021bia a IV-a &#8211; Strada pietonal\u0103 Eugen Doga &#8211; ora 19:00 Evenimentul, dedicat anivers\u0103rii a 588 de ani de la prima atestare documentar\u0103 a ora\u0219ului, devine o tradi\u021bie at\u00e2t pentru locuitorii Capitalei, c\u00e2t \u0219i vizitatori din \u00eentreaga \u021bar\u0103 \u0219i din str\u0103in\u0103tate. Participan\u021bii vor putea descoperi \u0219i redescoperi trecutul&hellip;<\/p>","protected":false},"author":1,"featured_media":80767,"comment_status":"open","ping_status":"open","sticky":false,"template":"","format":"standard","meta":[],"categories":[244],"tags":[],"acf":[],"_links":{"self":[{"href":"https:\/\/chisinaucentru.md\/en\/wp-json\/wp\/v2\/posts\/80763"}],"collection":[{"href":"https:\/\/chisinaucentru.md\/en\/wp-json\/wp\/v2\/posts"}],"about":[{"href":"https:\/\/chisinaucentru.md\/en\/wp-json\/wp\/v2\/types\/post"}],"author":[{"embeddable":true,"href":"https:\/\/chisinaucentru.md\/en\/wp-json\/wp\/v2\/users\/1"}],"replies":[{"embeddable":true,"href":"https:\/\/chisinaucentru.md\/en\/wp-json\/wp\/v2\/comments?post=80763"}],"version-history":[{"count":3,"href":"https:\/\/chisinaucentru.md\/en\/wp-json\/wp\/v2\/posts\/80763\/revisions"}],"predecessor-version":[{"id":80772,"href":"https:\/\/chisinaucentru.md\/en\/wp-json\/wp\/v2\/posts\/80763\/revisions\/80772"}],"wp:featuredmedia":[{"embeddable":true,"href":"https:\/\/chisinaucentru.md\/en\/wp-json\/wp\/v2\/media\/80767"}],"wp:attachment":[{"href":"https:\/\/chisinaucentru.md\/en\/wp-json\/wp\/v2\/media?parent=80763"}],"wp:term":[{"taxonomy":"category","embeddable":true,"href":"https:\/\/chisinaucentru.md\/en\/wp-json\/wp\/v2\/categories?post=80763"},{"taxonomy":"post_tag","embeddable":true,"href":"https:\/\/chisinaucentru.md\/en\/wp-json\/wp\/v2\/tags?post=80763"}],"curies":[{"name":"wp","href":"https:\/\/api.w.org\/{rel}","templated":true}]}}