{"id":80536,"date":"2024-07-09T10:00:01","date_gmt":"2024-07-09T07:00:01","guid":{"rendered":"https:\/\/chisinaucentru.md\/?p=80536"},"modified":"2024-07-10T15:27:40","modified_gmt":"2024-07-10T12:27:40","slug":"atentie-cod-portocaliu-de-canicula","status":"publish","type":"post","link":"https:\/\/chisinaucentru.md\/en\/atentie-cod-portocaliu-de-canicula\/","title":{"rendered":"ATEN\u021aIE, Cod Portocaliu de canicul\u0103"},"content":{"rendered":"<div class=\"vc_row wpb_row vc_row-fluid dt-default\" style=\"margin-top: 0px;margin-bottom: 0px\"><div class=\"wpb_column vc_column_container vc_col-sm-12\"><div class=\"vc_column-inner\"><div class=\"wpb_wrapper\">\n\t<div class=\"wpb_text_column wpb_content_element\" >\n\t\t<div class=\"wpb_wrapper\">\n\t\t\t<p align=\"justify\"><span style=\"color: #050505;\"><span style=\"font-family: Times New Roman, serif;\"><span style=\"font-size: large;\">Ca urmare a cre\u0219terii continu\u0103 a maximei, Serviciul Hidrometeorologic de Stat a emis Cod Portocaliu de canicul\u0103. Avertizarea, care prevede temperaturi ce vor varia \u00eentre +36 \u0219i +39 de grade Celsius \u0219i mai mult, este valabil\u0103 pentru p\u0103r\u021bile de Centru \u0219i Sud a Republicii Moldova, inclusiv municipiul Chi\u0219in\u0103u.<\/span><\/span><\/span><\/p>\n<p align=\"justify\"><span style=\"color: #050505;\"><span style=\"font-family: Times New Roman, serif;\"><span style=\"font-size: large;\">Avertizarea este valabil\u0103 pentru perioada, 10-16 iulie.<\/span><\/span><\/span><\/p>\n<p align=\"justify\"><span style=\"color: #050505;\"><span style=\"font-family: Times New Roman, serif;\"><span style=\"font-size: large;\">\u00cen acest context, Prim\u0103ria Chi\u0219in\u0103u aminte\u0219te c\u0103, \u00eencep\u00e2nd de ast\u0103zi, locuitorii Capitalei se pot hidrata la un num\u0103r mai mare de corturi de prim ajutor, care sunt instalate \u00een toate sectoarele ora\u0219ului. <\/span><\/span><\/span><\/p>\n<p align=\"justify\"><span style=\"color: #050505;\"><span style=\"font-family: Times New Roman, serif;\"><span style=\"font-size: large;\">Acestea sunt amplasate dup\u0103 cum urmeaz\u0103:<\/span><\/span><\/span><\/p>\n<p align=\"justify\"><span style=\"color: #050505;\"><span style=\"font-family: Times New Roman, serif;\"><span style=\"font-size: large;\">Sectorul Ciocana<\/span><\/span><\/span><\/p>\n<ul>\n<li>\n<p align=\"justify\"><span style=\"color: #050505;\"><span style=\"font-family: Times New Roman, serif;\"><span style=\"font-size: large;\">bd. Mircea cel B\u0103tr\u00e2n, 2 (aleea)<\/span><\/span><\/span><\/p>\n<\/li>\n<li>\n<p align=\"justify\"><span style=\"color: #050505;\"><span style=\"font-family: Times New Roman, serif;\"><span style=\"font-size: large;\">Aleea Mircea cel B\u0103tr\u00e2n, intersec\u021bie cu str. P. Zadnipru<\/span><\/span><\/span><\/p>\n<\/li>\n<li>\n<p align=\"justify\"><span style=\"color: #050505;\"><span style=\"font-family: Times New Roman, serif;\"><span style=\"font-size: large;\">Aleea Mircea cel B\u0103tr\u00e2n, intersec\u021bie cu str. I. Vieru<\/span><\/span><\/span><\/p>\n<\/li>\n<li>\n<p align=\"justify\"><span style=\"color: #050505;\"><span style=\"font-family: Times New Roman, serif;\"><span style=\"font-size: large;\">str. Prof. I. Dumeniuc, 12<\/span><\/span><\/span><\/p>\n<\/li>\n<li>\n<p align=\"justify\"><span style=\"color: #050505;\"><span style=\"font-family: Times New Roman, serif;\"><span style=\"font-size: large;\">str. Vadul lui Vod\u0103, 80, AMT Ciocana<\/span><\/span><\/span><\/p>\n<\/li>\n<\/ul>\n<p align=\"justify\"><span style=\"color: #050505;\"><span style=\"font-family: Times New Roman, serif;\"><span style=\"font-size: large;\">Sectorul Botanica<\/span><\/span><\/span><\/p>\n<ul>\n<li>\n<p align=\"justify\"><span style=\"color: #050505;\"><span style=\"font-family: Times New Roman, serif;\"><span style=\"font-size: large;\">Centrul de Tineret, bd. Dacia, intersec\u021bie cu bd. Cuza-Vod\u0103<\/span><\/span><\/span><\/p>\n<\/li>\n<li>\n<p align=\"justify\"><span style=\"color: #050505;\"><span style=\"font-family: Times New Roman, serif;\"><span style=\"font-size: large;\">McDonald\u2019s, bd. Dacia, 21\/1<\/span><\/span><\/span><\/p>\n<\/li>\n<li>\n<p align=\"justify\"><span style=\"color: #050505;\"><span style=\"font-family: Times New Roman, serif;\"><span style=\"font-size: large;\">bd. Dacia, 1<\/span><\/span><\/span><\/p>\n<\/li>\n<li>\n<p align=\"justify\"><span style=\"color: #050505;\"><span style=\"font-family: Times New Roman, serif;\"><span style=\"font-size: large;\">Gr\u0103dina Zoologic\u0103, bd. Dacia, 50\/7<\/span><\/span><\/span><\/p>\n<\/li>\n<li>\n<p align=\"justify\"><span style=\"color: #050505;\"><span style=\"font-family: Times New Roman, serif;\"><span style=\"font-size: large;\">str. N. Zelinski, 7, col\u021b cu str. Sarmizegetusa (magazinul Nr.1)<\/span><\/span><\/span><\/p>\n<\/li>\n<li>\n<p align=\"justify\"><span style=\"color: #050505;\"><span style=\"font-family: Times New Roman, serif;\"><span style=\"font-size: large;\">Aeroportul Interna\u021bional Chi\u0219in\u0103u, bd. Dacia 80\/3<\/span><\/span><\/span><\/p>\n<\/li>\n<\/ul>\n<p align=\"justify\"><span style=\"color: #050505;\"><span style=\"font-family: Times New Roman, serif;\"><span style=\"font-size: large;\">Sectorul Buiucani<\/span><\/span><\/span><\/p>\n<ul>\n<li>\n<p align=\"justify\"><span style=\"color: #050505;\"><span style=\"font-family: Times New Roman, serif;\"><span style=\"font-size: large;\">str. I. Creang\u0103 (magazinul Franzelu\u021ba)<\/span><\/span><\/span><\/p>\n<\/li>\n<li>\n<p align=\"justify\"><span style=\"color: #050505;\"><span style=\"font-family: Times New Roman, serif;\"><span style=\"font-size: large;\">Parcul ,,Dendrariu&#8221;<\/span><\/span><\/span><\/p>\n<\/li>\n<li>\n<p align=\"justify\"><span style=\"color: #050505;\"><span style=\"font-family: Times New Roman, serif;\"><span style=\"font-size: large;\">str. Calea Ie\u0219ilor, 3<\/span><\/span><\/span><\/p>\n<\/li>\n<li>\n<p align=\"justify\"><span style=\"color: #050505;\"><span style=\"font-family: Times New Roman, serif;\"><span style=\"font-size: large;\">Scuarul Teatrul National de Oper\u0103 \u0219i Balet ,,Maria Bie\u0219u\u201d<\/span><\/span><\/span><\/p>\n<\/li>\n<li>\n<p align=\"justify\"><span style=\"color: #050505;\"><span style=\"font-family: Times New Roman, serif;\"><span style=\"font-size: large;\">Pia\u021ba \u201eDelfin\u201d<\/span><\/span><\/span><\/p>\n<\/li>\n<\/ul>\n<p align=\"justify\"><span style=\"color: #050505;\"><span style=\"font-family: Times New Roman, serif;\"><span style=\"font-size: large;\">Sectorul Centru<\/span><\/span><\/span><\/p>\n<ul>\n<li>\n<p align=\"justify\"><span style=\"color: #050505;\"><span style=\"font-family: Times New Roman, serif;\"><span style=\"font-size: large;\">CC \u201eUNIC\u201d<\/span><\/span><\/span><\/p>\n<\/li>\n<li>\n<p align=\"justify\"><span style=\"color: #050505;\"><span style=\"font-family: Times New Roman, serif;\"><span style=\"font-size: large;\">CC \u201eGemeni\u201d<\/span><\/span><\/span><\/p>\n<\/li>\n<li>\n<p align=\"justify\"><span style=\"color: #050505;\"><span style=\"font-family: Times New Roman, serif;\"><span style=\"font-size: large;\">str. Armeneasc\u0103 intersec\u0163ie cu bd. \u015etefan cel Mare \u015fi Sf\u00e2nt<\/span><\/span><\/span><\/p>\n<\/li>\n<li>\n<p align=\"justify\"><span style=\"color: #050505;\"><span style=\"font-family: Times New Roman, serif;\"><span style=\"font-size: large;\">str. H\u00eence\u0219ti intersec\u021bie cu str. V. Dokuceaev<\/span><\/span><\/span><\/p>\n<\/li>\n<li>\n<p align=\"justify\"><span style=\"color: #050505;\"><span style=\"font-family: Times New Roman, serif;\"><span style=\"font-size: large;\">str. Miori\u021ba, 11<\/span><\/span><\/span><\/p>\n<\/li>\n<li>\n<p align=\"justify\"><span style=\"color: #050505;\"><span style=\"font-family: Times New Roman, serif;\"><span style=\"font-size: large;\">Parcul \u201eValea Morilor\u201d<\/span><\/span><\/span><\/p>\n<\/li>\n<\/ul>\n<p align=\"justify\"><span style=\"color: #050505;\"><span style=\"font-family: Times New Roman, serif;\"><span style=\"font-size: large;\">Sectorul R\u00ee\u0219cani<\/span><\/span><\/span><\/p>\n<ul>\n<li>\n<p align=\"justify\"><span style=\"color: #050505;\"><span style=\"font-family: Times New Roman, serif;\"><span style=\"font-size: large;\">CC \u201eSoiuz\u201d<\/span><\/span><\/span><\/p>\n<\/li>\n<li>\n<p align=\"justify\"><span style=\"color: #050505;\"><span style=\"font-family: Times New Roman, serif;\"><span style=\"font-size: large;\">Parcul \u201eComplexul Memorial Feciorilor Patriei &#8211; Sf\u00e2nta Amintire\u201d<\/span><\/span><\/span><\/p>\n<\/li>\n<li>\n<p align=\"justify\"><span style=\"color: #050505;\"><span style=\"font-family: Times New Roman, serif;\"><span style=\"font-size: large;\">str. Ceucari col\u0163 cu str. Socoleni, (l\u00e2ng\u0103 Pia\u0163\u0103)<\/span><\/span><\/span><\/p>\n<\/li>\n<li>\n<p align=\"justify\"><span style=\"color: #050505;\"><span style=\"font-family: Times New Roman, serif;\"><span style=\"font-size: large;\">Aleea \u201eGrigore Vieru\u201d<\/span><\/span><\/span><\/p>\n<\/li>\n<li>\n<p align=\"justify\"><span style=\"color: #050505;\"><span style=\"font-family: Times New Roman, serif;\"><span style=\"font-size: large;\">str. Tudor Vladimirescu, 1, col\u0163 cu str. A. Doga<\/span><\/span><\/span><\/p>\n<\/li>\n<\/ul>\n<p align=\"justify\"><span style=\"color: #050505;\"><span style=\"font-family: Times New Roman, serif;\"><span style=\"font-size: large;\">De asemenea, \u00een continuare, oamenii vor putea bea ap\u0103 potabil\u0103 \u0219i vor putea cere ajutor medical, \u00een caz de necesitate, \u0219i \u00een cadrul institu\u021biilor medicale municipale.<\/span><\/span><\/span><\/p>\n<p align=\"justify\"><span style=\"color: #050505;\"><span style=\"font-family: Times New Roman, serif;\"><span style=\"font-size: large;\">\u00cen cazul \u00eenregistr\u0103rii situa\u021biilor problematice, provocate de vreme canicular\u0103, cet\u0103\u021benii sunt \u00eendemna\u021bi s\u0103 sune la num\u0103rul unic de urgen\u021b\u0103 112.<\/span><\/span><\/span><\/p>\n<p>\u00a0<\/p>\n\n\t\t<\/div>\n\t<\/div>\n\n<div class=\"vc_grid-container-wrapper vc_clearfix vc_grid-animation-fadeIn\">\n\t<div class=\"vc_grid-container vc_clearfix wpb_content_element vc_media_grid\" data-initial-loading-animation=\"fadeIn\" data-vc-grid-settings=\"{&quot;page_id&quot;:80536,&quot;style&quot;:&quot;all&quot;,&quot;action&quot;:&quot;vc_get_vc_grid_data&quot;,&quot;shortcode_id&quot;:&quot;1720614414486-c3d589fa-39dc-5&quot;,&quot;tag&quot;:&quot;vc_media_grid&quot;}\" data-vc-request=\"https:\/\/chisinaucentru.md\/wp-admin\/admin-ajax.php\" data-vc-post-id=\"80536\" data-vc-public-nonce=\"fb1b8afed9\">\n\t\t\n\t<\/div>\n<\/div><\/div><\/div><\/div><\/div>","protected":false},"excerpt":{"rendered":"<p>Ca urmare a cre\u0219terii continu\u0103 a maximei, Serviciul Hidrometeorologic de Stat a emis Cod Portocaliu de canicul\u0103. Avertizarea, care prevede temperaturi ce vor varia \u00eentre +36 \u0219i +39 de grade Celsius \u0219i mai mult, este valabil\u0103 pentru p\u0103r\u021bile de Centru \u0219i Sud a Republicii Moldova, inclusiv municipiul Chi\u0219in\u0103u. Avertizarea este valabil\u0103 pentru perioada, 10-16 iulie.&hellip;<\/p>","protected":false},"author":1,"featured_media":80540,"comment_status":"open","ping_status":"open","sticky":false,"template":"","format":"standard","meta":[],"categories":[244],"tags":[],"acf":[],"_links":{"self":[{"href":"https:\/\/chisinaucentru.md\/en\/wp-json\/wp\/v2\/posts\/80536"}],"collection":[{"href":"https:\/\/chisinaucentru.md\/en\/wp-json\/wp\/v2\/posts"}],"about":[{"href":"https:\/\/chisinaucentru.md\/en\/wp-json\/wp\/v2\/types\/post"}],"author":[{"embeddable":true,"href":"https:\/\/chisinaucentru.md\/en\/wp-json\/wp\/v2\/users\/1"}],"replies":[{"embeddable":true,"href":"https:\/\/chisinaucentru.md\/en\/wp-json\/wp\/v2\/comments?post=80536"}],"version-history":[{"count":3,"href":"https:\/\/chisinaucentru.md\/en\/wp-json\/wp\/v2\/posts\/80536\/revisions"}],"predecessor-version":[{"id":80547,"href":"https:\/\/chisinaucentru.md\/en\/wp-json\/wp\/v2\/posts\/80536\/revisions\/80547"}],"wp:featuredmedia":[{"embeddable":true,"href":"https:\/\/chisinaucentru.md\/en\/wp-json\/wp\/v2\/media\/80540"}],"wp:attachment":[{"href":"https:\/\/chisinaucentru.md\/en\/wp-json\/wp\/v2\/media?parent=80536"}],"wp:term":[{"taxonomy":"category","embeddable":true,"href":"https:\/\/chisinaucentru.md\/en\/wp-json\/wp\/v2\/categories?post=80536"},{"taxonomy":"post_tag","embeddable":true,"href":"https:\/\/chisinaucentru.md\/en\/wp-json\/wp\/v2\/tags?post=80536"}],"curies":[{"name":"wp","href":"https:\/\/api.w.org\/{rel}","templated":true}]}}