{"id":80423,"date":"2024-07-08T10:20:34","date_gmt":"2024-07-08T07:20:34","guid":{"rendered":"https:\/\/chisinaucentru.md\/?p=80423"},"modified":"2024-07-08T18:58:44","modified_gmt":"2024-07-08T15:58:44","slug":"in-sectorul-centru-se-suplineste-numarul-corturilor-de-prim-ajutor-de-la-2-la-5","status":"publish","type":"post","link":"https:\/\/chisinaucentru.md\/en\/in-sectorul-centru-se-suplineste-numarul-corturilor-de-prim-ajutor-de-la-2-la-5\/","title":{"rendered":"\u00cen sectorul Centru se supline\u0219te num\u0103rul corturilor de prim ajutor, de la 2 la 5"},"content":{"rendered":"<div class=\"vc_row wpb_row vc_row-fluid dt-default\" style=\"margin-top: 0px;margin-bottom: 0px\"><div class=\"wpb_column vc_column_container vc_col-sm-12\"><div class=\"vc_column-inner\"><div class=\"wpb_wrapper\">\n\t<div class=\"wpb_text_column wpb_content_element\" >\n\t\t<div class=\"wpb_wrapper\">\n\t\t\t<p align=\"justify\"><span style=\"color: #050505;\"><span style=\"font-family: Times New Roman, serif;\"><span style=\"font-size: large;\">\u00cencep\u00e2nd cu ziua de m\u00e2ine, 9 iulie num\u0103rul punctelor de prim ajutor amplasate \u00een sectorul Centru se supline\u0219te, de la 2 la 5.<\/span><\/span><\/span><\/p>\n<p align=\"justify\"><span style=\"color: #050505;\"><span style=\"font-family: Times New Roman, serif;\"><span style=\"font-size: large;\">Ac\u0163iunile vin \u00een contextul valului de canicul\u0103, anun\u0163at de Serviciul Hidrometeorologic de Stat pentru perioada 7-12 iulie, curent.<\/span><\/span><\/span><\/p>\n<p align=\"justify\"><span style=\"color: #050505;\"><span style=\"font-family: Times New Roman, serif;\"><span style=\"font-size: large;\">Locuitorii vor putea beneficia de ap\u0103 potabil\u0103, repaus \u00een confort termic, m\u0103surarea tensiunii arteriale, consulta\u021bii ale asisten\u021bilor medicali \u0219i informa\u021bii din partea reprezentan\u021bilor Prim\u0103riei \u00een urm\u0103toarele loca\u021bii:<\/span><\/span><\/span><\/p>\n<ul>\n<li>\n<p align=\"justify\"><span style=\"color: #050505;\"><span style=\"font-family: Times New Roman, serif;\"><span style=\"font-size: large;\">CC \u201eUNIC\u201d<\/span><\/span><\/span><\/p>\n<\/li>\n<li>\n<p align=\"justify\"><span style=\"color: #050505;\"><span style=\"font-family: Times New Roman, serif;\"><span style=\"font-size: large;\">CC \u201eGemeni\u201d<\/span><\/span><\/span><\/p>\n<\/li>\n<li>\n<p align=\"justify\"><span style=\"color: #050505;\"><span style=\"font-family: Times New Roman, serif;\"><span style=\"font-size: large;\">str. Armeneasc\u0103 intersec\u0163ie cu bd. \u015etefan cel Mare \u015fi Sf\u00e2nt<\/span><\/span><\/span><\/p>\n<\/li>\n<li>\n<p align=\"justify\"><span style=\"color: #050505;\"><span style=\"font-family: Times New Roman, serif;\"><span style=\"font-size: large;\">str. H\u00eence\u0219ti intersec\u021bie cu str. V. Dokuceaev<\/span><\/span><\/span><\/p>\n<\/li>\n<li>\n<p align=\"justify\"><span style=\"color: #050505;\"><span style=\"font-family: Times New Roman, serif;\"><span style=\"font-size: large;\">str. Miori\u021ba, 11<\/span><\/span><\/span><\/p>\n<\/li>\n<li>\n<p align=\"justify\"><span style=\"color: #050505;\"><span style=\"font-family: Times New Roman, serif;\"><span style=\"font-size: large;\">Parcul \u201eValea Morilor\u201d<\/span><\/span><\/span><\/p>\n<\/li>\n<\/ul>\n\n\t\t<\/div>\n\t<\/div>\n\n<div class=\"vc_grid-container-wrapper vc_clearfix vc_grid-animation-fadeIn\">\n\t<div class=\"vc_grid-container vc_clearfix wpb_content_element vc_media_grid\" data-initial-loading-animation=\"fadeIn\" data-vc-grid-settings=\"{&quot;page_id&quot;:80423,&quot;style&quot;:&quot;all&quot;,&quot;action&quot;:&quot;vc_get_vc_grid_data&quot;,&quot;shortcode_id&quot;:&quot;1720454050964-8fc288e7-66ea-9&quot;,&quot;tag&quot;:&quot;vc_media_grid&quot;}\" data-vc-request=\"https:\/\/chisinaucentru.md\/wp-admin\/admin-ajax.php\" data-vc-post-id=\"80423\" data-vc-public-nonce=\"8ed656b19b\">\n\t\t\n\t<\/div>\n<\/div><\/div><\/div><\/div><\/div>","protected":false},"excerpt":{"rendered":"<p>\u00cencep\u00e2nd cu ziua de m\u00e2ine, 9 iulie num\u0103rul punctelor de prim ajutor amplasate \u00een sectorul Centru se supline\u0219te, de la 2 la 5. Ac\u0163iunile vin \u00een contextul valului de canicul\u0103, anun\u0163at de Serviciul Hidrometeorologic de Stat pentru perioada 7-12 iulie, curent. Locuitorii vor putea beneficia de ap\u0103 potabil\u0103, repaus \u00een confort termic, m\u0103surarea tensiunii arteriale,&hellip;<\/p>","protected":false},"author":1,"featured_media":80473,"comment_status":"open","ping_status":"open","sticky":false,"template":"","format":"standard","meta":[],"categories":[244],"tags":[],"acf":[],"_links":{"self":[{"href":"https:\/\/chisinaucentru.md\/en\/wp-json\/wp\/v2\/posts\/80423"}],"collection":[{"href":"https:\/\/chisinaucentru.md\/en\/wp-json\/wp\/v2\/posts"}],"about":[{"href":"https:\/\/chisinaucentru.md\/en\/wp-json\/wp\/v2\/types\/post"}],"author":[{"embeddable":true,"href":"https:\/\/chisinaucentru.md\/en\/wp-json\/wp\/v2\/users\/1"}],"replies":[{"embeddable":true,"href":"https:\/\/chisinaucentru.md\/en\/wp-json\/wp\/v2\/comments?post=80423"}],"version-history":[{"count":3,"href":"https:\/\/chisinaucentru.md\/en\/wp-json\/wp\/v2\/posts\/80423\/revisions"}],"predecessor-version":[{"id":80531,"href":"https:\/\/chisinaucentru.md\/en\/wp-json\/wp\/v2\/posts\/80423\/revisions\/80531"}],"wp:featuredmedia":[{"embeddable":true,"href":"https:\/\/chisinaucentru.md\/en\/wp-json\/wp\/v2\/media\/80473"}],"wp:attachment":[{"href":"https:\/\/chisinaucentru.md\/en\/wp-json\/wp\/v2\/media?parent=80423"}],"wp:term":[{"taxonomy":"category","embeddable":true,"href":"https:\/\/chisinaucentru.md\/en\/wp-json\/wp\/v2\/categories?post=80423"},{"taxonomy":"post_tag","embeddable":true,"href":"https:\/\/chisinaucentru.md\/en\/wp-json\/wp\/v2\/tags?post=80423"}],"curies":[{"name":"wp","href":"https:\/\/api.w.org\/{rel}","templated":true}]}}