{"id":79445,"date":"2024-06-15T08:15:47","date_gmt":"2024-06-15T05:15:47","guid":{"rendered":"https:\/\/chisinaucentru.md\/?p=79445"},"modified":"2024-06-17T21:00:24","modified_gmt":"2024-06-17T18:00:24","slug":"ziua-industriei-usoare-in-sectorul-centru","status":"publish","type":"post","link":"https:\/\/chisinaucentru.md\/en\/ziua-industriei-usoare-in-sectorul-centru\/","title":{"rendered":"Ziua Industriei U\u0219oare \u00een sectorul Centru"},"content":{"rendered":"<div class=\"vc_row wpb_row vc_row-fluid dt-default\" style=\"margin-top: 0px;margin-bottom: 0px\"><div class=\"wpb_column vc_column_container vc_col-sm-12\"><div class=\"vc_column-inner\"><div class=\"wpb_wrapper\">\n\t<div class=\"wpb_text_column wpb_content_element\" >\n\t\t<div class=\"wpb_wrapper\">\n\t\t\t<p align=\"justify\"><span style=\"color: #050505;\"><span style=\"font-family: Times New Roman, serif;\"><span style=\"font-size: large;\">Pretura sectorului Centru \u00een parteneriat cu Centrul de Excelen\u021b\u0103 \u00een Industria U\u0219oar\u0103 a celebrat ast\u0103zi Ziua Industriei U\u0219oare, marcat\u0103 anual \u00een a doua duminic\u0103 a lunii iunie. <\/span><\/span><\/span><\/p>\n<p align=\"justify\"><span style=\"color: #050505;\"><span style=\"font-family: Times New Roman, serif;\"><span style=\"font-size: large;\">Un eveniment expozi\u021bional inedit, cu defil\u0103ri \u0219i master-classuri de frumuse\u021be a avut loc la 15 iunie curent, \u00een Scuarul &#8222;Mihai Eminescu&#8221; din centrul Capitalei.<\/span><\/span><\/span><\/p>\n<p align=\"justify\"><span style=\"color: #050505;\"><span style=\"font-family: Times New Roman, serif;\"><span style=\"font-size: large;\">Ramura industrial\u0103 cu cei mai mul\u021bi consumatori, \u00een cadrul activit\u0103\u021bilor de ast\u0103zi a pus \u00een lumin\u0103 absolventele institu\u021biei de \u00eenv\u0103\u021b\u0103m\u00e2nt de profil din Chi\u0219in\u0103u- creatoare de vestimenta\u021bie, frizeri \u0219i makeup arti\u0219ti, copiii care \u00eenc\u0103 \u00eenva\u021b\u0103 aceste meserii \u0219i profesorii lor.<\/span><\/span><\/span><\/p>\n<p align=\"justify\"><span style=\"color: #050505;\"><span style=\"font-family: Times New Roman, serif;\"><span style=\"font-size: large;\">Cei prezen\u021bi au admirat prezent\u0103ri ale colec\u021biilor vestimentare create de tinerii designeri, au participat la master-classuri de coafur\u0103 \u0219i machiaj, la ateliere de confec\u021bii textile manuale \u0219i multe alte activit\u0103\u021bi atractive.<\/span><\/span><\/span><\/p>\n<p align=\"justify\"><span style=\"color: #050505;\"><span style=\"font-family: Times New Roman, serif;\"><span style=\"font-size: large;\">Dincolo de aspectul estetic al acestora, organizarea unor asemenea demonstra\u021bii reprezint\u0103 o pist\u0103 de promovare a produc\u0103torilor vestimentari locali, de \u00eencurajare a tinerelor talente, de eviden\u021biere a ofertei educa\u021bionale \u00een acest domeniu \u0219i valorificare a artelor frumoase.<\/span><\/span><\/span><\/p>\n<p>\u00a0<\/p>\n\n\t\t<\/div>\n\t<\/div>\n\n<div class=\"vc_grid-container-wrapper vc_clearfix vc_grid-animation-fadeIn\">\n\t<div class=\"vc_grid-container vc_clearfix wpb_content_element vc_media_grid\" data-initial-loading-animation=\"fadeIn\" data-vc-grid-settings=\"{&quot;page_id&quot;:79445,&quot;style&quot;:&quot;all&quot;,&quot;action&quot;:&quot;vc_get_vc_grid_data&quot;,&quot;shortcode_id&quot;:&quot;1718646990485-2edb40fc-d113-3&quot;,&quot;tag&quot;:&quot;vc_media_grid&quot;}\" data-vc-request=\"https:\/\/chisinaucentru.md\/wp-admin\/admin-ajax.php\" data-vc-post-id=\"79445\" data-vc-public-nonce=\"39ce34e9ee\">\n\t\t\n\t<\/div>\n<\/div><\/div><\/div><\/div><\/div>","protected":false},"excerpt":{"rendered":"<p>Pretura sectorului Centru \u00een parteneriat cu Centrul de Excelen\u021b\u0103 \u00een Industria U\u0219oar\u0103 a celebrat ast\u0103zi Ziua Industriei U\u0219oare, marcat\u0103 anual \u00een a doua duminic\u0103 a lunii iunie. Un eveniment expozi\u021bional inedit, cu defil\u0103ri \u0219i master-classuri de frumuse\u021be a avut loc la 15 iunie curent, \u00een Scuarul &#8222;Mihai Eminescu&#8221; din centrul Capitalei. Ramura industrial\u0103 cu cei&hellip;<\/p>","protected":false},"author":1,"featured_media":79531,"comment_status":"open","ping_status":"open","sticky":false,"template":"","format":"standard","meta":[],"categories":[244],"tags":[],"acf":[],"_links":{"self":[{"href":"https:\/\/chisinaucentru.md\/en\/wp-json\/wp\/v2\/posts\/79445"}],"collection":[{"href":"https:\/\/chisinaucentru.md\/en\/wp-json\/wp\/v2\/posts"}],"about":[{"href":"https:\/\/chisinaucentru.md\/en\/wp-json\/wp\/v2\/types\/post"}],"author":[{"embeddable":true,"href":"https:\/\/chisinaucentru.md\/en\/wp-json\/wp\/v2\/users\/1"}],"replies":[{"embeddable":true,"href":"https:\/\/chisinaucentru.md\/en\/wp-json\/wp\/v2\/comments?post=79445"}],"version-history":[{"count":3,"href":"https:\/\/chisinaucentru.md\/en\/wp-json\/wp\/v2\/posts\/79445\/revisions"}],"predecessor-version":[{"id":79532,"href":"https:\/\/chisinaucentru.md\/en\/wp-json\/wp\/v2\/posts\/79445\/revisions\/79532"}],"wp:featuredmedia":[{"embeddable":true,"href":"https:\/\/chisinaucentru.md\/en\/wp-json\/wp\/v2\/media\/79531"}],"wp:attachment":[{"href":"https:\/\/chisinaucentru.md\/en\/wp-json\/wp\/v2\/media?parent=79445"}],"wp:term":[{"taxonomy":"category","embeddable":true,"href":"https:\/\/chisinaucentru.md\/en\/wp-json\/wp\/v2\/categories?post=79445"},{"taxonomy":"post_tag","embeddable":true,"href":"https:\/\/chisinaucentru.md\/en\/wp-json\/wp\/v2\/tags?post=79445"}],"curies":[{"name":"wp","href":"https:\/\/api.w.org\/{rel}","templated":true}]}}