{"id":79443,"date":"2024-06-15T08:11:45","date_gmt":"2024-06-15T05:11:45","guid":{"rendered":"https:\/\/chisinaucentru.md\/?p=79443"},"modified":"2024-06-17T20:59:11","modified_gmt":"2024-06-17T17:59:11","slug":"eminescu-135-de-ani-de-trecere-in-nemurire","status":"publish","type":"post","link":"https:\/\/chisinaucentru.md\/en\/eminescu-135-de-ani-de-trecere-in-nemurire\/","title":{"rendered":"Eminescu- 135 de ani de trecere \u00een nemurire"},"content":{"rendered":"<div class=\"vc_row wpb_row vc_row-fluid dt-default\" style=\"margin-top: 0px;margin-bottom: 0px\"><div class=\"wpb_column vc_column_container vc_col-sm-12\"><div class=\"vc_column-inner\"><div class=\"wpb_wrapper\">\n\t<div class=\"wpb_text_column wpb_content_element\" >\n\t\t<div class=\"wpb_wrapper\">\n\t\t\t<p align=\"justify\"><span style=\"color: #050505;\"><span style=\"font-family: Times New Roman, serif;\"><span style=\"font-size: large;\">Al meu nume o s\u0103-l poarte secolii din gur\u0103-n gur\u0103&#8230;<\/span><\/span><\/span><\/p>\n<p align=\"justify\"><span style=\"color: #050505;\"><span style=\"font-family: Times New Roman, serif;\"><span style=\"font-size: large;\">Centrul eminescian:<\/span><\/span><\/span><\/p>\n<ul>\n<li>\n<p align=\"justify\"><span style=\"color: #050505;\"><span style=\"font-family: Times New Roman, serif;\"><span style=\"font-size: large;\">Strada Mihai Eminescu<\/span><\/span><\/span><\/p>\n<\/li>\n<li>\n<p align=\"justify\"><span style=\"color: #050505;\"><span style=\"font-family: Times New Roman, serif;\"><span style=\"font-size: large;\">Scuarul &#8222;Mihai Eminescu&#8221;<\/span><\/span><\/span><\/p>\n<\/li>\n<li>\n<p align=\"justify\"><span style=\"color: #050505;\"><span style=\"font-family: Times New Roman, serif;\"><span style=\"font-size: large;\">Monumentul lui Mihai Eminescu \u0219i a Veronic\u0103i Micle \u00een scuarul din bd. bd. \u0218tefan cel Mare \u0219i Sf\u00e2nt<\/span><\/span><\/span><\/p>\n<\/li>\n<li>\n<p align=\"justify\"><span style=\"color: #050505;\"><span style=\"font-family: Times New Roman, serif;\"><span style=\"font-size: large;\">Teatrul Na\u021bional &#8222;Mihai Eminescu&#8221; ( bd. \u0218tefan cel Mare \u0219i Sf\u00e2nt, 79)<\/span><\/span><\/span><\/p>\n<\/li>\n<li>\n<p align=\"justify\"><span style=\"color: #050505;\"><span style=\"font-family: Times New Roman, serif;\"><span style=\"font-size: large;\">Institutul cultural rom\u00e2n &#8222;Mihai Eminescu&#8221; (str. Vlaicu P\u00e2rc\u0103lab, 39)<\/span><\/span><\/span><\/p>\n<\/li>\n<\/ul>\n<p align=\"justify\"><span style=\"color: #050505;\"><span style=\"font-family: Times New Roman, serif;\"><span style=\"font-size: large;\">Eminescu de 135 ani ne lumineaz\u0103 pa\u0219ii din ceruri. <\/span><\/span><\/span><\/p>\n<p align=\"justify\"><span style=\"color: #050505;\"><span style=\"font-family: Times New Roman, serif;\"><span style=\"font-size: large;\">\u00cen via\u021ba-i scurt\u0103, geniul Mihai Eminescu a adus poezia la \u00een\u0103l\u021bimi ne\u00eentrecute, a dat cuvintelor valori surprinz\u0103toare, sentimentelor- ad\u00e2ncime unic\u0103.<\/span><\/span><\/span><\/p>\n<p>\u00a0<\/p>\n\n\t\t<\/div>\n\t<\/div>\n\n<div class=\"vc_grid-container-wrapper vc_clearfix vc_grid-animation-fadeIn\">\n\t<div class=\"vc_grid-container vc_clearfix wpb_content_element vc_media_grid\" data-initial-loading-animation=\"fadeIn\" data-vc-grid-settings=\"{&quot;page_id&quot;:79443,&quot;style&quot;:&quot;all&quot;,&quot;action&quot;:&quot;vc_get_vc_grid_data&quot;,&quot;shortcode_id&quot;:&quot;1718647046153-90e637cc-95c3-8&quot;,&quot;tag&quot;:&quot;vc_media_grid&quot;}\" data-vc-request=\"https:\/\/chisinaucentru.md\/wp-admin\/admin-ajax.php\" data-vc-post-id=\"79443\" data-vc-public-nonce=\"39ce34e9ee\">\n\t\t\n\t<\/div>\n<\/div><\/div><\/div><\/div><\/div>","protected":false},"excerpt":{"rendered":"<p>Al meu nume o s\u0103-l poarte secolii din gur\u0103-n gur\u0103&#8230; Centrul eminescian: Strada Mihai Eminescu Scuarul &#8222;Mihai Eminescu&#8221; Monumentul lui Mihai Eminescu \u0219i a Veronic\u0103i Micle \u00een scuarul din bd. bd. \u0218tefan cel Mare \u0219i Sf\u00e2nt Teatrul Na\u021bional &#8222;Mihai Eminescu&#8221; ( bd. \u0218tefan cel Mare \u0219i Sf\u00e2nt, 79) Institutul cultural rom\u00e2n &#8222;Mihai Eminescu&#8221; (str. Vlaicu&hellip;<\/p>","protected":false},"author":1,"featured_media":79395,"comment_status":"open","ping_status":"open","sticky":false,"template":"","format":"standard","meta":[],"categories":[244],"tags":[],"acf":[],"_links":{"self":[{"href":"https:\/\/chisinaucentru.md\/en\/wp-json\/wp\/v2\/posts\/79443"}],"collection":[{"href":"https:\/\/chisinaucentru.md\/en\/wp-json\/wp\/v2\/posts"}],"about":[{"href":"https:\/\/chisinaucentru.md\/en\/wp-json\/wp\/v2\/types\/post"}],"author":[{"embeddable":true,"href":"https:\/\/chisinaucentru.md\/en\/wp-json\/wp\/v2\/users\/1"}],"replies":[{"embeddable":true,"href":"https:\/\/chisinaucentru.md\/en\/wp-json\/wp\/v2\/comments?post=79443"}],"version-history":[{"count":3,"href":"https:\/\/chisinaucentru.md\/en\/wp-json\/wp\/v2\/posts\/79443\/revisions"}],"predecessor-version":[{"id":79526,"href":"https:\/\/chisinaucentru.md\/en\/wp-json\/wp\/v2\/posts\/79443\/revisions\/79526"}],"wp:featuredmedia":[{"embeddable":true,"href":"https:\/\/chisinaucentru.md\/en\/wp-json\/wp\/v2\/media\/79395"}],"wp:attachment":[{"href":"https:\/\/chisinaucentru.md\/en\/wp-json\/wp\/v2\/media?parent=79443"}],"wp:term":[{"taxonomy":"category","embeddable":true,"href":"https:\/\/chisinaucentru.md\/en\/wp-json\/wp\/v2\/categories?post=79443"},{"taxonomy":"post_tag","embeddable":true,"href":"https:\/\/chisinaucentru.md\/en\/wp-json\/wp\/v2\/tags?post=79443"}],"curies":[{"name":"wp","href":"https:\/\/api.w.org\/{rel}","templated":true}]}}