{"id":79013,"date":"2024-06-10T14:36:17","date_gmt":"2024-06-10T11:36:17","guid":{"rendered":"https:\/\/chisinaucentru.md\/?p=79013"},"modified":"2024-06-11T14:40:53","modified_gmt":"2024-06-11T11:40:53","slug":"arderea-vegetatiei-uscate-pe-teritoriul-sectorului-centru-este-strict-interzisa-2","status":"publish","type":"post","link":"https:\/\/chisinaucentru.md\/en\/arderea-vegetatiei-uscate-pe-teritoriul-sectorului-centru-este-strict-interzisa-2\/","title":{"rendered":"Arderea vegeta\u021biei uscate pe teritoriul sectorului Centru este strict interzis\u0103"},"content":{"rendered":"<div class=\"vc_row wpb_row vc_row-fluid dt-default\" style=\"margin-top: 0px;margin-bottom: 0px\"><div class=\"wpb_column vc_column_container vc_col-sm-12\"><div class=\"vc_column-inner\"><div class=\"wpb_wrapper\">\n\t<div class=\"wpb_text_column wpb_content_element\" >\n\t\t<div class=\"wpb_wrapper\">\n\t\t\t<p align=\"justify\"><span style=\"color: #050505;\"><span style=\"font-family: Times New Roman, serif;\"><span style=\"font-size: large;\">\u00cen perioada sezonului estival, cazurile statistice de ardere a vegeta\u021biei \u00eenregistreaz\u0103 o cre\u0219tere, \u00een acela\u0219i timp, vara pericolul focului deschis este mult mai mare. Pentru siguran\u021ba locuitorilor sectorului Centru, aten\u021bion\u0103m repetat despre interzicerea arderii vegeta\u021biei \u00een contextul lucr\u0103rilor de salubrizare. <\/span><\/span><\/span><\/p>\n<p align=\"justify\"><span style=\"color: #050505;\"><span style=\"font-family: Times New Roman, serif;\"><span style=\"font-size: large;\">Conform dispozi\u021biei Pretorului sectorului Centru, Vadim H\u00eencu nr. 9-d din 01.03.2024 \u201dCu privire la neadmiterea arderii de\u0219eurilor, ierbii, crengilor uscate \u0219i altor vegeta\u021bii pe teritoriul sectorului Centru\u201d \u0219i \u00een baza aten\u021bion\u0103rii emise de c\u0103tre Inspectoratul General pentru Situa\u021bii de Urgen\u021b\u0103 din 04.06.2024, incendierea vegeta\u021biei uscate este interzis\u0103 \u0219i reprezint\u0103 infrac\u021biune.<\/span><\/span><\/span><\/p>\n<p align=\"justify\"><span style=\"color: #050505;\"><span style=\"font-family: Times New Roman, serif;\"><span style=\"font-size: large;\">Dac\u0103 observa\u0163i degaj\u0103ri puternice de fum ce pot afecta calitatea aerului, suna\u0163i la num\u0103rul na\u0163ional de urgen\u0163\u0103 112.<\/span><\/span><\/span><\/p>\n\n\t\t<\/div>\n\t<\/div>\n\n<div class=\"vc_grid-container-wrapper vc_clearfix vc_grid-animation-fadeIn\">\n\t<div class=\"vc_grid-container vc_clearfix wpb_content_element vc_media_grid\" data-initial-loading-animation=\"fadeIn\" data-vc-grid-settings=\"{&quot;page_id&quot;:79013,&quot;style&quot;:&quot;all&quot;,&quot;action&quot;:&quot;vc_get_vc_grid_data&quot;,&quot;shortcode_id&quot;:&quot;1718105876336-ae4c8a4c-d6e2-10&quot;,&quot;tag&quot;:&quot;vc_media_grid&quot;}\" data-vc-request=\"https:\/\/chisinaucentru.md\/wp-admin\/admin-ajax.php\" data-vc-post-id=\"79013\" data-vc-public-nonce=\"39ce34e9ee\">\n\t\t\n\t<\/div>\n<\/div><\/div><\/div><\/div><\/div>","protected":false},"excerpt":{"rendered":"<p>\u00cen perioada sezonului estival, cazurile statistice de ardere a vegeta\u021biei \u00eenregistreaz\u0103 o cre\u0219tere, \u00een acela\u0219i timp, vara pericolul focului deschis este mult mai mare. Pentru siguran\u021ba locuitorilor sectorului Centru, aten\u021bion\u0103m repetat despre interzicerea arderii vegeta\u021biei \u00een contextul lucr\u0103rilor de salubrizare. Conform dispozi\u021biei Pretorului sectorului Centru, Vadim H\u00eencu nr. 9-d din 01.03.2024 \u201dCu privire la neadmiterea&hellip;<\/p>","protected":false},"author":1,"featured_media":79020,"comment_status":"open","ping_status":"open","sticky":false,"template":"","format":"standard","meta":[],"categories":[244],"tags":[],"acf":[],"_links":{"self":[{"href":"https:\/\/chisinaucentru.md\/en\/wp-json\/wp\/v2\/posts\/79013"}],"collection":[{"href":"https:\/\/chisinaucentru.md\/en\/wp-json\/wp\/v2\/posts"}],"about":[{"href":"https:\/\/chisinaucentru.md\/en\/wp-json\/wp\/v2\/types\/post"}],"author":[{"embeddable":true,"href":"https:\/\/chisinaucentru.md\/en\/wp-json\/wp\/v2\/users\/1"}],"replies":[{"embeddable":true,"href":"https:\/\/chisinaucentru.md\/en\/wp-json\/wp\/v2\/comments?post=79013"}],"version-history":[{"count":3,"href":"https:\/\/chisinaucentru.md\/en\/wp-json\/wp\/v2\/posts\/79013\/revisions"}],"predecessor-version":[{"id":79075,"href":"https:\/\/chisinaucentru.md\/en\/wp-json\/wp\/v2\/posts\/79013\/revisions\/79075"}],"wp:featuredmedia":[{"embeddable":true,"href":"https:\/\/chisinaucentru.md\/en\/wp-json\/wp\/v2\/media\/79020"}],"wp:attachment":[{"href":"https:\/\/chisinaucentru.md\/en\/wp-json\/wp\/v2\/media?parent=79013"}],"wp:term":[{"taxonomy":"category","embeddable":true,"href":"https:\/\/chisinaucentru.md\/en\/wp-json\/wp\/v2\/categories?post=79013"},{"taxonomy":"post_tag","embeddable":true,"href":"https:\/\/chisinaucentru.md\/en\/wp-json\/wp\/v2\/tags?post=79013"}],"curies":[{"name":"wp","href":"https:\/\/api.w.org\/{rel}","templated":true}]}}