{"id":78626,"date":"2024-06-03T15:55:06","date_gmt":"2024-06-03T12:55:06","guid":{"rendered":"https:\/\/chisinaucentru.md\/?p=78626"},"modified":"2024-06-03T15:53:40","modified_gmt":"2024-06-03T12:53:40","slug":"avertizare-meteorologica-2","status":"publish","type":"post","link":"https:\/\/chisinaucentru.md\/en\/avertizare-meteorologica-2\/","title":{"rendered":"Avertizare meteorologic\u0103"},"content":{"rendered":"<div class=\"vc_row wpb_row vc_row-fluid dt-default\" style=\"margin-top: 0px;margin-bottom: 0px\"><div class=\"wpb_column vc_column_container vc_col-sm-12\"><div class=\"vc_column-inner\"><div class=\"wpb_wrapper\">\n\t<div class=\"wpb_text_column wpb_content_element\" >\n\t\t<div class=\"wpb_wrapper\">\n\t\t\t<p align=\"justify\"><span style=\"color: #050505;\"><span style=\"font-family: Times New Roman, serif;\"><span style=\"font-size: large;\">ATEN\u021aIE, Cod galben de instabilitate atmosferic\u0103. Se prev\u0103d ploi cu averse puternice \u0219i intensific\u0103ri ale v\u00e2ntului.<\/span><\/span><\/span><\/p>\n<p align=\"justify\"><span style=\"color: #050505;\"><span style=\"font-family: Times New Roman, serif;\"><span style=\"font-size: large;\">Potrivit Serviciului Meteorologic de Stat, \u00een perioada 3-4 iunie, se anun\u021b\u0103 Cod galben de instabilitate atmosferic\u0103 pe tot teritoriul Republicii Moldova. Se a\u0219teapt\u0103 ploi de scurt\u0103 durat\u0103, izolat averse puternice \u0219i intensific\u0103ri ale v\u00e2ntului.<\/span><\/span><\/span><\/p>\n<p align=\"justify\"><span style=\"color: #050505;\"><span style=\"font-family: Times New Roman, serif;\"><span style=\"font-size: large;\">Averizarea este valabil\u0103 de la 21:00 p\u00e2n\u0103 la 05:00.<\/span><\/span><\/span><\/p>\n<p align=\"justify\"><span style=\"color: #050505;\"><span style=\"font-family: Times New Roman, serif;\"><span style=\"font-size: large;\">\u00cen acest context, Prim\u0103ria Municipiului Chi\u0219in\u0103u face apel c\u0103tre locuitorii \u0219i oaspe\u021bii Capitalei, s\u0103 dea dovad\u0103 de pruden\u021b\u0103, pentru a-\u0219i proteja s\u0103n\u0103tatea \u0219i bunurile materiale.<\/span><\/span><\/span><\/p>\n<p align=\"justify\"><span style=\"color: #050505;\"><span style=\"font-family: Times New Roman, serif;\"><span style=\"font-size: large;\">De asemenea, pentru a preveni eventuale incidente, provocate de precipita\u021bii abundente, cet\u0103\u021benii care se afl\u0103 \u00een afara locuin\u021bei sunt \u00eendemna\u021bi s\u0103 se ad\u0103posteasc\u0103 \u00een locuri sigure \u0219i s\u0103 evite aflarea sub arbori b\u0103tr\u00e2ni. Iar automobili\u0219ti s\u0103 fie pruden\u021bi la drum \u0219i s\u0103 ocoleasc\u0103 \u0219antierele \u00een lucru \/ drumurile aflate \u00een repara\u021bie, pentru c\u0103 se pot forma acumul\u0103ri de ap\u0103 \u0219i de pietri\u0219.<\/span><\/span><\/span><\/p>\n<p align=\"justify\"><span style=\"color: #050505;\"><span style=\"font-family: Times New Roman, serif;\"><span style=\"font-size: large;\">Autorit\u0103\u021bile municipale sunt preg\u0103tite \u0219i vor interveni \u00een teren dup\u0103 caz.<\/span><\/span><\/span><\/p>\n<p align=\"justify\"><span style=\"color: #050505;\"><span style=\"font-family: Times New Roman, serif;\"><span style=\"font-size: large;\">\u00cen cazul \u00eenregistr\u0103rii situa\u021biilor problematice, \u00een urma averselor, locuitorii ora\u0219ului sunt \u00eendemna\u021bi s\u0103 apeleze Dispeceratul Central Municipal, tel. (022) 22-22-67, (022) 22-26-04 sau s\u0103 sune la num\u0103rul unic de urgen\u021b\u0103 112.<\/span><\/span><\/span><\/p>\n<p>&nbsp;<\/p>\n\n\t\t<\/div>\n\t<\/div>\n\n<div class=\"vc_grid-container-wrapper vc_clearfix vc_grid-animation-fadeIn\">\n\t<div class=\"vc_grid-container vc_clearfix wpb_content_element vc_media_grid\" data-initial-loading-animation=\"fadeIn\" data-vc-grid-settings=\"{&quot;page_id&quot;:78626,&quot;style&quot;:&quot;all&quot;,&quot;action&quot;:&quot;vc_get_vc_grid_data&quot;,&quot;shortcode_id&quot;:&quot;1717419205098-3e795807-67ab-9&quot;,&quot;tag&quot;:&quot;vc_media_grid&quot;}\" data-vc-request=\"https:\/\/chisinaucentru.md\/wp-admin\/admin-ajax.php\" data-vc-post-id=\"78626\" data-vc-public-nonce=\"71e3d605dc\">\n\t\t\n\t<\/div>\n<\/div><\/div><\/div><\/div><\/div>","protected":false},"excerpt":{"rendered":"<p>ATEN\u021aIE, Cod galben de instabilitate atmosferic\u0103. Se prev\u0103d ploi cu averse puternice \u0219i intensific\u0103ri ale v\u00e2ntului. Potrivit Serviciului Meteorologic de Stat, \u00een perioada 3-4 iunie, se anun\u021b\u0103 Cod galben de instabilitate atmosferic\u0103 pe tot teritoriul Republicii Moldova. Se a\u0219teapt\u0103 ploi de scurt\u0103 durat\u0103, izolat averse puternice \u0219i intensific\u0103ri ale v\u00e2ntului. Averizarea este valabil\u0103 de la&hellip;<\/p>","protected":false},"author":1,"featured_media":78645,"comment_status":"open","ping_status":"open","sticky":false,"template":"","format":"standard","meta":[],"categories":[244],"tags":[],"acf":[],"_links":{"self":[{"href":"https:\/\/chisinaucentru.md\/en\/wp-json\/wp\/v2\/posts\/78626"}],"collection":[{"href":"https:\/\/chisinaucentru.md\/en\/wp-json\/wp\/v2\/posts"}],"about":[{"href":"https:\/\/chisinaucentru.md\/en\/wp-json\/wp\/v2\/types\/post"}],"author":[{"embeddable":true,"href":"https:\/\/chisinaucentru.md\/en\/wp-json\/wp\/v2\/users\/1"}],"replies":[{"embeddable":true,"href":"https:\/\/chisinaucentru.md\/en\/wp-json\/wp\/v2\/comments?post=78626"}],"version-history":[{"count":2,"href":"https:\/\/chisinaucentru.md\/en\/wp-json\/wp\/v2\/posts\/78626\/revisions"}],"predecessor-version":[{"id":78658,"href":"https:\/\/chisinaucentru.md\/en\/wp-json\/wp\/v2\/posts\/78626\/revisions\/78658"}],"wp:featuredmedia":[{"embeddable":true,"href":"https:\/\/chisinaucentru.md\/en\/wp-json\/wp\/v2\/media\/78645"}],"wp:attachment":[{"href":"https:\/\/chisinaucentru.md\/en\/wp-json\/wp\/v2\/media?parent=78626"}],"wp:term":[{"taxonomy":"category","embeddable":true,"href":"https:\/\/chisinaucentru.md\/en\/wp-json\/wp\/v2\/categories?post=78626"},{"taxonomy":"post_tag","embeddable":true,"href":"https:\/\/chisinaucentru.md\/en\/wp-json\/wp\/v2\/tags?post=78626"}],"curies":[{"name":"wp","href":"https:\/\/api.w.org\/{rel}","templated":true}]}}