{"id":78404,"date":"2024-05-31T18:05:17","date_gmt":"2024-05-31T15:05:17","guid":{"rendered":"https:\/\/chisinaucentru.md\/?p=78404"},"modified":"2024-06-03T15:08:05","modified_gmt":"2024-06-03T12:08:05","slug":"scoala-securitatii-2024-impreuna-reducem-riscurile","status":"publish","type":"post","link":"https:\/\/chisinaucentru.md\/en\/scoala-securitatii-2024-impreuna-reducem-riscurile\/","title":{"rendered":"\u0218coala Securit\u0103\u021bii 2024- \u00cempreun\u0103 reducem riscurile"},"content":{"rendered":"<div class=\"vc_row wpb_row vc_row-fluid dt-default\" style=\"margin-top: 0px;margin-bottom: 0px\"><div class=\"wpb_column vc_column_container vc_col-sm-12\"><div class=\"vc_column-inner\"><div class=\"wpb_wrapper\">\n\t<div class=\"wpb_text_column wpb_content_element\" >\n\t\t<div class=\"wpb_wrapper\">\n\t\t\t<p align=\"justify\"><span style=\"color: #050505;\"><span style=\"font-family: Times New Roman, serif;\"><span style=\"font-size: large;\">Vicepretorul sectorului Centru, Sergiu Andrian a participat ieri la evenimentul de \u00eenchidere a competi\u021biei na\u021bionale \u0218coala Securit\u0103\u021bii, cu genericul \u201e\u00cempreun\u0103 reducem riscurile\u201d, edi\u021bia 2024, organizat\u0103 de IGSU \u00een colaborare cu parteneri ai administra\u021biei publice \u0219i ai sectorului asociativ.<\/span><\/span><\/span><\/p>\n<p align=\"justify\"><span style=\"color: #050505;\"><span style=\"font-family: Times New Roman, serif;\"><span style=\"font-size: large;\">Concursul s-a desf\u0103\u0219urat \u00een perioada 28-30 mai, cu implicarea a 1300 de copii \u00een v\u00e2rst\u0103 de 15-17 ani din Chi\u0219in\u0103u, Edine\u021b, Soroca, B\u0103l\u021bi, Ungheni, Orhei, H\u00e2nce\u0219ti, C\u0103u\u0219eni, Cahul \u0219i UTA G\u0103g\u0103uzia.<\/span><\/span><\/span><\/p>\n<p align=\"justify\"><span style=\"color: #050505;\"><span style=\"font-family: Times New Roman, serif;\"><span style=\"font-size: large;\">Din sectorul Centru al municipiului Chi\u0219in\u0103u au participat elevii Liceului Teoretic \u201eMihail Ko\u021biubinski\u201d \u0219i ai Liceului Teoretic \u201eVasile Lupu\u201d.<\/span><\/span><\/span><\/p>\n<p align=\"justify\"><span style=\"color: #050505;\"><span style=\"font-family: Times New Roman, serif;\"><span style=\"font-size: large;\">Pe parcursul a trei zilei, elevii au dob\u00e2ndit cuno\u0219tin\u021be \u0219i deprinderi de reac\u021bionare corect\u0103 \u00een diverse situa\u021bii de risc, implic\u00e2ndu-se activ \u00een ateliere de lucru \u0219i concursuri instructiv-educative. <\/span><\/span><\/span><\/p>\n<p align=\"justify\"><span style=\"color: #050505;\"><span style=\"font-family: Times New Roman, serif;\"><span style=\"font-size: large;\">\u00cen cadrul competi\u021biei \u0218coala Securit\u0103\u021bii copiii au trecut prin diverse probe practice \u0219i teoretice, incluz\u00e2nd probe de echipare, \u0219tafete combinate, instruiri \u00een acordarea primului ajutor medical, stingerea incendiilor folosind sting\u0103toarele, dar \u0219i probe artistice, unde au putut s\u0103-\u0219i exprime creativitatea \u0219i spiritul de echip\u0103.<\/span><\/span><\/span><\/p>\n<p align=\"justify\"><span style=\"color: #050505;\"><span style=\"font-family: Times New Roman, serif;\"><span style=\"font-size: large;\">Vicepretorul a venit s\u0103 sus\u021bin\u0103 copiii din sector, felicit\u00e2ndu-i pentru rezultate \u0219i noi abilit\u0103\u021bi dob\u00e2ndite. De asemenea, a men\u021bionat angajamentul comun al autorit\u0103\u021bilor publice pentru instruirea \u0219i preg\u0103tirea noii genera\u021bii \u00een fa\u021ba diverselor riscuri, educ\u00e2nd un comportament responsabil de reac\u021bie \u00een situa\u021bii excep\u021bionale.<\/span><\/span><\/span><\/p>\n<p>\u00a0<\/p>\n\n\t\t<\/div>\n\t<\/div>\n\n<div class=\"vc_grid-container-wrapper vc_clearfix vc_grid-animation-fadeIn\">\n\t<div class=\"vc_grid-container vc_clearfix wpb_content_element vc_media_grid\" data-initial-loading-animation=\"fadeIn\" data-vc-grid-settings=\"{&quot;page_id&quot;:78404,&quot;style&quot;:&quot;all&quot;,&quot;action&quot;:&quot;vc_get_vc_grid_data&quot;,&quot;shortcode_id&quot;:&quot;1717416348618-64e29fec-aa6b-3&quot;,&quot;tag&quot;:&quot;vc_media_grid&quot;}\" data-vc-request=\"https:\/\/chisinaucentru.md\/wp-admin\/admin-ajax.php\" data-vc-post-id=\"78404\" data-vc-public-nonce=\"39ce34e9ee\">\n\t\t\n\t<\/div>\n<\/div><\/div><\/div><\/div><\/div>","protected":false},"excerpt":{"rendered":"<p>Vicepretorul sectorului Centru, Sergiu Andrian a participat ieri la evenimentul de \u00eenchidere a competi\u021biei na\u021bionale \u0218coala Securit\u0103\u021bii, cu genericul \u201e\u00cempreun\u0103 reducem riscurile\u201d, edi\u021bia 2024, organizat\u0103 de IGSU \u00een colaborare cu parteneri ai administra\u021biei publice \u0219i ai sectorului asociativ. Concursul s-a desf\u0103\u0219urat \u00een perioada 28-30 mai, cu implicarea a 1300 de copii \u00een v\u00e2rst\u0103 de 15-17&hellip;<\/p>","protected":false},"author":1,"featured_media":78407,"comment_status":"open","ping_status":"open","sticky":false,"template":"","format":"standard","meta":[],"categories":[244],"tags":[],"acf":[],"_links":{"self":[{"href":"https:\/\/chisinaucentru.md\/en\/wp-json\/wp\/v2\/posts\/78404"}],"collection":[{"href":"https:\/\/chisinaucentru.md\/en\/wp-json\/wp\/v2\/posts"}],"about":[{"href":"https:\/\/chisinaucentru.md\/en\/wp-json\/wp\/v2\/types\/post"}],"author":[{"embeddable":true,"href":"https:\/\/chisinaucentru.md\/en\/wp-json\/wp\/v2\/users\/1"}],"replies":[{"embeddable":true,"href":"https:\/\/chisinaucentru.md\/en\/wp-json\/wp\/v2\/comments?post=78404"}],"version-history":[{"count":3,"href":"https:\/\/chisinaucentru.md\/en\/wp-json\/wp\/v2\/posts\/78404\/revisions"}],"predecessor-version":[{"id":78445,"href":"https:\/\/chisinaucentru.md\/en\/wp-json\/wp\/v2\/posts\/78404\/revisions\/78445"}],"wp:featuredmedia":[{"embeddable":true,"href":"https:\/\/chisinaucentru.md\/en\/wp-json\/wp\/v2\/media\/78407"}],"wp:attachment":[{"href":"https:\/\/chisinaucentru.md\/en\/wp-json\/wp\/v2\/media?parent=78404"}],"wp:term":[{"taxonomy":"category","embeddable":true,"href":"https:\/\/chisinaucentru.md\/en\/wp-json\/wp\/v2\/categories?post=78404"},{"taxonomy":"post_tag","embeddable":true,"href":"https:\/\/chisinaucentru.md\/en\/wp-json\/wp\/v2\/tags?post=78404"}],"curies":[{"name":"wp","href":"https:\/\/api.w.org\/{rel}","templated":true}]}}