{"id":77886,"date":"2024-05-23T17:15:31","date_gmt":"2024-05-23T14:15:31","guid":{"rendered":"https:\/\/chisinaucentru.md\/?p=77886"},"modified":"2024-05-23T17:19:45","modified_gmt":"2024-05-23T14:19:45","slug":"pretorul-sectorului-centru-vadim-hincu-in-sedinta-de-lucru-cu-managerii-serviciilor-de-sector","status":"publish","type":"post","link":"https:\/\/chisinaucentru.md\/en\/pretorul-sectorului-centru-vadim-hincu-in-sedinta-de-lucru-cu-managerii-serviciilor-de-sector\/","title":{"rendered":"Pretorul sectorului Centru, Vadim H\u00eencu \u00een \u0219edin\u021b\u0103 de lucru cu managerii serviciilor de sector"},"content":{"rendered":"<div class=\"vc_row wpb_row vc_row-fluid dt-default\" style=\"margin-top: 0px;margin-bottom: 0px\"><div class=\"wpb_column vc_column_container vc_col-sm-12\"><div class=\"vc_column-inner\"><div class=\"wpb_wrapper\">\n\t<div class=\"wpb_text_column wpb_content_element\" >\n\t\t<div class=\"wpb_wrapper\">\n\t\t\t<p align=\"justify\"><span style=\"color: #050505;\"><span style=\"font-family: Times New Roman, serif;\"><span style=\"font-size: large;\">La 23 mai, Pretorul sectorului Centru, Vadim H\u00eencu a reunit \u00een \u0219edin\u021b\u0103 \u0219efii tuturor \u00eentreprinderilor municipale de sector, direc\u021biile \u0219i serviciile de profil. Sesiunea de discu\u021bii s-a axat pe raportarea activit\u0103\u021bii din teren a serviciilor, aspecte de dezvoltare \u00een comun a sectorului Centru, abordarea multidimensional\u0103 \u00een implementarea proiectelor din sector, consolidarea eforturilor \u00eentru solu\u021bionarea problemelor \u0219i necesit\u0103\u021bilor locuitorilor.<\/span><\/span><\/span><\/p>\n<p align=\"justify\"><span style=\"color: #050505;\"><span style=\"font-family: Times New Roman, serif;\"><span style=\"font-size: large;\">\u0218efii de servicii \u0219i direc\u021bii au prezentat Pretorului informa\u021bii detaliate cu referire la lucr\u0103rile executate \u0219i planificate \u00een domeniul edilitar \u0219i social, cu accent pe necesitatea \u00eembun\u0103t\u0103\u021birii serviciilor oferite popula\u021biei.<\/span><\/span><\/span><\/p>\n\n\t\t<\/div>\n\t<\/div>\n\n<div class=\"vc_grid-container-wrapper vc_clearfix vc_grid-animation-fadeIn\">\n\t<div class=\"vc_grid-container vc_clearfix wpb_content_element vc_media_grid\" data-initial-loading-animation=\"fadeIn\" data-vc-grid-settings=\"{&quot;page_id&quot;:77886,&quot;style&quot;:&quot;all&quot;,&quot;action&quot;:&quot;vc_get_vc_grid_data&quot;,&quot;shortcode_id&quot;:&quot;1716473791020-90c309cf-8136-1&quot;,&quot;tag&quot;:&quot;vc_media_grid&quot;}\" data-vc-request=\"https:\/\/chisinaucentru.md\/wp-admin\/admin-ajax.php\" data-vc-post-id=\"77886\" data-vc-public-nonce=\"b7e9f1e002\">\n\t\t\n\t<\/div>\n<\/div><\/div><\/div><\/div><\/div>","protected":false},"excerpt":{"rendered":"<p>La 23 mai, Pretorul sectorului Centru, Vadim H\u00eencu a reunit \u00een \u0219edin\u021b\u0103 \u0219efii tuturor \u00eentreprinderilor municipale de sector, direc\u021biile \u0219i serviciile de profil. Sesiunea de discu\u021bii s-a axat pe raportarea activit\u0103\u021bii din teren a serviciilor, aspecte de dezvoltare \u00een comun a sectorului Centru, abordarea multidimensional\u0103 \u00een implementarea proiectelor din sector, consolidarea eforturilor \u00eentru solu\u021bionarea problemelor&hellip;<\/p>","protected":false},"author":1,"featured_media":77892,"comment_status":"open","ping_status":"open","sticky":false,"template":"","format":"standard","meta":[],"categories":[244],"tags":[],"acf":[],"_links":{"self":[{"href":"https:\/\/chisinaucentru.md\/en\/wp-json\/wp\/v2\/posts\/77886"}],"collection":[{"href":"https:\/\/chisinaucentru.md\/en\/wp-json\/wp\/v2\/posts"}],"about":[{"href":"https:\/\/chisinaucentru.md\/en\/wp-json\/wp\/v2\/types\/post"}],"author":[{"embeddable":true,"href":"https:\/\/chisinaucentru.md\/en\/wp-json\/wp\/v2\/users\/1"}],"replies":[{"embeddable":true,"href":"https:\/\/chisinaucentru.md\/en\/wp-json\/wp\/v2\/comments?post=77886"}],"version-history":[{"count":3,"href":"https:\/\/chisinaucentru.md\/en\/wp-json\/wp\/v2\/posts\/77886\/revisions"}],"predecessor-version":[{"id":77918,"href":"https:\/\/chisinaucentru.md\/en\/wp-json\/wp\/v2\/posts\/77886\/revisions\/77918"}],"wp:featuredmedia":[{"embeddable":true,"href":"https:\/\/chisinaucentru.md\/en\/wp-json\/wp\/v2\/media\/77892"}],"wp:attachment":[{"href":"https:\/\/chisinaucentru.md\/en\/wp-json\/wp\/v2\/media?parent=77886"}],"wp:term":[{"taxonomy":"category","embeddable":true,"href":"https:\/\/chisinaucentru.md\/en\/wp-json\/wp\/v2\/categories?post=77886"},{"taxonomy":"post_tag","embeddable":true,"href":"https:\/\/chisinaucentru.md\/en\/wp-json\/wp\/v2\/tags?post=77886"}],"curies":[{"name":"wp","href":"https:\/\/api.w.org\/{rel}","templated":true}]}}