{"id":77833,"date":"2024-05-22T18:00:13","date_gmt":"2024-05-22T15:00:13","guid":{"rendered":"https:\/\/chisinaucentru.md\/?p=77833"},"modified":"2024-05-22T18:23:56","modified_gmt":"2024-05-22T15:23:56","slug":"suspendarea-traficului-rutier-pe-bd-stefan-cel-mare-si-sfant-in-legatura-cu-desfasurarea-competitiei-sportive-legal-half-marathon-chisinau","status":"publish","type":"post","link":"https:\/\/chisinaucentru.md\/en\/suspendarea-traficului-rutier-pe-bd-stefan-cel-mare-si-sfant-in-legatura-cu-desfasurarea-competitiei-sportive-legal-half-marathon-chisinau\/","title":{"rendered":"Suspendarea traficului rutier pe bd. \u0218tefan cel Mare \u0219i Sf\u00e2nt, \u00een leg\u0103tur\u0103 cu desf\u0103\u0219urarea competi\u021biei sportive \u201eLegal Half Marathon Chi\u0219in\u0103u\u201d"},"content":{"rendered":"<div class=\"vc_row wpb_row vc_row-fluid dt-default\" style=\"margin-top: 0px;margin-bottom: 0px\"><div class=\"wpb_column vc_column_container vc_col-sm-12\"><div class=\"vc_column-inner\"><div class=\"wpb_wrapper\">\n\t<div class=\"wpb_text_column wpb_content_element\" >\n\t\t<div class=\"wpb_wrapper\">\n\t\t\t<p align=\"justify\"><span style=\"color: #050505;\"><span style=\"font-family: Times New Roman, serif;\"><span style=\"font-size: large;\">Pretura sectorului Centru informeaz\u0103 c\u0103 duminic\u0103: <\/span><\/span><\/span><span style=\"color: #050505;\"><span style=\"font-family: Cambria Math, serif;\"><span style=\"font-size: large;\">26 mai<\/span><\/span><\/span><span style=\"color: #050505;\"><span style=\"font-family: Times New Roman, serif;\"><span style=\"font-size: large;\">, \u00eentre orele: 00:00 \u2013 18:00, va fi suspendat traficul rutier pe bd. \u0218tefan cel Mare \u0219i Sf\u00e2nt, tronsonul cuprins \u00eentre str. Ismail \u0219i str. Mihai Viteazul, inclusiv la traversarea intersec\u021biilor pe tronsonul nominalizat.<\/span><\/span><\/span><\/p>\n<p align=\"justify\"><span style=\"color: #050505;\"><span style=\"font-family: Times New Roman, serif;\"><span style=\"font-size: large;\">M\u0103sura a fost luat\u0103 \u00een leg\u0103tur\u0103 cu desf\u0103\u0219urarea unui maraton sportiv cu genericul \u201eLegal Half Marathon Chi\u0219in\u0103u\u201d, organizat de AO \u201eUniunea Juri\u0219tilor din Moldova\u201d, \u00een colaborare cu Prim\u0103ria Chi\u0219in\u0103u. <\/span><\/span><\/span><\/p>\n<p align=\"justify\"><span style=\"color: #050505;\"><span style=\"font-family: Times New Roman, serif;\"><span style=\"font-size: large;\">\u00cen perioada men\u021bionat\u0103, transportul public care traverseaz\u0103 centrul ora\u0219ului va fi redirec\u021bionat pe str\u0103zile adiacente, dup\u0103 cum urmeaz\u0103:<\/span><\/span><\/span><\/p>\n<p align=\"justify\"><span style=\"color: #050505;\"><span style=\"font-family: Times New Roman, serif;\"><span style=\"font-size: large;\">TROLEIBUZE:<\/span><\/span><\/span><\/p>\n<p align=\"justify\"><span style=\"color: #050505;\"><span style=\"font-family: Times New Roman, serif;\"><span style=\"font-size: large;\">Rutele nr. 1, nr. 5, nr. 8 \u0219i nr. 22, \u00een direc\u021bii G\u0103rii \u2013 de pe bd. \u0218tefan cel Mare \u0219i Sf\u00e2nt pe str. A. \u0218ciusev, str. Bucure\u0219ti, str. Ciuflea \u0219i \u00een continuare pe traseele stabilite; \u00een direc\u021bia Pie\u021bei Dimitrie Cantemir \u2013 de pe bd. C. Negruzzi pe str. Ciuflea, str. Bucure\u0219ti, str. A. \u0218ciusev, str. Mihai Viteazul, str. Columna, str. Henri Coand\u0103, Pia\u021ba Dimitrie Cantemir \u0219i \u00een continuare pe traseele stabilite;<\/span><\/span><\/span><\/p>\n<p align=\"justify\"><span style=\"color: #050505;\"><span style=\"font-family: Times New Roman, serif;\"><span style=\"font-size: large;\">Ruta nr. 4, \u00een direc\u021bia G\u0103rii: de pe str. A. \u0218ciusev pe str. Bucure\u0219ti, str. Ciuflea, bd. C. Negruzzi \u0219i \u00een continuare pe traseul stabilit; \u00een direc\u021bia spre sectorul Buiucani: de pe bd. C. Negruzzi pe str. Ciuflea, str. Bucure\u0219ti \u0219i \u00een continuare pe traseul stabilit;<\/span><\/span><\/span><\/p>\n<p align=\"justify\"><span style=\"color: #050505;\"><span style=\"font-family: Times New Roman, serif;\"><span style=\"font-size: large;\">Ruta nr. 2, de pe str. Gheorghe Asachi pe str\u0103zile: Pan Halippa, Ismail, bd. \u0218tefan cel Mare \u0219i Sf\u00e2nt \u0219i \u00een continuare pe traseul stabilit;<\/span><\/span><\/span><\/p>\n<p align=\"justify\"><span style=\"color: #050505;\"><span style=\"font-family: Times New Roman, serif;\"><span style=\"font-size: large;\">Itinerarul rutelor nr. 7, nr. 12, nr. 25, nr. 16 \u0219i nr. 32 \u2013 se scurteaz\u0103 p\u00e2n\u0103 la str. Columna.<\/span><\/span><\/span><\/p>\n<p align=\"justify\"><span style=\"color: #050505;\"><span style=\"font-family: Times New Roman, serif;\"><span style=\"font-size: large;\">Itinerarul rutei nr. 10 se divizeaz\u0103 \u00een dou\u0103 p\u0103r\u021bi:<\/span><\/span><\/span><\/p>\n<p align=\"justify\"><span style=\"color: #050505;\"><span style=\"font-family: Times New Roman, serif;\"><span style=\"font-size: large;\">ruta nr. 10A: bd. Moscova \u2013 str. Columna;<\/span><\/span><\/span><\/p>\n<p align=\"justify\"><span style=\"color: #050505;\"><span style=\"font-family: Times New Roman, serif;\"><span style=\"font-size: large;\">ruta nr. 10B: str. Miori\u021ba \u2013 str. Bucure\u0219ti.<\/span><\/span><\/span><\/p>\n<p align=\"justify\"><span style=\"color: #050505;\"><span style=\"font-family: Times New Roman, serif;\"><span style=\"font-size: large;\">Ruta nr. 20, \u00een direc\u021bia str. V. Dokuceaev: de pe bd. C. Negruzzi pe str. Ciuflea, str. Bucure\u0219ti, str. Mitropolit G. B\u0103nulescu \u2013 Bodoni, str. A. Mateevici, str. V. Alecsandri \u0219i \u00een continuare pe traseul stabilit;<\/span><\/span><\/span><\/p>\n<p align=\"justify\"><span style=\"color: #050505;\"><span style=\"font-family: Times New Roman, serif;\"><span style=\"font-size: large;\">Rutele nr. 24 \u0219i nr. 28\u2013 se suspend\u0103 pe durata activit\u0103\u021bilor;<\/span><\/span><\/span><\/p>\n<p align=\"justify\"><span style=\"color: #050505;\"><span style=\"font-family: Times New Roman, serif;\"><span style=\"font-size: large;\">Ruta nr. 29 \u2013 de pe str. Petricani pe str. Mihai Viteazul, str. Columna, str. Henri Coand\u0103, Pia\u021ba Dimitrie Cantemir, Calea Ie\u0219ilor, cu \u00eentoarcere la Parcul \u201eAlunelul\u201d; iar \u00een direc\u021bia str. Mirce\u0219ti \u2013 de pe str. Calea Ie\u0219ilor pe bd. \u0218tefan cel Mare \u0219i Sf\u00e2nt, str. Mihai Viteazul \u0219i \u00een continuare pe traseul stabilit;<\/span><\/span><\/span><\/p>\n<p align=\"justify\"><span style=\"color: #050505;\"><span style=\"font-family: Times New Roman, serif;\"><span style=\"font-size: large;\">Ruta nr. 30 \u2013 se scurteaz\u0103 p\u00e2n\u0103 la str. Ismail.<\/span><\/span><\/span><\/p>\n<p align=\"justify\"><span style=\"color: #050505;\"><span style=\"font-family: Times New Roman, serif;\"><span style=\"font-size: large;\">Ruta nr. 34 \u2013 se scurteaz\u0103 p\u00e2n\u0103 la str. Mihai Viteazul, dup\u0103 cum urmeaz\u0103: de pe Calea Ie\u0219ilor pe bd. \u0218tefan cel Mare \u0219i Sf\u00e2nt, str. Mihai Viteazul, str. Columna, str. Henri Coand\u0103, Pia\u021ba Dimitrie Cantemir, Calea Ie\u0219ilor \u0219i \u00een continuare pe traseul stabilit;<\/span><\/span><\/span><\/p>\n<p align=\"justify\"><span style=\"color: #050505;\"><span style=\"font-family: Times New Roman, serif;\"><span style=\"font-size: large;\">Ruta nr. 36 \u2013 de pe str. Gh. Asachi pe str. Pan Halippa, str. Ismail, bd. \u0218tefan cel Mare \u0219i Sf\u00e2nt, bd. C. Negruzzi, bd. D. Cantemir, str. Ismail, str. Pan Halippa, \u0219os. H\u00e2nce\u0219ti \u0219i \u00een continuare pe traseul stabilit;<\/span><\/span><\/span><\/p>\n<p align=\"justify\"><span style=\"color: #050505;\"><span style=\"font-family: Times New Roman, serif;\"><span style=\"font-size: large;\">AUTOBUZE:<\/span><\/span><\/span><\/p>\n<p align=\"justify\"><span style=\"color: #050505;\"><span style=\"font-family: Times New Roman, serif;\"><span style=\"font-size: large;\">Ruta nr. 5, se modific\u0103 dup\u0103 cum urmeaz\u0103: tur \u2013 de pe bd. Iu. Gagarin pe bd. D. Cantemir, str. Ismail, str. Alexandru cel Bun, str. Alexandr Pu\u0219kin \u0219i \u00een continuare pe traseul stabilit; retur: de pe str. Mitropolit G. B\u0103nulescu \u2013 Bodoni pe str. Columna, str. Ismail, bd. D. Cantemir, bd. Iu. Gagarin \u0219i \u00een continuare pe traseul stabilit;<\/span><\/span><\/span><\/p>\n<p align=\"justify\"><span style=\"color: #050505;\"><span style=\"font-family: Times New Roman, serif;\"><span style=\"font-size: large;\">Ruta nr. 9, tur: de pe bd. \u0218tefan cel Mare \u0219i Sf\u00e2nt pe str. Alexei \u0218ciusev, str. Bucure\u0219ti, str. Tighina \u0219i \u00een continuare pe traseul stabilit; retur: de pe str. Ismail pe str. Bucure\u0219ti, str. Alexei \u0218ciusev, str. Mihai Viteazul, str. Columna, str. Henri Coand\u0103 \u0219i \u00een continuare pe traseul stabilit;<\/span><\/span><\/span><\/p>\n<p align=\"justify\"><span style=\"color: #050505;\"><span style=\"font-family: Times New Roman, serif;\"><span style=\"font-size: large;\">Ruta nr. 11, &#8211; de pe str. Ismail pe str. Bucure\u0219ti, str. Alexei \u0218ciusev, str. Mihai Viteazul, str. Columna, str. Henri Coand\u0103, Pia\u021ba Dimitrie Cantemir \u0219i \u00een continuare pe traseul stabilit.<\/span><\/span><\/span><\/p>\n<p align=\"justify\"><span style=\"color: #050505;\"><span style=\"font-family: Times New Roman, serif;\"><span style=\"font-size: large;\">Ruta nr. 24, tur: de pe str. Tighina pe str. Columna, str. Ismail \u0219i \u00een continuare pe traseul stabilit; retur: de pe str. Alexandru cel Bun pe str. Tighina, p\u00e2n\u0103 la sta\u021bia terminus de autobuz existent\u0103 din str. Tighina, pe tronsonul cuprins \u00eentre str. Alexandru cel Bun \u0219i str. Columna.<\/span><\/span><\/span><\/p>\n<p align=\"justify\"><span style=\"color: #050505;\"><span style=\"font-family: Times New Roman, serif;\"><span style=\"font-size: large;\">Ruta nr. 26, tur: de pe bd. \u0218tefan cel Mare \u0219i Sf\u00e2nt pe str. Mihai Viteazul, str. Albi\u0219oara \u0219i \u00een continuare pe traseul stabilit; retur: de pe bd. Rena\u0219terii Na\u021bionale pe bd. Grigore Vieru, str. Roman\u0103, bd. Grigore Vieru, str. Albi\u0219oara, str. A. Pu\u0219kin, str. Albi\u0219oara, str. Mihai Viteazul, bd. \u0218tefan cel Mare \u0219i Sf\u00e2nt \u0219i \u00een continuare pe traseul stabilit.<\/span><\/span><\/span><\/p>\n<p align=\"justify\"><span style=\"color: #050505;\"><span style=\"font-family: Times New Roman, serif;\"><span style=\"font-size: large;\">Ruta nr. 46, tur: de pe bd. \u0218tefan cel Mare \u0219i Sf\u00e2nt pe str. A. \u0218ciusev, str. Bucure\u0219ti, str. Ciuflea \u0219i \u00een continuare pe traseul stabilit; retur: de pe str. Ciuflea pe str. C. Negruzzi, Pia\u021ba Constantin Negruzzi, bd. C. Negruzzi, str. Ciuflea, str. Bucure\u0219ti, str. A. \u0218ciusev, bd. \u0218tefan cel Mare \u0219i Sf\u00e2nt \u0219i \u00een continuare pe traseul stabilit.<\/span><\/span><\/span><\/p>\n\n\t\t<\/div>\n\t<\/div>\n\n<div class=\"vc_grid-container-wrapper vc_clearfix vc_grid-animation-fadeIn\">\n\t<div class=\"vc_grid-container vc_clearfix wpb_content_element vc_media_grid\" data-initial-loading-animation=\"fadeIn\" data-vc-grid-settings=\"{&quot;page_id&quot;:77833,&quot;style&quot;:&quot;all&quot;,&quot;action&quot;:&quot;vc_get_vc_grid_data&quot;,&quot;shortcode_id&quot;:&quot;1716391382053-be2d2562-1267-9&quot;,&quot;tag&quot;:&quot;vc_media_grid&quot;}\" data-vc-request=\"https:\/\/chisinaucentru.md\/wp-admin\/admin-ajax.php\" data-vc-post-id=\"77833\" data-vc-public-nonce=\"39ce34e9ee\">\n\t\t\n\t<\/div>\n<\/div><\/div><\/div><\/div><\/div>","protected":false},"excerpt":{"rendered":"<p>Pretura sectorului Centru informeaz\u0103 c\u0103 duminic\u0103: 26 mai, \u00eentre orele: 00:00 \u2013 18:00, va fi suspendat traficul rutier pe bd. \u0218tefan cel Mare \u0219i Sf\u00e2nt, tronsonul cuprins \u00eentre str. Ismail \u0219i str. Mihai Viteazul, inclusiv la traversarea intersec\u021biilor pe tronsonul nominalizat. M\u0103sura a fost luat\u0103 \u00een leg\u0103tur\u0103 cu desf\u0103\u0219urarea unui maraton sportiv cu genericul \u201eLegal&hellip;<\/p>","protected":false},"author":1,"featured_media":77855,"comment_status":"open","ping_status":"open","sticky":false,"template":"","format":"standard","meta":[],"categories":[244],"tags":[],"acf":[],"_links":{"self":[{"href":"https:\/\/chisinaucentru.md\/en\/wp-json\/wp\/v2\/posts\/77833"}],"collection":[{"href":"https:\/\/chisinaucentru.md\/en\/wp-json\/wp\/v2\/posts"}],"about":[{"href":"https:\/\/chisinaucentru.md\/en\/wp-json\/wp\/v2\/types\/post"}],"author":[{"embeddable":true,"href":"https:\/\/chisinaucentru.md\/en\/wp-json\/wp\/v2\/users\/1"}],"replies":[{"embeddable":true,"href":"https:\/\/chisinaucentru.md\/en\/wp-json\/wp\/v2\/comments?post=77833"}],"version-history":[{"count":5,"href":"https:\/\/chisinaucentru.md\/en\/wp-json\/wp\/v2\/posts\/77833\/revisions"}],"predecessor-version":[{"id":77860,"href":"https:\/\/chisinaucentru.md\/en\/wp-json\/wp\/v2\/posts\/77833\/revisions\/77860"}],"wp:featuredmedia":[{"embeddable":true,"href":"https:\/\/chisinaucentru.md\/en\/wp-json\/wp\/v2\/media\/77855"}],"wp:attachment":[{"href":"https:\/\/chisinaucentru.md\/en\/wp-json\/wp\/v2\/media?parent=77833"}],"wp:term":[{"taxonomy":"category","embeddable":true,"href":"https:\/\/chisinaucentru.md\/en\/wp-json\/wp\/v2\/categories?post=77833"},{"taxonomy":"post_tag","embeddable":true,"href":"https:\/\/chisinaucentru.md\/en\/wp-json\/wp\/v2\/tags?post=77833"}],"curies":[{"name":"wp","href":"https:\/\/api.w.org\/{rel}","templated":true}]}}