{"id":77829,"date":"2024-05-21T17:41:05","date_gmt":"2024-05-21T14:41:05","guid":{"rendered":"https:\/\/chisinaucentru.md\/?p=77829"},"modified":"2024-05-22T17:59:32","modified_gmt":"2024-05-22T14:59:32","slug":"ziua-internationala-a-copiilor-va-fi-sarbatorita-in-sectorul-centru-printr-o-grandioasa-petrecere-pentru-copii","status":"publish","type":"post","link":"https:\/\/chisinaucentru.md\/en\/ziua-internationala-a-copiilor-va-fi-sarbatorita-in-sectorul-centru-printr-o-grandioasa-petrecere-pentru-copii\/","title":{"rendered":"Ziua Interna\u021bional\u0103 a Copiilor va fi s\u0103rb\u0103torit\u0103 \u00een sectorul Centru printr-o grandioas\u0103 petrecere pentru copii"},"content":{"rendered":"<div class=\"vc_row wpb_row vc_row-fluid dt-default\" style=\"margin-top: 0px;margin-bottom: 0px\"><div class=\"wpb_column vc_column_container vc_col-sm-12\"><div class=\"vc_column-inner\"><div class=\"wpb_wrapper\">\n\t<div class=\"wpb_text_column wpb_content_element\" >\n\t\t<div class=\"wpb_wrapper\">\n\t\t\t<p align=\"justify\"><span style=\"color: #050505;\"><span style=\"font-family: Times New Roman, serif;\"><span style=\"font-size: large;\"><span lang=\"ro-RO\">Ziua Interna\u021bional\u0103 a Copiilor va fi s\u0103rb\u0103torit\u0103 \u00een sectorul Centru printr-o grandioas\u0103 petrecere pentru copii care va da start vacan\u021bei mari, la 1 iunie \u00een Parcul Valea Morilor.<\/span><\/span><\/span><\/span><\/p>\n<p align=\"justify\"><span style=\"color: #050505;\"><span style=\"font-family: Times New Roman, serif;\"><span style=\"font-size: large;\"><span lang=\"ro-RO\">De la ora 11:00 p\u00e2n\u0103 la 18:00, vom celebra copil\u0103ria printr-un vast program de activit\u0103\u021bi cultural- artistice, sportive, distractive \u0219i educative organizat de Pretura sectorului Centru \u00een colaborare cu mai mul\u021bi parteneri.<\/span><\/span><\/span><\/span><\/p>\n<p align=\"justify\"><span style=\"color: #050505;\"><span style=\"font-family: Times New Roman, serif;\"><span style=\"font-size: large;\"><span lang=\"ro-RO\">\u00cen program: <\/span><\/span><\/span><\/span><\/p>\n<ul>\n<li>\n<p align=\"justify\"><span style=\"color: #050505;\"><span style=\"font-family: Times New Roman, serif;\"><span style=\"font-size: large;\"><span lang=\"ro-RO\">Spectacol artistic \u0219i de divertisment al clubului de animatori Mikelino Club, cryo show, chimic show, mascote ursul Bruno \u0219i Sonic<\/span><\/span><\/span><\/span><\/p>\n<\/li>\n<li>\n<p align=\"justify\"><span style=\"color: #050505;\"><span style=\"font-family: Times New Roman, serif;\"><span style=\"font-size: large;\"><span lang=\"ro-RO\">Ateliere de crea\u021bie- modelare cu plastilin\u0103, pictur\u0103, master class la tablouri cu mozaic cu participarea copiilor din centrul de plasament Funda\u021bia \u201dRegina Pacis\u201d<\/span><\/span><\/span><\/span><\/p>\n<\/li>\n<li>\n<p align=\"justify\"><span style=\"color: #050505;\"><span style=\"font-family: Times New Roman, serif;\"><span style=\"font-size: large;\"><span lang=\"ro-RO\">Col\u021bul lecturii- expozi\u021bie de c\u0103r\u021bi, concurs de poezii, sesiune de autografe ale scriitorilor pentru copii na\u021bionali organizat \u00een colaborare cu centrul de cultur\u0103 \u201dVia\u021ba Ta\u201d<\/span><\/span><\/span><\/span><\/p>\n<\/li>\n<li>\n<p align=\"justify\"><span style=\"color: #050505;\"><span style=\"font-family: Times New Roman, serif;\"><span style=\"font-size: large;\"><span lang=\"ro-RO\">Competi\u021bii, jocuri \u0219i concursuri- darts, \u0219ah, dame<\/span><\/span><\/span><\/span><\/p>\n<\/li>\n<li>\n<p align=\"justify\"><span style=\"color: #050505;\"><span style=\"font-family: Times New Roman, serif;\"><span style=\"font-size: large;\"><span lang=\"ro-RO\">Show-ul motocicli\u0219tilor cu participarea bikerilor din Moldova <\/span><\/span><\/span><\/span><\/p>\n<\/li>\n<li>\n<p align=\"justify\"><span style=\"color: #050505;\"><span style=\"font-family: Times New Roman, serif;\"><span style=\"font-size: large;\"><span lang=\"ro-RO\">Concert sus\u021binut de interpre\u021bii Vlad Codreanu, Georgeta Voinovan, Dana Markitan, Dina Dru\u021b\u0103, Viorica Atanasov \u0219i elevii studiourilor muzicale Markitan Vocal School, Idea Music Studio, studioul Crescendo, Atelierul de voce- Viorica Atanasov, Pic\u0103turi Muzicale<\/span><\/span><\/span><\/span><\/p>\n<\/li>\n<\/ul>\n<p align=\"justify\"><span style=\"color: #050505;\"><span style=\"font-family: Times New Roman, serif;\"><span style=\"font-size: large;\"><span lang=\"ro-RO\">Fiecare copil va primi \u00eenghe\u021bat\u0103 \u0219i baloane, iar participan\u021bii la concursuri se vor bucura de cadouri valoroase!<\/span><\/span><\/span><\/span><\/p>\n\n\t\t<\/div>\n\t<\/div>\n\n<div class=\"vc_grid-container-wrapper vc_clearfix vc_grid-animation-fadeIn\">\n\t<div class=\"vc_grid-container vc_clearfix wpb_content_element vc_media_grid\" data-initial-loading-animation=\"fadeIn\" data-vc-grid-settings=\"{&quot;page_id&quot;:77829,&quot;style&quot;:&quot;all&quot;,&quot;action&quot;:&quot;vc_get_vc_grid_data&quot;,&quot;shortcode_id&quot;:&quot;1716389958467-f6af1d4a-ff40-10&quot;,&quot;tag&quot;:&quot;vc_media_grid&quot;}\" data-vc-request=\"https:\/\/chisinaucentru.md\/wp-admin\/admin-ajax.php\" data-vc-post-id=\"77829\" data-vc-public-nonce=\"39ce34e9ee\">\n\t\t\n\t<\/div>\n<\/div><\/div><\/div><\/div><\/div>","protected":false},"excerpt":{"rendered":"<p>Ziua Interna\u021bional\u0103 a Copiilor va fi s\u0103rb\u0103torit\u0103 \u00een sectorul Centru printr-o grandioas\u0103 petrecere pentru copii care va da start vacan\u021bei mari, la 1 iunie \u00een Parcul Valea Morilor. De la ora 11:00 p\u00e2n\u0103 la 18:00, vom celebra copil\u0103ria printr-un vast program de activit\u0103\u021bi cultural- artistice, sportive, distractive \u0219i educative organizat de Pretura sectorului Centru \u00een&hellip;<\/p>","protected":false},"author":1,"featured_media":77835,"comment_status":"open","ping_status":"open","sticky":false,"template":"","format":"standard","meta":[],"categories":[244],"tags":[],"acf":[],"_links":{"self":[{"href":"https:\/\/chisinaucentru.md\/en\/wp-json\/wp\/v2\/posts\/77829"}],"collection":[{"href":"https:\/\/chisinaucentru.md\/en\/wp-json\/wp\/v2\/posts"}],"about":[{"href":"https:\/\/chisinaucentru.md\/en\/wp-json\/wp\/v2\/types\/post"}],"author":[{"embeddable":true,"href":"https:\/\/chisinaucentru.md\/en\/wp-json\/wp\/v2\/users\/1"}],"replies":[{"embeddable":true,"href":"https:\/\/chisinaucentru.md\/en\/wp-json\/wp\/v2\/comments?post=77829"}],"version-history":[{"count":2,"href":"https:\/\/chisinaucentru.md\/en\/wp-json\/wp\/v2\/posts\/77829\/revisions"}],"predecessor-version":[{"id":77838,"href":"https:\/\/chisinaucentru.md\/en\/wp-json\/wp\/v2\/posts\/77829\/revisions\/77838"}],"wp:featuredmedia":[{"embeddable":true,"href":"https:\/\/chisinaucentru.md\/en\/wp-json\/wp\/v2\/media\/77835"}],"wp:attachment":[{"href":"https:\/\/chisinaucentru.md\/en\/wp-json\/wp\/v2\/media?parent=77829"}],"wp:term":[{"taxonomy":"category","embeddable":true,"href":"https:\/\/chisinaucentru.md\/en\/wp-json\/wp\/v2\/categories?post=77829"},{"taxonomy":"post_tag","embeddable":true,"href":"https:\/\/chisinaucentru.md\/en\/wp-json\/wp\/v2\/tags?post=77829"}],"curies":[{"name":"wp","href":"https:\/\/api.w.org\/{rel}","templated":true}]}}