{"id":77667,"date":"2024-05-17T17:30:41","date_gmt":"2024-05-17T14:30:41","guid":{"rendered":"https:\/\/chisinaucentru.md\/?p=77667"},"modified":"2024-05-17T17:34:06","modified_gmt":"2024-05-17T14:34:06","slug":"batranii-din-sectorul-centru-sunt-zilnic-asigurati-cu-o-masa-calda-gratuita-2","status":"publish","type":"post","link":"https:\/\/chisinaucentru.md\/en\/batranii-din-sectorul-centru-sunt-zilnic-asigurati-cu-o-masa-calda-gratuita-2\/","title":{"rendered":"B\u0103tr\u00e2nii din sectorul Centru sunt zilnic asigura\u021bi cu o mas\u0103 cald\u0103 gratuit\u0103"},"content":{"rendered":"<div class=\"vc_row wpb_row vc_row-fluid dt-default\" style=\"margin-top: 0px;margin-bottom: 0px\"><div class=\"wpb_column vc_column_container vc_col-sm-12\"><div class=\"vc_column-inner\"><div class=\"wpb_wrapper\">\n\t<div class=\"wpb_text_column wpb_content_element\" >\n\t\t<div class=\"wpb_wrapper\">\n\t\t\t<p align=\"justify\"><span style=\"color: #050505;\"><span style=\"font-family: Times New Roman, serif;\"><span style=\"font-size: large;\">100 por\u021bii de pr\u00e2nzuri ajung \u00een fiecare zi, de luni p\u00e2n\u0103 vineri, la cei cu posibilit\u0103\u021bi reduse. Actul de caritate ini\u021biat de Pretor, Vadim H\u00eencu, este un substan\u021bial punct de reper \u00een existen\u021ba lor de zi cu zi.<\/span><\/span><\/span><\/p>\n<p align=\"justify\"><span style=\"color: #050505;\"><span style=\"font-family: Times New Roman, serif;\"><span style=\"font-size: large;\">Proiect realizat cu suportul partenerului A.S.I.C.S.<\/span><\/span><\/span><\/p>\n\n\t\t<\/div>\n\t<\/div>\n\n<div class=\"vc_grid-container-wrapper vc_clearfix vc_grid-animation-fadeIn\">\n\t<div class=\"vc_grid-container vc_clearfix wpb_content_element vc_media_grid\" data-initial-loading-animation=\"fadeIn\" data-vc-grid-settings=\"{&quot;page_id&quot;:77667,&quot;style&quot;:&quot;all&quot;,&quot;action&quot;:&quot;vc_get_vc_grid_data&quot;,&quot;shortcode_id&quot;:&quot;1715956265643-e6c61ac2-fb06-8&quot;,&quot;tag&quot;:&quot;vc_media_grid&quot;}\" data-vc-request=\"https:\/\/chisinaucentru.md\/wp-admin\/admin-ajax.php\" data-vc-post-id=\"77667\" data-vc-public-nonce=\"834cf87f23\">\n\t\t\n\t<\/div>\n<\/div><\/div><\/div><\/div><\/div>","protected":false},"excerpt":{"rendered":"<p>100 por\u021bii de pr\u00e2nzuri ajung \u00een fiecare zi, de luni p\u00e2n\u0103 vineri, la cei cu posibilit\u0103\u021bi reduse. Actul de caritate ini\u021biat de Pretor, Vadim H\u00eencu, este un substan\u021bial punct de reper \u00een existen\u021ba lor de zi cu zi. Proiect realizat cu suportul partenerului A.S.I.C.S.<\/p>","protected":false},"author":1,"featured_media":77671,"comment_status":"open","ping_status":"open","sticky":false,"template":"","format":"standard","meta":[],"categories":[244],"tags":[],"acf":[],"_links":{"self":[{"href":"https:\/\/chisinaucentru.md\/en\/wp-json\/wp\/v2\/posts\/77667"}],"collection":[{"href":"https:\/\/chisinaucentru.md\/en\/wp-json\/wp\/v2\/posts"}],"about":[{"href":"https:\/\/chisinaucentru.md\/en\/wp-json\/wp\/v2\/types\/post"}],"author":[{"embeddable":true,"href":"https:\/\/chisinaucentru.md\/en\/wp-json\/wp\/v2\/users\/1"}],"replies":[{"embeddable":true,"href":"https:\/\/chisinaucentru.md\/en\/wp-json\/wp\/v2\/comments?post=77667"}],"version-history":[{"count":3,"href":"https:\/\/chisinaucentru.md\/en\/wp-json\/wp\/v2\/posts\/77667\/revisions"}],"predecessor-version":[{"id":77699,"href":"https:\/\/chisinaucentru.md\/en\/wp-json\/wp\/v2\/posts\/77667\/revisions\/77699"}],"wp:featuredmedia":[{"embeddable":true,"href":"https:\/\/chisinaucentru.md\/en\/wp-json\/wp\/v2\/media\/77671"}],"wp:attachment":[{"href":"https:\/\/chisinaucentru.md\/en\/wp-json\/wp\/v2\/media?parent=77667"}],"wp:term":[{"taxonomy":"category","embeddable":true,"href":"https:\/\/chisinaucentru.md\/en\/wp-json\/wp\/v2\/categories?post=77667"},{"taxonomy":"post_tag","embeddable":true,"href":"https:\/\/chisinaucentru.md\/en\/wp-json\/wp\/v2\/tags?post=77667"}],"curies":[{"name":"wp","href":"https:\/\/api.w.org\/{rel}","templated":true}]}}