{"id":77098,"date":"2024-05-09T13:13:32","date_gmt":"2024-05-09T10:13:32","guid":{"rendered":"https:\/\/chisinaucentru.md\/?p=77098"},"modified":"2024-05-10T13:20:53","modified_gmt":"2024-05-10T10:20:53","slug":"impreuna-pentru-pace-de-9-mai","status":"publish","type":"post","link":"https:\/\/chisinaucentru.md\/en\/impreuna-pentru-pace-de-9-mai\/","title":{"rendered":"\u00cempreun\u0103 pentru pace de 9 mai"},"content":{"rendered":"<div class=\"vc_row wpb_row vc_row-fluid dt-default\" style=\"margin-top: 0px;margin-bottom: 0px\"><div class=\"wpb_column vc_column_container vc_col-sm-12\"><div class=\"vc_column-inner\"><div class=\"wpb_wrapper\">\n\t<div class=\"wpb_text_column wpb_content_element\" >\n\t\t<div class=\"wpb_wrapper\">\n\t\t\t<p align=\"justify\"><span style=\"color: #050505;\"><span style=\"font-family: Times New Roman, serif;\"><span style=\"font-size: large;\">&#8222;\u00cempreun\u0103 pentru Pace&#8221;, sub acest generic locuitorii \u0219i vizitatorii ora\u0219ului s-au reunit ast\u0103zi la evenimentul artistic organizat de Pretura sectorului Centru pentru a s\u0103rb\u0103tori ziua de 9 Mai.<\/span><\/span><\/span><\/p>\n<p align=\"justify\"><span style=\"color: #050505;\"><span style=\"font-family: Times New Roman, serif;\"><span style=\"font-size: large;\">Muzica anilor 90, \u0219lag\u0103re ale interpre\u021bilor na\u021bionali, vals de mai, ma\u0219in\u0103 retro \u0219i mesaje de pace, unitate \u0219i recuno\u0219tin\u021b\u0103 pentru trecutul \u021b\u0103rii au fost pe agenda evenimentului. Promotoare a valorilor na\u021bionale este \u0219i t\u00e2n\u0103ra genera\u021bie de ast\u0103zi, copiii din sectorul Centru au participat \u00een cadrul s\u0103rb\u0103torii cu profunde momente artistice muzicale \u0219i coregrafice. <\/span><\/span><\/span><\/p>\n<p align=\"justify\"><span style=\"color: #050505;\"><span style=\"font-family: Times New Roman, serif;\"><span style=\"font-size: large;\">Prin cultur\u0103 suntem uni\u021bi, ca sub un scut al p\u0103cii, bun\u0103t\u0103\u021bii \u0219i al viitorului prosper.<\/span><\/span><\/span><\/p>\n\n\t\t<\/div>\n\t<\/div>\n\n<div class=\"vc_grid-container-wrapper vc_clearfix vc_grid-animation-fadeIn\">\n\t<div class=\"vc_grid-container vc_clearfix wpb_content_element vc_media_grid\" data-initial-loading-animation=\"fadeIn\" data-vc-grid-settings=\"{&quot;page_id&quot;:77098,&quot;style&quot;:&quot;all&quot;,&quot;action&quot;:&quot;vc_get_vc_grid_data&quot;,&quot;shortcode_id&quot;:&quot;1715336277445-93f9808e-326a-2&quot;,&quot;tag&quot;:&quot;vc_media_grid&quot;}\" data-vc-request=\"https:\/\/chisinaucentru.md\/wp-admin\/admin-ajax.php\" data-vc-post-id=\"77098\" data-vc-public-nonce=\"71e3d605dc\">\n\t\t\n\t<\/div>\n<\/div><\/div><\/div><\/div><\/div>","protected":false},"excerpt":{"rendered":"<p>&#8222;\u00cempreun\u0103 pentru Pace&#8221;, sub acest generic locuitorii \u0219i vizitatorii ora\u0219ului s-au reunit ast\u0103zi la evenimentul artistic organizat de Pretura sectorului Centru pentru a s\u0103rb\u0103tori ziua de 9 Mai. Muzica anilor 90, \u0219lag\u0103re ale interpre\u021bilor na\u021bionali, vals de mai, ma\u0219in\u0103 retro \u0219i mesaje de pace, unitate \u0219i recuno\u0219tin\u021b\u0103 pentru trecutul \u021b\u0103rii au fost pe agenda evenimentului.&hellip;<\/p>","protected":false},"author":1,"featured_media":77178,"comment_status":"open","ping_status":"open","sticky":false,"template":"","format":"standard","meta":[],"categories":[244],"tags":[],"acf":[],"_links":{"self":[{"href":"https:\/\/chisinaucentru.md\/en\/wp-json\/wp\/v2\/posts\/77098"}],"collection":[{"href":"https:\/\/chisinaucentru.md\/en\/wp-json\/wp\/v2\/posts"}],"about":[{"href":"https:\/\/chisinaucentru.md\/en\/wp-json\/wp\/v2\/types\/post"}],"author":[{"embeddable":true,"href":"https:\/\/chisinaucentru.md\/en\/wp-json\/wp\/v2\/users\/1"}],"replies":[{"embeddable":true,"href":"https:\/\/chisinaucentru.md\/en\/wp-json\/wp\/v2\/comments?post=77098"}],"version-history":[{"count":4,"href":"https:\/\/chisinaucentru.md\/en\/wp-json\/wp\/v2\/posts\/77098\/revisions"}],"predecessor-version":[{"id":77207,"href":"https:\/\/chisinaucentru.md\/en\/wp-json\/wp\/v2\/posts\/77098\/revisions\/77207"}],"wp:featuredmedia":[{"embeddable":true,"href":"https:\/\/chisinaucentru.md\/en\/wp-json\/wp\/v2\/media\/77178"}],"wp:attachment":[{"href":"https:\/\/chisinaucentru.md\/en\/wp-json\/wp\/v2\/media?parent=77098"}],"wp:term":[{"taxonomy":"category","embeddable":true,"href":"https:\/\/chisinaucentru.md\/en\/wp-json\/wp\/v2\/categories?post=77098"},{"taxonomy":"post_tag","embeddable":true,"href":"https:\/\/chisinaucentru.md\/en\/wp-json\/wp\/v2\/tags?post=77098"}],"curies":[{"name":"wp","href":"https:\/\/api.w.org\/{rel}","templated":true}]}}