{"id":77049,"date":"2024-05-07T14:04:08","date_gmt":"2024-05-07T11:04:08","guid":{"rendered":"https:\/\/chisinaucentru.md\/?p=77049"},"modified":"2024-05-07T14:07:24","modified_gmt":"2024-05-07T11:07:24","slug":"invitam-locuitorii-si-oaspetii-capitalei-la-evenimentul-cultural-dedicate-zilei-europei","status":"publish","type":"post","link":"https:\/\/chisinaucentru.md\/en\/invitam-locuitorii-si-oaspetii-capitalei-la-evenimentul-cultural-dedicate-zilei-europei\/","title":{"rendered":"Invit\u0103m locuitorii \u0219i oaspe\u021bii capitalei la evenimentul cultural dedicate Zilei Europei"},"content":{"rendered":"<div class=\"vc_row wpb_row vc_row-fluid dt-default\" style=\"margin-top: 0px;margin-bottom: 0px\"><div class=\"wpb_column vc_column_container vc_col-sm-12\"><div class=\"vc_column-inner\"><div class=\"wpb_wrapper\">\n\t<div class=\"wpb_text_column wpb_content_element\" >\n\t\t<div class=\"wpb_wrapper\">\n\t\t\t<p align=\"justify\"><span style=\"color: #050505;\"><span style=\"font-family: Times New Roman, serif;\"><span style=\"font-size: large;\">\u00cen sectorul Centru vom celebra unitatea prin diversitate de Ziua Europei. Invit\u0103m locuitorii \u0219i oaspe\u021bii capitalei la un eveniment cultural-artistic dedicat tuturor v\u00e2rstelor unde ne vom bucura \u00eempreun\u0103 de Europa la noi Acas\u0103. <\/span><\/span><\/span><\/p>\n<p align=\"justify\"><span style=\"color: #050505;\"><span style=\"font-family: Times New Roman, serif;\"><span style=\"font-size: large;\">Muzic\u0103 \u0219i dansuri \u00een limbile europene, zon\u0103 pentru copii cu ateliere de crea\u021bie \u0219i alte surprize ce promoveaz\u0103 unitatea, egalitatea, libertatea \u0219i pacea vor fi prezentate spre admira\u021bia publicului m\u00e2ine, 8 mai, de la ora 15:00 \u00een scuarul Centrului Comercial \u201dUNIC\u201d.<\/span><\/span><\/span><\/p>\n<p align=\"justify\"><span style=\"color: #050505;\"><span style=\"font-family: Times New Roman, serif;\"><span style=\"font-size: large;\">Spectacolul artistic este organizat de Pretura sectorului Centru \u00een parteneriat cu <\/span><\/span><\/span><span style=\"color: #0000ff;\"><span style=\"font-family: Times New Roman, serif;\"><span style=\"font-size: large;\"><a href=\"https:\/\/www.facebook.com\/atelierul.de.voce.viorica.atanasov?__cft__%5B0%5D=AZU6KeEKkkJ056Wb3j2Xtz19K-B92CiO0BWAksZeZmnCTGk7hlLWp7UvYa4fT3_jLMnit6RDV5yV9QN6-FzDvpiUFce45WJouPR8W-6vJzsiTGvRBvGYD5WWFvcyn_akHphfWzRcPo1nqKqBKyg-PhvaBNJelkuRGtX9yWB21kcwEy1OWynrEpm3HvPZgJS_fS2XO_fJ4-a-00Ogp6T3c-n8&amp;__tn__=-%5DK-R\">Atelierul de voce &#8211; Viorica Atanasov<\/a><\/span><\/span><\/span><span style=\"color: #050505;\"><span style=\"font-family: Times New Roman, serif;\"><span style=\"font-size: large;\">, <\/span><\/span><\/span><span style=\"color: #0000ff;\"><span style=\"font-family: Times New Roman, serif;\"><span style=\"font-size: large;\"><a href=\"https:\/\/www.facebook.com\/ReginaPacis.fundatia?__cft__%5B0%5D=AZU6KeEKkkJ056Wb3j2Xtz19K-B92CiO0BWAksZeZmnCTGk7hlLWp7UvYa4fT3_jLMnit6RDV5yV9QN6-FzDvpiUFce45WJouPR8W-6vJzsiTGvRBvGYD5WWFvcyn_akHphfWzRcPo1nqKqBKyg-PhvaBNJelkuRGtX9yWB21kcwEy1OWynrEpm3HvPZgJS_fS2XO_fJ4-a-00Ogp6T3c-n8&amp;__tn__=-%5DK-R\">Fundatia Regina Pacis<\/a><\/span><\/span><\/span><span style=\"color: #050505;\"><span style=\"font-family: Times New Roman, serif;\"><span style=\"font-size: large;\">, <\/span><\/span><\/span><span style=\"color: #0000ff;\"><span style=\"font-family: Times New Roman, serif;\"><span style=\"font-size: large;\"><a href=\"https:\/\/www.facebook.com\/UNIC.mmd?__cft__%5B0%5D=AZU6KeEKkkJ056Wb3j2Xtz19K-B92CiO0BWAksZeZmnCTGk7hlLWp7UvYa4fT3_jLMnit6RDV5yV9QN6-FzDvpiUFce45WJouPR8W-6vJzsiTGvRBvGYD5WWFvcyn_akHphfWzRcPo1nqKqBKyg-PhvaBNJelkuRGtX9yWB21kcwEy1OWynrEpm3HvPZgJS_fS2XO_fJ4-a-00Ogp6T3c-n8&amp;__tn__=-%5DK-R\">UNIC Centru Comercial<\/a><\/span><\/span><\/span><span style=\"color: #050505;\"><span style=\"font-family: Times New Roman, serif;\"><span style=\"font-size: large;\">.<\/span><\/span><\/span><\/p>\n<p>&nbsp;<\/p>\n\n\t\t<\/div>\n\t<\/div>\n\n<div class=\"vc_grid-container-wrapper vc_clearfix vc_grid-animation-fadeIn\">\n\t<div class=\"vc_grid-container vc_clearfix wpb_content_element vc_media_grid\" data-initial-loading-animation=\"fadeIn\" data-vc-grid-settings=\"{&quot;page_id&quot;:77049,&quot;style&quot;:&quot;all&quot;,&quot;action&quot;:&quot;vc_get_vc_grid_data&quot;,&quot;shortcode_id&quot;:&quot;1715080031516-989cedaa-6630-10&quot;,&quot;tag&quot;:&quot;vc_media_grid&quot;}\" data-vc-request=\"https:\/\/chisinaucentru.md\/wp-admin\/admin-ajax.php\" data-vc-post-id=\"77049\" data-vc-public-nonce=\"71e3d605dc\">\n\t\t\n\t<\/div>\n<\/div><\/div><\/div><\/div><\/div>","protected":false},"excerpt":{"rendered":"<p>\u00cen sectorul Centru vom celebra unitatea prin diversitate de Ziua Europei. Invit\u0103m locuitorii \u0219i oaspe\u021bii capitalei la un eveniment cultural-artistic dedicat tuturor v\u00e2rstelor unde ne vom bucura \u00eempreun\u0103 de Europa la noi Acas\u0103. Muzic\u0103 \u0219i dansuri \u00een limbile europene, zon\u0103 pentru copii cu ateliere de crea\u021bie \u0219i alte surprize ce promoveaz\u0103 unitatea, egalitatea, libertatea \u0219i&hellip;<\/p>","protected":false},"author":1,"featured_media":77050,"comment_status":"open","ping_status":"open","sticky":false,"template":"","format":"standard","meta":[],"categories":[244],"tags":[],"acf":[],"_links":{"self":[{"href":"https:\/\/chisinaucentru.md\/en\/wp-json\/wp\/v2\/posts\/77049"}],"collection":[{"href":"https:\/\/chisinaucentru.md\/en\/wp-json\/wp\/v2\/posts"}],"about":[{"href":"https:\/\/chisinaucentru.md\/en\/wp-json\/wp\/v2\/types\/post"}],"author":[{"embeddable":true,"href":"https:\/\/chisinaucentru.md\/en\/wp-json\/wp\/v2\/users\/1"}],"replies":[{"embeddable":true,"href":"https:\/\/chisinaucentru.md\/en\/wp-json\/wp\/v2\/comments?post=77049"}],"version-history":[{"count":2,"href":"https:\/\/chisinaucentru.md\/en\/wp-json\/wp\/v2\/posts\/77049\/revisions"}],"predecessor-version":[{"id":77061,"href":"https:\/\/chisinaucentru.md\/en\/wp-json\/wp\/v2\/posts\/77049\/revisions\/77061"}],"wp:featuredmedia":[{"embeddable":true,"href":"https:\/\/chisinaucentru.md\/en\/wp-json\/wp\/v2\/media\/77050"}],"wp:attachment":[{"href":"https:\/\/chisinaucentru.md\/en\/wp-json\/wp\/v2\/media?parent=77049"}],"wp:term":[{"taxonomy":"category","embeddable":true,"href":"https:\/\/chisinaucentru.md\/en\/wp-json\/wp\/v2\/categories?post=77049"},{"taxonomy":"post_tag","embeddable":true,"href":"https:\/\/chisinaucentru.md\/en\/wp-json\/wp\/v2\/tags?post=77049"}],"curies":[{"name":"wp","href":"https:\/\/api.w.org\/{rel}","templated":true}]}}