{"id":76895,"date":"2024-05-04T09:46:31","date_gmt":"2024-05-04T06:46:31","guid":{"rendered":"https:\/\/chisinaucentru.md\/?p=76895"},"modified":"2024-05-07T10:00:21","modified_gmt":"2024-05-07T07:00:21","slug":"ultima-actiune-comuna-de-salubrizare-din-cadrul-campaniei-municipale-curatenia-generala-de-primavara","status":"publish","type":"post","link":"https:\/\/chisinaucentru.md\/en\/ultima-actiune-comuna-de-salubrizare-din-cadrul-campaniei-municipale-curatenia-generala-de-primavara\/","title":{"rendered":"Ultima ac\u021biune comun\u0103 de salubrizare din cadrul Campaniei municipale \u201dCur\u0103\u021benia general\u0103 de prim\u0103var\u0103\u201d"},"content":{"rendered":"<div class=\"vc_row wpb_row vc_row-fluid dt-default\" style=\"margin-top: 0px;margin-bottom: 0px\"><div class=\"wpb_column vc_column_container vc_col-sm-12\"><div class=\"vc_column-inner\"><div class=\"wpb_wrapper\">\n\t<div class=\"wpb_text_column wpb_content_element\" >\n\t\t<div class=\"wpb_wrapper\">\n\t\t\t<p align=\"justify\"><span style=\"font-family: Times New Roman, serif;\"><span style=\"font-size: large;\">Am \u00eencheiat ast\u0103zi campania municipal\u0103 de salubrizare \u201dCur\u0103\u021benia general\u0103 de prim\u0103var\u0103\u201d care a demarat la \u00eenceputul lunii martie, cu o nou\u0103 ac\u021biune comun\u0103 de salubrizare \u0219i cu un ultim efort pentru a face ora\u0219ul mai curat \u00eenaintea s\u0103rb\u0103torii de Pa\u0219ti. <\/span><\/span><\/p>\n<p align=\"justify\"><span style=\"font-family: Times New Roman, serif;\"><span style=\"font-size: large;\">La activitatea de salubrizare a teritoriului public din adiacentul r\u00e2ului B\u00eec desf\u0103\u0219urat\u0103 ast\u0103zi, 4 mai, la strada Lunca B\u00eecului intersec\u021bie cu Calea Basarabiei, al\u0103turi de Pretorul sectorului Centru, Vadim H\u00eencu au participat peste 50 de locuitori ai ora\u0219ului, func\u021bionari publici ai Preturii Centru \u0219i Botanica, consilieri municipali, cadre didactice \u0219i voluntari ai Centrului de tineret. <\/span><\/span><\/p>\n<p align=\"justify\"><span style=\"font-family: Times New Roman, serif;\"><span style=\"font-size: large;\">Am sus\u021binut cu deschidere ac\u021biunea \u201dEco Day\u201d lansat\u0103 de organiza\u021bia motocicli\u0219tilor din Chi\u0219in\u0103u \u0219i ne-am al\u0103turat cu m\u0103nu\u0219i, saci, transport pentru evacuarea de\u0219eurilor, dar \u0219i dorin\u021b\u0103 de a acorda \u0219i \u00een aceast\u0103 s\u0103pt\u0103m\u00e2n\u0103 ajutor naturii.<\/span><\/span><\/p>\n\n\t\t<\/div>\n\t<\/div>\n\n<div class=\"vc_grid-container-wrapper vc_clearfix vc_grid-animation-fadeIn\">\n\t<div class=\"vc_grid-container vc_clearfix wpb_content_element vc_media_grid\" data-initial-loading-animation=\"fadeIn\" data-vc-grid-settings=\"{&quot;page_id&quot;:76895,&quot;style&quot;:&quot;all&quot;,&quot;action&quot;:&quot;vc_get_vc_grid_data&quot;,&quot;shortcode_id&quot;:&quot;1715065076199-eb8168d0-c202-0&quot;,&quot;tag&quot;:&quot;vc_media_grid&quot;}\" data-vc-request=\"https:\/\/chisinaucentru.md\/wp-admin\/admin-ajax.php\" data-vc-post-id=\"76895\" data-vc-public-nonce=\"71e3d605dc\">\n\t\t\n\t<\/div>\n<\/div><\/div><\/div><\/div><\/div>","protected":false},"excerpt":{"rendered":"<p>Am \u00eencheiat ast\u0103zi campania municipal\u0103 de salubrizare \u201dCur\u0103\u021benia general\u0103 de prim\u0103var\u0103\u201d care a demarat la \u00eenceputul lunii martie, cu o nou\u0103 ac\u021biune comun\u0103 de salubrizare \u0219i cu un ultim efort pentru a face ora\u0219ul mai curat \u00eenaintea s\u0103rb\u0103torii de Pa\u0219ti. La activitatea de salubrizare a teritoriului public din adiacentul r\u00e2ului B\u00eec desf\u0103\u0219urat\u0103 ast\u0103zi, 4 mai,&hellip;<\/p>","protected":false},"author":1,"featured_media":76933,"comment_status":"open","ping_status":"open","sticky":false,"template":"","format":"standard","meta":[],"categories":[244],"tags":[],"acf":[],"_links":{"self":[{"href":"https:\/\/chisinaucentru.md\/en\/wp-json\/wp\/v2\/posts\/76895"}],"collection":[{"href":"https:\/\/chisinaucentru.md\/en\/wp-json\/wp\/v2\/posts"}],"about":[{"href":"https:\/\/chisinaucentru.md\/en\/wp-json\/wp\/v2\/types\/post"}],"author":[{"embeddable":true,"href":"https:\/\/chisinaucentru.md\/en\/wp-json\/wp\/v2\/users\/1"}],"replies":[{"embeddable":true,"href":"https:\/\/chisinaucentru.md\/en\/wp-json\/wp\/v2\/comments?post=76895"}],"version-history":[{"count":3,"href":"https:\/\/chisinaucentru.md\/en\/wp-json\/wp\/v2\/posts\/76895\/revisions"}],"predecessor-version":[{"id":76957,"href":"https:\/\/chisinaucentru.md\/en\/wp-json\/wp\/v2\/posts\/76895\/revisions\/76957"}],"wp:featuredmedia":[{"embeddable":true,"href":"https:\/\/chisinaucentru.md\/en\/wp-json\/wp\/v2\/media\/76933"}],"wp:attachment":[{"href":"https:\/\/chisinaucentru.md\/en\/wp-json\/wp\/v2\/media?parent=76895"}],"wp:term":[{"taxonomy":"category","embeddable":true,"href":"https:\/\/chisinaucentru.md\/en\/wp-json\/wp\/v2\/categories?post=76895"},{"taxonomy":"post_tag","embeddable":true,"href":"https:\/\/chisinaucentru.md\/en\/wp-json\/wp\/v2\/tags?post=76895"}],"curies":[{"name":"wp","href":"https:\/\/api.w.org\/{rel}","templated":true}]}}