{"id":75760,"date":"2024-04-12T17:15:00","date_gmt":"2024-04-12T14:15:00","guid":{"rendered":"https:\/\/chisinaucentru.md\/?p=75760"},"modified":"2024-04-12T17:18:32","modified_gmt":"2024-04-12T14:18:32","slug":"primarul-ion-ceban-in-sedinta-de-lucru-cu-pretorul-sectorului-centru-vadim-hincu","status":"publish","type":"post","link":"https:\/\/chisinaucentru.md\/en\/primarul-ion-ceban-in-sedinta-de-lucru-cu-pretorul-sectorului-centru-vadim-hincu\/","title":{"rendered":"Primarul, Ion Ceban \u00een \u0219edin\u021b\u0103 de lucru cu Pretorul sectorului Centru, Vadim H\u00eencu"},"content":{"rendered":"<div class=\"vc_row wpb_row vc_row-fluid dt-default\" style=\"margin-top: 0px;margin-bottom: 0px\"><div class=\"wpb_column vc_column_container vc_col-sm-12\"><div class=\"vc_column-inner\"><div class=\"wpb_wrapper\">\n\t<div class=\"wpb_text_column wpb_content_element\" >\n\t\t<div class=\"wpb_wrapper\">\n\t\t\t<p align=\"justify\"><span style=\"font-family: Times New Roman, serif;\"><span style=\"font-size: large;\">La 11 aprilie, Primarul General de Chi\u0219in\u0103u, Ion Ceban \u00eempreun\u0103 cu Pretorul sectorului Centru, Vadim H\u00eencu au reunit \u00een \u0219edin\u021b\u0103 \u0219efii tuturor structurilor municipale, direc\u021biilor \u0219i serviciilor de profil. Sesiunea de discu\u021bii desf\u0103\u0219urat\u0103 la Pretura sectorului Centru s-a axat pe aspecte de dezvoltare \u00een comun a sectorului Centru, abordarea multidimensional\u0103 \u00een implementarea proiectelor urbane din centrul capitalei, consolidarea eforturilor \u00eentru solu\u021bionarea problemelor \u0219i necesit\u0103\u021bilor locuitorilor din sector.<\/span><\/span><\/p>\n<p align=\"justify\"><span style=\"font-family: Times New Roman, serif;\"><span style=\"font-size: large;\">Pretorul, Vadim H\u00eencu a prezentat \u00een cadrul \u0219edin\u021bei proiectele de infrastructur\u0103 aflate \u00een derulare \u00een sectorul Centru. A vorbit despre mersul lucr\u0103rilor din cea de-a doua etap\u0103 a reabilit\u0103rii Teatrului Verde din parcul Valea Morilor, precum \u0219i despre viitoarele proiecte de \u00eembun\u0103t\u0103\u021bire a confortului \u0219i calit\u0103\u021bi serviciilor publice \u00een sector.<\/span><\/span><\/p>\n<p align=\"justify\"><span style=\"font-family: Times New Roman, serif;\"><span style=\"font-size: large;\">Totodat\u0103, principalele subiecte ale \u00eentrevederii au vizat planificarea interven\u021biilor \u00een anul 2024 asupra tuturor domeniilor:<\/span><\/span><\/p>\n<ul>\n<li>\n<p align=\"justify\"><span style=\"font-family: Times New Roman, serif;\"><span style=\"font-size: large;\">Educa\u021bie: amenajarea \u00een timpul apropiat a acceselor c\u0103tre 13 institu\u021bii de \u00eenv\u0103\u021b\u0103m\u00e2nt din sector cu prioritizarea siguran\u021bei \u00een deplasare a copiiilor, a mobilit\u0103\u021bii \u0219i accesibilit\u0103\u021bii acestora, instalarea semnelor rutiere \u0219i a limitatoarelor de vitez\u0103 \u00een proximitatea unit\u0103\u021bilor educa\u021bionale.<\/span><\/span><\/p>\n<\/li>\n<li>\n<p align=\"justify\"><span style=\"font-family: Times New Roman, serif;\"><span style=\"font-size: large;\">S\u0103n\u0103tate: amenajare acceselor \u0219i a spa\u021biului de utilitate public\u0103 de la Spitalul Clinic Municipal de Copii \u201eValentin Ignatenco\u201d.<\/span><\/span><\/p>\n<\/li>\n<li>\n<p align=\"justify\"><span style=\"font-family: Times New Roman, serif;\"><span style=\"font-size: large;\">Spa\u021bii verzi \u0219i salubrizare: elaborarea planului dendrologic la scuarurile din strada Grenoble nr. 106, 31 August 1989 nr. 63 \u0219i de la strada Ciuflea, intensificarea lucr\u0103rilor de salubrizare la spa\u021biile publice din sector \u00een contextul desf\u0103\u0219ur\u0103rii Campaniei municipale \u201dCur\u0103\u021benia general\u0103 de prim\u0103var\u0103\u201d.<\/span><\/span><\/p>\n<\/li>\n<li>\n<p align=\"justify\"><span style=\"font-family: Times New Roman, serif;\"><span style=\"font-size: large;\">Drumuri: reabilitare acceselor pietonale, a trotuarelor din sectorul Centru, amenajarea parc\u0103rilor, repara\u021bia str\u0103zilor principale \u0219i secundare.<\/span><\/span><\/p>\n<\/li>\n<li>\n<p align=\"justify\"><span style=\"font-family: Times New Roman, serif;\"><span style=\"font-size: large;\">Locativ-comunal: modernizarea cur\u021bilor de bloc din sector, dotarea spa\u021biilor comune cu terenuri de joac\u0103 \u0219i sport, instalarea veceului public \u00een parcul Valea Morilor, analiza situa\u021biei c\u00e2inilor maidanezi.<\/span><\/span><\/p>\n<\/li>\n<\/ul>\n<p align=\"justify\"><span style=\"font-family: Times New Roman, serif;\"><span style=\"font-size: large;\">La fel, discutate au fost \u0219i alte oportunit\u0103\u021bi de solu\u021bionare a problemelor \u0219i necesit\u0103\u021bilor locuitorilor din sectorul Centru.<\/span><\/span><\/p>\n<p align=\"justify\"><span style=\"font-family: Times New Roman, serif;\"><span style=\"font-size: large;\">Este esen\u021bial ca \u00een \u00eendeplinirea atribu\u021biilor Preturii sectorului Centru s\u0103 r\u0103m\u00e2nem ata\u0219a\u021bi valorilor democratice \u0219i transparente pe care le promoveaz\u0103 Prim\u0103ria municipiului Chi\u0219in\u0103u, colaborarea, participarea public\u0103, dialogul \u00eentre autorit\u0103\u021bi \u0219i \u00eentre structuri administrative locale, astfel \u00eenc\u00e2t \u00eempreun\u0103 s\u0103 ac\u021bion\u0103m mai eficient \u00een beneficiul locuitorilor ora\u0219ului.<\/span><\/span><\/p>\n\n\t\t<\/div>\n\t<\/div>\n\n<div class=\"vc_grid-container-wrapper vc_clearfix vc_grid-animation-fadeIn\">\n\t<div class=\"vc_grid-container vc_clearfix wpb_content_element vc_media_grid\" data-initial-loading-animation=\"fadeIn\" data-vc-grid-settings=\"{&quot;page_id&quot;:75760,&quot;style&quot;:&quot;all&quot;,&quot;action&quot;:&quot;vc_get_vc_grid_data&quot;,&quot;shortcode_id&quot;:&quot;1712931310116-4385e406-4aae-9&quot;,&quot;tag&quot;:&quot;vc_media_grid&quot;}\" data-vc-request=\"https:\/\/chisinaucentru.md\/wp-admin\/admin-ajax.php\" data-vc-post-id=\"75760\" data-vc-public-nonce=\"bf2ed162b4\">\n\t\t\n\t<\/div>\n<\/div><\/div><\/div><\/div><\/div>","protected":false},"excerpt":{"rendered":"<p>La 11 aprilie, Primarul General de Chi\u0219in\u0103u, Ion Ceban \u00eempreun\u0103 cu Pretorul sectorului Centru, Vadim H\u00eencu au reunit \u00een \u0219edin\u021b\u0103 \u0219efii tuturor structurilor municipale, direc\u021biilor \u0219i serviciilor de profil. Sesiunea de discu\u021bii desf\u0103\u0219urat\u0103 la Pretura sectorului Centru s-a axat pe aspecte de dezvoltare \u00een comun a sectorului Centru, abordarea multidimensional\u0103 \u00een implementarea proiectelor urbane din&hellip;<\/p>","protected":false},"author":1,"featured_media":75807,"comment_status":"open","ping_status":"open","sticky":false,"template":"","format":"standard","meta":[],"categories":[244],"tags":[],"acf":[],"_links":{"self":[{"href":"https:\/\/chisinaucentru.md\/en\/wp-json\/wp\/v2\/posts\/75760"}],"collection":[{"href":"https:\/\/chisinaucentru.md\/en\/wp-json\/wp\/v2\/posts"}],"about":[{"href":"https:\/\/chisinaucentru.md\/en\/wp-json\/wp\/v2\/types\/post"}],"author":[{"embeddable":true,"href":"https:\/\/chisinaucentru.md\/en\/wp-json\/wp\/v2\/users\/1"}],"replies":[{"embeddable":true,"href":"https:\/\/chisinaucentru.md\/en\/wp-json\/wp\/v2\/comments?post=75760"}],"version-history":[{"count":3,"href":"https:\/\/chisinaucentru.md\/en\/wp-json\/wp\/v2\/posts\/75760\/revisions"}],"predecessor-version":[{"id":75884,"href":"https:\/\/chisinaucentru.md\/en\/wp-json\/wp\/v2\/posts\/75760\/revisions\/75884"}],"wp:featuredmedia":[{"embeddable":true,"href":"https:\/\/chisinaucentru.md\/en\/wp-json\/wp\/v2\/media\/75807"}],"wp:attachment":[{"href":"https:\/\/chisinaucentru.md\/en\/wp-json\/wp\/v2\/media?parent=75760"}],"wp:term":[{"taxonomy":"category","embeddable":true,"href":"https:\/\/chisinaucentru.md\/en\/wp-json\/wp\/v2\/categories?post=75760"},{"taxonomy":"post_tag","embeddable":true,"href":"https:\/\/chisinaucentru.md\/en\/wp-json\/wp\/v2\/tags?post=75760"}],"curies":[{"name":"wp","href":"https:\/\/api.w.org\/{rel}","templated":true}]}}