{"id":75758,"date":"2024-04-11T17:13:28","date_gmt":"2024-04-11T14:13:28","guid":{"rendered":"https:\/\/chisinaucentru.md\/?p=75758"},"modified":"2024-04-12T17:19:26","modified_gmt":"2024-04-12T14:19:26","slug":"prima-zi-a-campionatului-de-fotbal","status":"publish","type":"post","link":"https:\/\/chisinaucentru.md\/en\/prima-zi-a-campionatului-de-fotbal\/","title":{"rendered":"Prima zi a campionatului de fotbal"},"content":{"rendered":"<div class=\"vc_row wpb_row vc_row-fluid dt-default\" style=\"margin-top: 0px;margin-bottom: 0px\"><div class=\"wpb_column vc_column_container vc_col-sm-12\"><div class=\"vc_column-inner\"><div class=\"wpb_wrapper\">\n\t<div class=\"wpb_text_column wpb_content_element\" >\n\t\t<div class=\"wpb_wrapper\">\n\t\t\t<p align=\"justify\"><span style=\"color: #000000;\"><span style=\"font-family: Times New Roman, serif;\"><span style=\"font-size: large;\">La 11 \u0219i 12 aprilie, \u00een sectorul Centru se desf\u0103\u0219oar\u0103 turneul de fotbal \u201eCupa Pretorului\u201d cu participarea elevilor \u0219i studen\u021bilor institu\u021biilor de \u00eenv\u0103\u021b\u0103m\u00e2nt din sector.<\/span><\/span><\/span><\/p>\n<p align=\"justify\"><span style=\"color: #000000;\"><span style=\"font-family: Times New Roman, serif;\"><span style=\"font-size: large;\">Ast\u0103zi, \u00een deschiderea meciului juc\u0103torii au fost onora\u021bi de prezen\u021ba Pretorului sectorului Centru, Vadim H\u00eencu care a men\u021bionat \u00een mesajul s\u0103u de salut c\u0103 sportul reprezint\u0103 o nou\u0103 dimensiune prioritar\u0103 \u00een sectorul Centru, iar programul ac\u021biunilor sportive al Preturii sectorului Centru din acest an atrage cu \u00eencredere tot mai mul\u021bi parteneri \u0219i sus\u021bin\u0103tori, or la baza dezvolt\u0103rii culturii sportive \u0219i transformarea acesteia din activitate recreativ\u0103 \u00een domeniu generator de performan\u021b\u0103 \u0219i imagine local\u0103 o constituie abordarea colaborativ\u0103 \u00eentre institu\u021biile administrative \u0219i educative, mul\u021bumind pe aceast\u0103 cale liceelor \u0219i centrelor de excelen\u021b\u0103 din sector, participante \u00een cadrul competi\u021biei organizate de Pretur\u0103. <\/span><\/span><\/span><\/p>\n<p align=\"justify\"><span style=\"color: #000000;\"><span style=\"font-family: Times New Roman, serif;\"><span style=\"font-size: large;\">De asemenea, Pretorul \u0219i-a exprimat aprecierea sa la adresa tinerilor fotbali\u0219ti pentru interesul manifestat fa\u021b\u0103 de jocurile sportive, dorindu-le concentrare \u0219i perseveren\u021b\u0103 \u00een toate rundele competi\u021biei.<\/span><\/span><\/span><\/p>\n<p align=\"justify\"><span style=\"color: #000000;\"><span style=\"font-family: Times New Roman, serif;\"><span style=\"font-size: large;\"><span lang=\"ro-RO\">Tonul festiv al evenimentului sportiv a fost dat de ansamblul de dans modern \u201dPhoenix\u201d al cercului artistic din cadrul Liceului Teoretic \u201dMihai Viteazu\u201d, dup\u0103 care pe teren \u0219i-au dat \u00eent\u00e2lnire 8 echipe ale institu\u021biilor de \u00eenv\u0103\u021b\u0103m\u00e2nt liceal \u0219i preuniversitar din sectorul Centru. <\/span><\/span><\/span><\/span><\/p>\n<p align=\"justify\"><span style=\"color: #000000;\"><span style=\"font-family: Times New Roman, serif;\"><span style=\"font-size: large;\"><span lang=\"ro-RO\">&#8211; Liceul Teoretic \u201dMihai Viteazu\u201d<\/span><\/span><\/span><\/span><\/p>\n<p align=\"justify\"><span style=\"color: #000000;\"><span style=\"font-family: Times New Roman, serif;\"><span style=\"font-size: large;\"><span lang=\"ro-RO\">&#8211; Liceul Teoretic \u201dAristotel\u201d<\/span><\/span><\/span><\/span><\/p>\n<p align=\"justify\"><span style=\"color: #000000;\"><span style=\"font-family: Times New Roman, serif;\"><span style=\"font-size: large;\"><span lang=\"ro-RO\">&#8211; Liceul Teoretic \u201dMinerva\u201d<\/span><\/span><\/span><\/span><\/p>\n<p align=\"justify\"><span style=\"color: #000000;\"><span style=\"font-family: Times New Roman, serif;\"><span style=\"font-size: large;\"><span lang=\"ro-RO\">&#8211; Liceul Teoretic \u201dUniversul\u201d<\/span><\/span><\/span><\/span><\/p>\n<p align=\"justify\"><span style=\"color: #000000;\"><span style=\"font-family: Times New Roman, serif;\"><span style=\"font-size: large;\"><span lang=\"ro-RO\">&#8211; Centrul de excelen\u021b\u0103 \u00een energetic\u0103 \u0219i electronic\u0103<\/span><\/span><\/span><\/span><\/p>\n<p align=\"justify\"><span style=\"color: #000000;\"><span style=\"font-family: Times New Roman, serif;\"><span style=\"font-size: large;\"><span lang=\"ro-RO\">&#8211; Centrul de excelen\u021b\u0103 \u00een construc\u021bii<\/span><\/span><\/span><\/span><\/p>\n<p align=\"justify\"><span style=\"color: #000000;\"><span style=\"font-family: Times New Roman, serif;\"><span style=\"font-size: large;\"><span lang=\"ro-RO\">&#8211; Centrul de excelen\u021b\u0103 \u00een medicin\u0103 \u0219i farmacie \u201dRaisa Pacalo\u201d<\/span><\/span><\/span><\/span><\/p>\n<p align=\"justify\"><span style=\"color: #000000;\"><span style=\"font-family: Times New Roman, serif;\"><span style=\"font-size: large;\"><span lang=\"ro-RO\">&#8211; Centrul de excelen\u021b\u0103 \u00een administrarea afacerilor al UCCM<\/span><\/span><\/span><\/span><\/p>\n<p align=\"justify\"><span style=\"color: #000000;\"><span style=\"font-family: Times New Roman, serif;\"><span style=\"font-size: large;\"><span lang=\"ro-RO\">Centrul de excelen\u021b\u0103 \u00een administrarea afacerilor al UCCM<\/span><\/span><\/span><\/span><\/p>\n<p align=\"justify\"><span style=\"color: #000000;\"><span style=\"font-family: Times New Roman, serif;\"><span style=\"font-size: large;\"><span lang=\"ro-RO\">4 echipe cu cel mai mare scor s-au calificat \u00een final\u0103. Astfel, m\u00e2ine, 12 aprilie, \u00eencep\u00e2nd cu ora 13:00 juc\u0103torii vor bate mingea pentru trofeul c\u00e2\u0219tig\u0103tor.<\/span><\/span><\/span><\/span><\/p>\n<p align=\"justify\"><span style=\"color: #000000;\"><span style=\"font-family: Times New Roman, serif;\"><span style=\"font-size: large;\"><span lang=\"ro-RO\">G\u0103zduit de Liceul Teoretic \u201dMihai Viteazu\u201d turneul de fotbal \u201dCupa Pretorului 2024\u201d se desf\u0103\u0219oar\u0103 \u00een perioada 11-12 aprilie \u0219i este organizat cu suportul Preturii sectorului Centru.<\/span><\/span><\/span><\/span><\/p>\n\n\t\t<\/div>\n\t<\/div>\n\n<div class=\"vc_grid-container-wrapper vc_clearfix vc_grid-animation-fadeIn\">\n\t<div class=\"vc_grid-container vc_clearfix wpb_content_element vc_media_grid\" data-initial-loading-animation=\"fadeIn\" data-vc-grid-settings=\"{&quot;page_id&quot;:75758,&quot;style&quot;:&quot;all&quot;,&quot;action&quot;:&quot;vc_get_vc_grid_data&quot;,&quot;shortcode_id&quot;:&quot;1712931265237-fcbe9a53-7637-4&quot;,&quot;tag&quot;:&quot;vc_media_grid&quot;}\" data-vc-request=\"https:\/\/chisinaucentru.md\/wp-admin\/admin-ajax.php\" data-vc-post-id=\"75758\" data-vc-public-nonce=\"39ce34e9ee\">\n\t\t\n\t<\/div>\n<\/div><\/div><\/div><\/div><\/div>","protected":false},"excerpt":{"rendered":"<p>La 11 \u0219i 12 aprilie, \u00een sectorul Centru se desf\u0103\u0219oar\u0103 turneul de fotbal \u201eCupa Pretorului\u201d cu participarea elevilor \u0219i studen\u021bilor institu\u021biilor de \u00eenv\u0103\u021b\u0103m\u00e2nt din sector. Ast\u0103zi, \u00een deschiderea meciului juc\u0103torii au fost onora\u021bi de prezen\u021ba Pretorului sectorului Centru, Vadim H\u00eencu care a men\u021bionat \u00een mesajul s\u0103u de salut c\u0103 sportul reprezint\u0103 o nou\u0103 dimensiune prioritar\u0103&hellip;<\/p>","protected":false},"author":1,"featured_media":75761,"comment_status":"open","ping_status":"open","sticky":false,"template":"","format":"standard","meta":[],"categories":[244],"tags":[],"acf":[],"_links":{"self":[{"href":"https:\/\/chisinaucentru.md\/en\/wp-json\/wp\/v2\/posts\/75758"}],"collection":[{"href":"https:\/\/chisinaucentru.md\/en\/wp-json\/wp\/v2\/posts"}],"about":[{"href":"https:\/\/chisinaucentru.md\/en\/wp-json\/wp\/v2\/types\/post"}],"author":[{"embeddable":true,"href":"https:\/\/chisinaucentru.md\/en\/wp-json\/wp\/v2\/users\/1"}],"replies":[{"embeddable":true,"href":"https:\/\/chisinaucentru.md\/en\/wp-json\/wp\/v2\/comments?post=75758"}],"version-history":[{"count":4,"href":"https:\/\/chisinaucentru.md\/en\/wp-json\/wp\/v2\/posts\/75758\/revisions"}],"predecessor-version":[{"id":75887,"href":"https:\/\/chisinaucentru.md\/en\/wp-json\/wp\/v2\/posts\/75758\/revisions\/75887"}],"wp:featuredmedia":[{"embeddable":true,"href":"https:\/\/chisinaucentru.md\/en\/wp-json\/wp\/v2\/media\/75761"}],"wp:attachment":[{"href":"https:\/\/chisinaucentru.md\/en\/wp-json\/wp\/v2\/media?parent=75758"}],"wp:term":[{"taxonomy":"category","embeddable":true,"href":"https:\/\/chisinaucentru.md\/en\/wp-json\/wp\/v2\/categories?post=75758"},{"taxonomy":"post_tag","embeddable":true,"href":"https:\/\/chisinaucentru.md\/en\/wp-json\/wp\/v2\/tags?post=75758"}],"curies":[{"name":"wp","href":"https:\/\/api.w.org\/{rel}","templated":true}]}}