{"id":75587,"date":"2024-04-07T10:25:33","date_gmt":"2024-04-07T07:25:33","guid":{"rendered":"https:\/\/chisinaucentru.md\/?p=75587"},"modified":"2024-04-08T10:28:59","modified_gmt":"2024-04-08T07:28:59","slug":"ziua-mondiala-a-sanatatii-celebrata-grandios-in-centrul-capitalei","status":"publish","type":"post","link":"https:\/\/chisinaucentru.md\/en\/ziua-mondiala-a-sanatatii-celebrata-grandios-in-centrul-capitalei\/","title":{"rendered":"Ziua Mondial\u0103 a S\u0103n\u0103t\u0103\u021bii celebrat\u0103 grandios \u00een centrul capitalei"},"content":{"rendered":"<div class=\"vc_row wpb_row vc_row-fluid dt-default\" style=\"margin-top: 0px;margin-bottom: 0px\"><div class=\"wpb_column vc_column_container vc_col-sm-12\"><div class=\"vc_column-inner\"><div class=\"wpb_wrapper\">\n\t<div class=\"wpb_text_column wpb_content_element\" >\n\t\t<div class=\"wpb_wrapper\">\n\t\t\t<p align=\"justify\"><span style=\"color: #050505;\"><span style=\"font-family: Times New Roman, serif;\"><span style=\"font-size: large;\">Eveniment de amploare dedicat Zilei Mondiale a S\u0103n\u0103t\u0103\u021bii, instituit\u0103 de c\u0103tre ONU la 7 aprilie cu genericul din 2024 \u201eS\u0103n\u0103tatea mea, dreptul meu\u201d, a avut loc ast\u0103zi \u00een scuarul Centrului Comercial UNIC. <\/span><\/span><\/span><\/p>\n<p align=\"justify\"><span style=\"color: #050505;\"><span style=\"font-family: Times New Roman, serif;\"><span style=\"font-size: large;\">Am fost onora\u021bi s\u0103-i avem al\u0103turi de noi pe Pretorul sectorului Centru, Vadim H\u00eencu, Primarul General de Chi\u0219in\u0103u, Ion Ceban, func\u021bionari ai Prim\u0103riei \u0219i consilieri municipali.<\/span><\/span><\/span><\/p>\n<p align=\"justify\"><span style=\"color: #050505;\"><span style=\"font-family: Times New Roman, serif;\"><span style=\"font-size: large;\">Organizat de Pretura sectorului Centru, evenimentul face parte din proiectul moldo-elve\u021bian \u201eVia\u021b\u0103 s\u0103n\u0103toas\u0103: reducerea poverii bolilor netransmisibile\u201d \u0219i reprezint\u0103 o premier\u0103 pentru capital\u0103, unde partenerii publici \u0219i priva\u021bi s-au reunit \u00eentru promovarea modului s\u0103n\u0103tos de via\u021b\u0103, con\u0219tientizarea problemelor de s\u0103n\u0103tate \u0219i calitate a vie\u021bii.<\/span><\/span><\/span><\/p>\n<p align=\"justify\"><span style=\"color: #050505;\"><span style=\"font-family: Times New Roman, serif;\"><span style=\"font-size: large;\">Pornind de la premisa c\u0103 domeniul s\u0103n\u0103t\u0103\u021bii necesit\u0103 o abordare integrat\u0103 \u0219i multidimensional\u0103, \u00een cadrul evenimentului de ast\u0103zi am centrat \u00eentr-un spa\u021biu comun diverse activit\u0103\u021bi \u00eendreptate c\u0103tre toate v\u00e2rstele \u0219i categoriile de popula\u021bie.<\/span><\/span><\/span><\/p>\n<p align=\"justify\"><span style=\"color: #050505;\"><span style=\"font-family: Times New Roman, serif;\"><span style=\"font-size: large;\">Locuitorii \u0219i vizitatorii ora\u0219ului au explorat cu interes cele 3 zone amenajate: <\/span><\/span><\/span><\/p>\n<ul>\n<li>\n<p align=\"justify\"><span style=\"color: #050505;\"><span style=\"font-family: Times New Roman, serif;\"><span style=\"font-size: large;\">Zona scenei- show chimic cu experimente \u0219i animatori, recital muzical- coregrafic prezentat de copii;<\/span><\/span><\/span><\/p>\n<\/li>\n<li>\n<p align=\"justify\"><span style=\"color: #050505;\"><span style=\"font-family: Times New Roman, serif;\"><span style=\"font-size: large;\">Zona gastronomic\u0103- iarmaroc de produse locale, ecologice \u0219i s\u0103n\u0103toase;<\/span><\/span><\/span><\/p>\n<\/li>\n<li>\n<p align=\"justify\"><span style=\"color: #050505;\"><span style=\"font-family: Times New Roman, serif;\"><span style=\"font-size: large;\">Zona medical\u0103- testarea glicemiei, a tensiunii arteriale, a indicilor corporali, consultarea \u0219i informarea asupra prevenirii bolilor netransmisibile, master-class de acordare a primului ajutor medical, practici de aromaterapie meditativ\u0103, yoga \u0219i statul de cuie, terapie cu placa sadhu, gimnastic\u0103.<\/span><\/span><\/span><\/p>\n<\/li>\n<\/ul>\n<p align=\"justify\"><span style=\"color: #050505;\"><span style=\"font-family: Times New Roman, serif;\"><span style=\"font-size: large;\">\u00cen discursul s\u0103u, Pretorul, Vadim H\u00eencu a men\u021bionat: \u201eS\u0103 nu uit\u0103m c\u0103 amenin\u021b\u0103rile la adresa s\u0103n\u0103t\u0103\u021bii publice sunt tot mai multe \u0219i, dincolo de a rezolva problemele cu care ne confrunt\u0103m deja, trebuie s\u0103 avem capacitatea de a anticipa \u0219i de a fi preg\u0103ti\u021bi pentru a face fa\u021b\u0103 noilor provoc\u0103ri, \u00een vederea asigur\u0103rii unei vie\u021bi s\u0103n\u0103toase \u0219i, implicit, a bun\u0103st\u0103rii pentru to\u021bi cet\u0103\u021benii, indiferent de v\u00e2rst\u0103. Tocmai de aceea, este at\u00e2t de important ca s\u0103n\u0103tatea s\u0103 fie o prioritate pentru administra\u021bia public\u0103 local\u0103\u201d.<\/span><\/span><\/span><\/p>\n<p align=\"justify\"><span style=\"color: #050505;\"><span style=\"font-family: Times New Roman, serif;\"><span style=\"font-size: large;\">La final, Vadim H\u00eencu a mul\u021bumit pentru implicare activ\u0103 \u00een cadrul evenimentului institu\u021biilor publice, agen\u021bilor economici \u0219i sectorului asociativ apreciind partenerii cu diplome.<\/span><\/span><\/span><\/p>\n\n\t\t<\/div>\n\t<\/div>\n\n<div class=\"vc_grid-container-wrapper vc_clearfix vc_grid-animation-fadeIn\">\n\t<div class=\"vc_grid-container vc_clearfix wpb_content_element vc_media_grid\" data-initial-loading-animation=\"fadeIn\" data-vc-grid-settings=\"{&quot;page_id&quot;:75587,&quot;style&quot;:&quot;all&quot;,&quot;action&quot;:&quot;vc_get_vc_grid_data&quot;,&quot;shortcode_id&quot;:&quot;1712561172644-6c315613-0236-9&quot;,&quot;tag&quot;:&quot;vc_media_grid&quot;}\" data-vc-request=\"https:\/\/chisinaucentru.md\/wp-admin\/admin-ajax.php\" data-vc-post-id=\"75587\" data-vc-public-nonce=\"39ce34e9ee\">\n\t\t\n\t<\/div>\n<\/div><\/div><\/div><\/div><\/div>","protected":false},"excerpt":{"rendered":"<p>Eveniment de amploare dedicat Zilei Mondiale a S\u0103n\u0103t\u0103\u021bii, instituit\u0103 de c\u0103tre ONU la 7 aprilie cu genericul din 2024 \u201eS\u0103n\u0103tatea mea, dreptul meu\u201d, a avut loc ast\u0103zi \u00een scuarul Centrului Comercial UNIC. Am fost onora\u021bi s\u0103-i avem al\u0103turi de noi pe Pretorul sectorului Centru, Vadim H\u00eencu, Primarul General de Chi\u0219in\u0103u, Ion Ceban, func\u021bionari ai Prim\u0103riei&hellip;<\/p>","protected":false},"author":1,"featured_media":75672,"comment_status":"open","ping_status":"open","sticky":false,"template":"","format":"standard","meta":[],"categories":[244],"tags":[],"acf":[],"_links":{"self":[{"href":"https:\/\/chisinaucentru.md\/en\/wp-json\/wp\/v2\/posts\/75587"}],"collection":[{"href":"https:\/\/chisinaucentru.md\/en\/wp-json\/wp\/v2\/posts"}],"about":[{"href":"https:\/\/chisinaucentru.md\/en\/wp-json\/wp\/v2\/types\/post"}],"author":[{"embeddable":true,"href":"https:\/\/chisinaucentru.md\/en\/wp-json\/wp\/v2\/users\/1"}],"replies":[{"embeddable":true,"href":"https:\/\/chisinaucentru.md\/en\/wp-json\/wp\/v2\/comments?post=75587"}],"version-history":[{"count":4,"href":"https:\/\/chisinaucentru.md\/en\/wp-json\/wp\/v2\/posts\/75587\/revisions"}],"predecessor-version":[{"id":75673,"href":"https:\/\/chisinaucentru.md\/en\/wp-json\/wp\/v2\/posts\/75587\/revisions\/75673"}],"wp:featuredmedia":[{"embeddable":true,"href":"https:\/\/chisinaucentru.md\/en\/wp-json\/wp\/v2\/media\/75672"}],"wp:attachment":[{"href":"https:\/\/chisinaucentru.md\/en\/wp-json\/wp\/v2\/media?parent=75587"}],"wp:term":[{"taxonomy":"category","embeddable":true,"href":"https:\/\/chisinaucentru.md\/en\/wp-json\/wp\/v2\/categories?post=75587"},{"taxonomy":"post_tag","embeddable":true,"href":"https:\/\/chisinaucentru.md\/en\/wp-json\/wp\/v2\/tags?post=75587"}],"curies":[{"name":"wp","href":"https:\/\/api.w.org\/{rel}","templated":true}]}}