{"id":75320,"date":"2024-04-01T08:30:37","date_gmt":"2024-04-01T05:30:37","guid":{"rendered":"https:\/\/chisinaucentru.md\/?p=75320"},"modified":"2024-04-01T18:32:53","modified_gmt":"2024-04-01T15:32:53","slug":"pretorul-sectorului-centru-in-dialog-cu-presedintele-asociatiei-de-locatari-din-sector","status":"publish","type":"post","link":"https:\/\/chisinaucentru.md\/en\/pretorul-sectorului-centru-in-dialog-cu-presedintele-asociatiei-de-locatari-din-sector\/","title":{"rendered":"Pretorul sectorului Centru \u00een dialog cu Pre\u0219edintele asocia\u021biei de locatari din sector"},"content":{"rendered":"<div class=\"vc_row wpb_row vc_row-fluid dt-default\" style=\"margin-top: 0px;margin-bottom: 0px\"><div class=\"wpb_column vc_column_container vc_col-sm-12\"><div class=\"vc_column-inner\"><div class=\"wpb_wrapper\">\n\t<div class=\"wpb_text_column wpb_content_element\" >\n\t\t<div class=\"wpb_wrapper\">\n\t\t\t<p align=\"justify\"><span style=\"color: #050505;\"><span style=\"font-family: Times New Roman, serif;\"><span style=\"font-size: large;\">\u00cen cursul dup\u0103-amiezii de 1 aprilie, Vadim H\u00eencu, Pretorul sectorului Centru a avut o \u00eentrevedere cu Ion Garam, Pre\u0219edintele asocia\u021biei de locatari din strada Spr\u00e2ncenoaia, 1A. Stabilit\u0103 \u00een contextul zilei de audien\u021b\u0103 a Pretorului cu cet\u0103\u021benii, \u00eent\u00e2lnirea marcheaz\u0103 continuarea bunei colabor\u0103ri legate \u00een timp \u00eentre administra\u021bia public\u0103 local\u0103 de sector \u0219i asocia\u021bia de locatari din cartierul Telecentru.<\/span><\/span><\/span><\/p>\n<p align=\"justify\"><span style=\"color: #050505;\"><span style=\"font-family: Times New Roman, serif;\"><span style=\"font-size: large;\">Puse \u00een discu\u021bie au fost proiectele de amenajare a spa\u021biilor publice adiacente blocurilor de locuit, terenuri de sport \u0219i joac\u0103, examinarea problemelor aferente zonei reziden\u021biale \u0219i identificarea posibilelor solu\u021bii \u00een beneficiul locuitorilor. <\/span><\/span><\/span><\/p>\n<p align=\"justify\"><span style=\"color: #050505;\"><span style=\"font-family: Times New Roman, serif;\"><span style=\"font-size: large;\">Subsidiar, p\u0103r\u021bile au convenit asupra organiz\u0103rii unei campanii de salubrizare \u00een preajma parcului din strada Academiei \u0219i Spr\u00e2ncenoaia spre finalul acestei s\u0103pt\u0103m\u00e2ni.<\/span><\/span><\/span><\/p>\n<p align=\"justify\"><span style=\"color: #050505;\"><span style=\"font-family: Times New Roman, serif;\"><span style=\"font-size: large;\">Vadim H\u00eencu, Pretorul sectorului Centru a asigurat Pre\u0219edintele asocia\u021biei de locatari de \u00eentregul suport \u0219i contribu\u021bie din partea autorit\u0103\u021bilor la dezvoltarea zonei din cadrul complexelor locative, apreciind implicarea Pre\u0219edintelui, Ion Garam \u00een reprezentarea intereselor locatarilor, precum \u0219i la progresul microregiunilor din sectorul Centru.<\/span><\/span><\/span><\/p>\n<p align=\"justify\"><span style=\"color: #050505;\"><span style=\"font-family: Times New Roman, serif;\"><span style=\"font-size: large;\">\u00cencuraj\u0103m comunicarea \u00eentre Pretura sectorului Centru \u0219i asocia\u021biile de locatari, aceasta faciliteaz\u0103 procesul de guvernare local\u0103 participativ\u0103, responsabilizeaz\u0103 p\u0103r\u021bile de a realiza ac\u021biuni coordonate \u0219i ajut\u0103 la rezolvarea problemelor care-i afecteaz\u0103 pe locuitori \u00een scopul dezvolt\u0103rii sectorului Centru.<\/span><\/span><\/span><\/p>\n\n\t\t<\/div>\n\t<\/div>\n\n<div class=\"vc_grid-container-wrapper vc_clearfix vc_grid-animation-fadeIn\">\n\t<div class=\"vc_grid-container vc_clearfix wpb_content_element vc_media_grid\" data-initial-loading-animation=\"fadeIn\" data-vc-grid-settings=\"{&quot;page_id&quot;:75320,&quot;style&quot;:&quot;all&quot;,&quot;action&quot;:&quot;vc_get_vc_grid_data&quot;,&quot;shortcode_id&quot;:&quot;1711985508588-2a480a17-05d0-3&quot;,&quot;tag&quot;:&quot;vc_media_grid&quot;}\" data-vc-request=\"https:\/\/chisinaucentru.md\/wp-admin\/admin-ajax.php\" data-vc-post-id=\"75320\" data-vc-public-nonce=\"834cf87f23\">\n\t\t\n\t<\/div>\n<\/div><\/div><\/div><\/div><\/div>","protected":false},"excerpt":{"rendered":"<p>\u00cen cursul dup\u0103-amiezii de 1 aprilie, Vadim H\u00eencu, Pretorul sectorului Centru a avut o \u00eentrevedere cu Ion Garam, Pre\u0219edintele asocia\u021biei de locatari din strada Spr\u00e2ncenoaia, 1A. Stabilit\u0103 \u00een contextul zilei de audien\u021b\u0103 a Pretorului cu cet\u0103\u021benii, \u00eent\u00e2lnirea marcheaz\u0103 continuarea bunei colabor\u0103ri legate \u00een timp \u00eentre administra\u021bia public\u0103 local\u0103 de sector \u0219i asocia\u021bia de locatari din&hellip;<\/p>","protected":false},"author":1,"featured_media":75331,"comment_status":"open","ping_status":"open","sticky":false,"template":"","format":"standard","meta":[],"categories":[244],"tags":[],"acf":[],"_links":{"self":[{"href":"https:\/\/chisinaucentru.md\/en\/wp-json\/wp\/v2\/posts\/75320"}],"collection":[{"href":"https:\/\/chisinaucentru.md\/en\/wp-json\/wp\/v2\/posts"}],"about":[{"href":"https:\/\/chisinaucentru.md\/en\/wp-json\/wp\/v2\/types\/post"}],"author":[{"embeddable":true,"href":"https:\/\/chisinaucentru.md\/en\/wp-json\/wp\/v2\/users\/1"}],"replies":[{"embeddable":true,"href":"https:\/\/chisinaucentru.md\/en\/wp-json\/wp\/v2\/comments?post=75320"}],"version-history":[{"count":3,"href":"https:\/\/chisinaucentru.md\/en\/wp-json\/wp\/v2\/posts\/75320\/revisions"}],"predecessor-version":[{"id":75345,"href":"https:\/\/chisinaucentru.md\/en\/wp-json\/wp\/v2\/posts\/75320\/revisions\/75345"}],"wp:featuredmedia":[{"embeddable":true,"href":"https:\/\/chisinaucentru.md\/en\/wp-json\/wp\/v2\/media\/75331"}],"wp:attachment":[{"href":"https:\/\/chisinaucentru.md\/en\/wp-json\/wp\/v2\/media?parent=75320"}],"wp:term":[{"taxonomy":"category","embeddable":true,"href":"https:\/\/chisinaucentru.md\/en\/wp-json\/wp\/v2\/categories?post=75320"},{"taxonomy":"post_tag","embeddable":true,"href":"https:\/\/chisinaucentru.md\/en\/wp-json\/wp\/v2\/tags?post=75320"}],"curies":[{"name":"wp","href":"https:\/\/api.w.org\/{rel}","templated":true}]}}