{"id":74716,"date":"2024-03-22T10:30:45","date_gmt":"2024-03-22T08:30:45","guid":{"rendered":"https:\/\/chisinaucentru.md\/?p=74716"},"modified":"2024-03-25T10:35:20","modified_gmt":"2024-03-25T08:35:20","slug":"spectacol-aniversar-55-de-ani-de-la-fondarea-centrului-de-creatie-floarea-soarelui","status":"publish","type":"post","link":"https:\/\/chisinaucentru.md\/en\/spectacol-aniversar-55-de-ani-de-la-fondarea-centrului-de-creatie-floarea-soarelui\/","title":{"rendered":"Spectacol aniversar- 55 de ani de la fondarea Centrului de Crea\u021bie \u201eFloarea soarelui\u201d"},"content":{"rendered":"<div class=\"vc_row wpb_row vc_row-fluid dt-default\" style=\"margin-top: 0px;margin-bottom: 0px\"><div class=\"wpb_column vc_column_container vc_col-sm-12\"><div class=\"vc_column-inner\"><div class=\"wpb_wrapper\">\n\t<div class=\"wpb_text_column wpb_content_element\" >\n\t\t<div class=\"wpb_wrapper\">\n\t\t\t<p align=\"justify\"><span style=\"color: #050505;\"><span style=\"font-family: Times New Roman, serif;\"><span style=\"font-size: large;\">Vadim H\u00eencu, Pretorul sectorului Centru \u0219i-a \u00eencheiat aceast\u0103 s\u0103pt\u0103m\u00e2n\u0103 pe acorduri de muzic\u0103, printre cei mai talenta\u021bi copii din sectorul Centru, acolo unde s-a desf\u0103\u0219urat concertul aniversar de anvergur\u0103 cu prilejul celor 55 de ani de activitate remarcabil\u0103 a Centrului de Crea\u021bie pentru Copii \u201eFloarea soarelui\u201d din sectorul Centru.<\/span><\/span><\/span><\/p>\n<p align=\"justify\"><span style=\"color: #050505;\"><span style=\"font-family: Times New Roman, serif;\"><span style=\"font-size: large;\">Al\u0103turi de Viceprimarul municipiului Chi\u0219in\u0103u, Angela Cutasevici, Pretorul, Vadim H\u00eencu a venit s\u0103 felicite cordial institu\u021bia de \u00eenv\u0103\u021b\u0103m\u00e2nt extra\u0219colar din sector pentru 55 de ani de performan\u021b\u0103 \u00een promovarea valorilor culturale \u00een r\u00e2ndul tinerei genera\u021bii.<\/span><\/span><\/span><\/p>\n<p align=\"justify\"><span style=\"color: #050505;\"><span style=\"font-family: Times New Roman, serif;\"><span style=\"font-size: large;\">***<\/span><\/span><\/span><\/p>\n<p align=\"justify\"><span style=\"color: #050505;\"><span style=\"font-family: Times New Roman, serif;\"><span style=\"font-size: large;\">Cu 55 de ani \u00een urm\u0103 a \u00eenceput istoria Centrului de crea\u021bie \u201eFloarea soarelui\u201d din sectorul Centru, atunci \u0219i-a \u00eendreptat fa\u021ba pentru prima dat\u0103 spre soare, \u0219i tot de atunci, de 55 de ani, dintre toate institu\u021biile extra\u0219colare Centrul de Crea\u021bie pentru copii \u0219i adolescen\u021bi \u201eFloarea soarelui\u201d este constant \u00een lumin\u0103.<\/span><\/span><\/span><\/p>\n<p align=\"justify\"><span style=\"color: #050505;\"><span style=\"font-family: Times New Roman, serif;\"><span style=\"font-size: large;\">\u00cen tot acest timp, profesorii au tras brazde ad\u00e2nci \u00een sufletele \u015fi inimile elevilor, au pus semin\u021bele artei \u0219i a valorilor culturale \u0219i au udat cu dragoste de frumos \u0219i de crea\u021bie.<\/span><\/span><\/span><\/p>\n<p align=\"justify\"><span style=\"color: #050505;\"><span style=\"font-family: Times New Roman, serif;\"><span style=\"font-size: large;\">Ast\u0103zi, institu\u021bia de \u00eenv\u0103\u021b\u0103m\u00e2nt artistic extra\u0219colar este o floare bine \u00eenr\u0103d\u0103cinat\u0103 \u00een tagma cultural\u0103 din Chi\u0219in\u0103u, nu doar din sector. Pe care admir\u00e2nd-o sim\u021bi miros de acuarel\u0103 \u0219i sunet de vioar\u0103, care te mi\u0219c\u0103 \u00een ritm de vals \u0219i \u00ee\u021bi provoac\u0103 emo\u021biile din m\u0103\u0219ti \u0219i roluri teatrale.<\/span><\/span><\/span><\/p>\n<p align=\"justify\"><span style=\"color: #050505;\">\u201e<span style=\"font-family: Times New Roman, serif;\"><span style=\"font-size: large;\">Floarea soarelui\u201d este fabrica de talente care a reu\u0219it s\u0103 inspire \u0219i s\u0103 preg\u0103teasc\u0103 genera\u021bii de copii, deschiz\u00e2ndu-le drumul c\u0103tre cariere artistice de succes. <\/span><\/span><\/span><\/p>\n<p align=\"justify\"><span style=\"color: #050505;\"><span style=\"font-family: Times New Roman, serif;\"><span style=\"font-size: large;\">Pretura sectorului Centru recunoa\u0219te valoarea impetuoas\u0103 pe care o are Centrul de Crea\u021bie \u00een dezvoltarea armonioas\u0103 a copiilor. Am avut de fiecare dat\u0103 emo\u021bii c\u00e2nd ne reprezenta\u021bi sectorul la concursuri \u0219i festivaluri; \u0219i ne-am bucurat de fiecare dat\u0103 cu sinceritate c\u00e2nd aducea\u021bi trofeul c\u00e2\u0219tig\u0103tor acas\u0103.<\/span><\/span><\/span><\/p>\n<p align=\"justify\"><span style=\"color: #050505;\"><span style=\"font-family: Times New Roman, serif;\"><span style=\"font-size: large;\">Felicit\u0103m profesorii, copiii \u0219i p\u0103rin\u021bii cu minunatul prilej de celebrare a 55 de ani de activitate a Centrului de Crea\u021bie \u201eFloarea soarelui\u201d din sectorul Centru, institu\u021bie emblematic\u0103 care ne duce faima \u00een \u021bar\u0103 \u0219i \u00een afara ei! La Mul\u021bi Ani!<\/span><\/span><\/span><\/p>\n\n\t\t<\/div>\n\t<\/div>\n\n<div class=\"vc_grid-container-wrapper vc_clearfix vc_grid-animation-fadeIn\">\n\t<div class=\"vc_grid-container vc_clearfix wpb_content_element vc_media_grid\" data-initial-loading-animation=\"fadeIn\" data-vc-grid-settings=\"{&quot;page_id&quot;:74716,&quot;style&quot;:&quot;all&quot;,&quot;action&quot;:&quot;vc_get_vc_grid_data&quot;,&quot;shortcode_id&quot;:&quot;1711355519052-936ece36-1c34-2&quot;,&quot;tag&quot;:&quot;vc_media_grid&quot;}\" data-vc-request=\"https:\/\/chisinaucentru.md\/wp-admin\/admin-ajax.php\" data-vc-post-id=\"74716\" data-vc-public-nonce=\"39ce34e9ee\">\n\t\t\n\t<\/div>\n<\/div><\/div><\/div><\/div><\/div>","protected":false},"excerpt":{"rendered":"<p>Vadim H\u00eencu, Pretorul sectorului Centru \u0219i-a \u00eencheiat aceast\u0103 s\u0103pt\u0103m\u00e2n\u0103 pe acorduri de muzic\u0103, printre cei mai talenta\u021bi copii din sectorul Centru, acolo unde s-a desf\u0103\u0219urat concertul aniversar de anvergur\u0103 cu prilejul celor 55 de ani de activitate remarcabil\u0103 a Centrului de Crea\u021bie pentru Copii \u201eFloarea soarelui\u201d din sectorul Centru. Al\u0103turi de Viceprimarul municipiului Chi\u0219in\u0103u, Angela&hellip;<\/p>","protected":false},"author":1,"featured_media":74719,"comment_status":"open","ping_status":"open","sticky":false,"template":"","format":"standard","meta":[],"categories":[244],"tags":[],"acf":[],"_links":{"self":[{"href":"https:\/\/chisinaucentru.md\/en\/wp-json\/wp\/v2\/posts\/74716"}],"collection":[{"href":"https:\/\/chisinaucentru.md\/en\/wp-json\/wp\/v2\/posts"}],"about":[{"href":"https:\/\/chisinaucentru.md\/en\/wp-json\/wp\/v2\/types\/post"}],"author":[{"embeddable":true,"href":"https:\/\/chisinaucentru.md\/en\/wp-json\/wp\/v2\/users\/1"}],"replies":[{"embeddable":true,"href":"https:\/\/chisinaucentru.md\/en\/wp-json\/wp\/v2\/comments?post=74716"}],"version-history":[{"count":3,"href":"https:\/\/chisinaucentru.md\/en\/wp-json\/wp\/v2\/posts\/74716\/revisions"}],"predecessor-version":[{"id":74769,"href":"https:\/\/chisinaucentru.md\/en\/wp-json\/wp\/v2\/posts\/74716\/revisions\/74769"}],"wp:featuredmedia":[{"embeddable":true,"href":"https:\/\/chisinaucentru.md\/en\/wp-json\/wp\/v2\/media\/74719"}],"wp:attachment":[{"href":"https:\/\/chisinaucentru.md\/en\/wp-json\/wp\/v2\/media?parent=74716"}],"wp:term":[{"taxonomy":"category","embeddable":true,"href":"https:\/\/chisinaucentru.md\/en\/wp-json\/wp\/v2\/categories?post=74716"},{"taxonomy":"post_tag","embeddable":true,"href":"https:\/\/chisinaucentru.md\/en\/wp-json\/wp\/v2\/tags?post=74716"}],"curies":[{"name":"wp","href":"https:\/\/api.w.org\/{rel}","templated":true}]}}