{"id":74609,"date":"2024-03-19T15:38:55","date_gmt":"2024-03-19T13:38:55","guid":{"rendered":"https:\/\/chisinaucentru.md\/?p=74609"},"modified":"2024-03-21T15:47:00","modified_gmt":"2024-03-21T13:47:00","slug":"19-martie-ziua-mondiala-a-asistentului-social","status":"publish","type":"post","link":"https:\/\/chisinaucentru.md\/en\/19-martie-ziua-mondiala-a-asistentului-social\/","title":{"rendered":"19 martie- Ziua Mondial\u0103 a Asistentului Social"},"content":{"rendered":"<div class=\"vc_row wpb_row vc_row-fluid dt-default\" style=\"margin-top: 0px;margin-bottom: 0px\"><div class=\"wpb_column vc_column_container vc_col-sm-12\"><div class=\"vc_column-inner\"><div class=\"wpb_wrapper\">\n\t<div class=\"wpb_text_column wpb_content_element\" >\n\t\t<div class=\"wpb_wrapper\">\n\t\t\t<p align=\"justify\"><span style=\"color: #050505;\"><span style=\"font-family: inherit, serif;\"><span style=\"font-size: large;\">Ast\u0103zi, prin intermediul proiectului caritabil desf\u0103\u0219urat de Pretura sectorului Centru- cantina social\u0103, dorim s\u0103 punem \u00een lumin\u0103 asisten\u021bii sociali din sectorul Centru<\/span><\/span><\/span><\/p>\n<p align=\"justify\"><span style=\"color: #050505;\"><span style=\"font-family: inherit, serif;\"><span style=\"font-size: large;\">La data de 19 martie este Ziua Mondial\u0103 a Asistentului Social, proclamat\u0103 de Organiza\u021bia Na\u021biunilor Unite.<\/span><\/span><\/span><\/p>\n<p align=\"justify\"><span style=\"color: #050505;\"><span style=\"font-family: inherit, serif;\"><span style=\"font-size: large;\">O contribu\u021bie semnificativ\u0103 \u00een realizarea campaniei sociale de distribuire la pachet a alimentelor persoanelor social-vulnerabile din sector se datoreaz\u0103 Direc\u021biei asisten\u021b\u0103 social\u0103 Centru.<\/span><\/span><\/span><\/p>\n<p align=\"justify\"><span style=\"color: #050505;\"><span style=\"font-family: inherit, serif;\"><span style=\"font-size: large;\">Asisten\u021bii sociali \u00eentocmesc lunar listele beneficiarilor, asigur\u0103 rota\u021bia periodic\u0103 a persoanelor \u00een scopul respect\u0103rii principiului egalit\u0103\u021bii de \u0219anse \u0219i echit\u0103\u021bii, contacteaz\u0103 telefonic sau viziteaz\u0103 acas\u0103 beneficiarii pentru asigurarea \u00eentregului suport informa\u021bional cu referire la cantin\u0103, monitorizeaz\u0103 frecventarea sistematic\u0103 a persoanelor \u0219i la necesitate modific\u0103\/\u00eenlocuiesc persoanele din list\u0103.<\/span><\/span><\/span><\/p>\n<p align=\"justify\"><span style=\"color: #050505;\"><span style=\"font-family: inherit, serif;\"><span style=\"font-size: large;\">Mai mult, este de men\u021bionat faptul c\u0103 printre beneficiarii cantinei din cadrul Preturii sectorului Centru sunt persoane imobilizate la pat, cu afec\u021biuni locomotorii, nev\u0103z\u0103tori dar \u0219i cu alte forme de dizabilitate. De suport umanitar \u00eens\u0103, nu sunt \u00eengr\u0103di\u021bi, Pretura sectorului Centru are grij\u0103 \u0219i de ei. <\/span><\/span><\/span><\/p>\n<p align=\"justify\"><span style=\"color: #050505;\"><span style=\"font-family: inherit, serif;\"><span style=\"font-size: large;\">Pentru ace\u0219tia pr\u00e2nzul cald este \u00een fiecare zi ridicat de c\u0103tre asisten\u021bii lor sociali care le duc m\u00e2ncarea direct la domiciliu. <\/span><\/span><\/span><\/p>\n<p align=\"justify\"><span style=\"color: #050505;\"><span style=\"font-family: inherit, serif;\"><span style=\"font-size: large;\">\u00cen fond, Direc\u021bia asisten\u021b\u0103 social\u0103 Centru coordoneaz\u0103 o bun\u0103 parte a procesului de organizare \u0219i desf\u0103\u0219urare a proiectului caritabil lansat la ini\u021biativa Pretorului, Vadim H\u00eencu din Noiembrie 2022. Chiar de la \u00eenceputul campaniei, Direc\u021bia ne este partener de \u00eencredere la crearea faptelor bune pentru oamenii din sectorul nostru.<\/span><\/span><\/span><\/p>\n<p align=\"justify\"><span style=\"color: #050505;\"><span style=\"font-family: inherit, serif;\"><span style=\"font-size: large;\">Le mul\u021bumim asisten\u021bilor sociali din sectorul Centru pentru implicare \u0219i colegialitate, \u00eempreun\u0103 cu ei dezvolt\u0103m comunitatea!<\/span><\/span><\/span><\/p>\n<p>\u00a0<\/p>\n\n\t\t<\/div>\n\t<\/div>\n\n<div class=\"vc_grid-container-wrapper vc_clearfix vc_grid-animation-fadeIn\">\n\t<div class=\"vc_grid-container vc_clearfix wpb_content_element vc_media_grid\" data-initial-loading-animation=\"fadeIn\" data-vc-grid-settings=\"{&quot;page_id&quot;:74609,&quot;style&quot;:&quot;all&quot;,&quot;action&quot;:&quot;vc_get_vc_grid_data&quot;,&quot;shortcode_id&quot;:&quot;1711028701784-e998e09b-f431-3&quot;,&quot;tag&quot;:&quot;vc_media_grid&quot;}\" data-vc-request=\"https:\/\/chisinaucentru.md\/wp-admin\/admin-ajax.php\" data-vc-post-id=\"74609\" data-vc-public-nonce=\"39ce34e9ee\">\n\t\t\n\t<\/div>\n<\/div><\/div><\/div><\/div><\/div>","protected":false},"excerpt":{"rendered":"<p>Ast\u0103zi, prin intermediul proiectului caritabil desf\u0103\u0219urat de Pretura sectorului Centru- cantina social\u0103, dorim s\u0103 punem \u00een lumin\u0103 asisten\u021bii sociali din sectorul Centru La data de 19 martie este Ziua Mondial\u0103 a Asistentului Social, proclamat\u0103 de Organiza\u021bia Na\u021biunilor Unite. O contribu\u021bie semnificativ\u0103 \u00een realizarea campaniei sociale de distribuire la pachet a alimentelor persoanelor social-vulnerabile din sector&hellip;<\/p>","protected":false},"author":1,"featured_media":74617,"comment_status":"open","ping_status":"open","sticky":false,"template":"","format":"standard","meta":[],"categories":[244],"tags":[],"acf":[],"_links":{"self":[{"href":"https:\/\/chisinaucentru.md\/en\/wp-json\/wp\/v2\/posts\/74609"}],"collection":[{"href":"https:\/\/chisinaucentru.md\/en\/wp-json\/wp\/v2\/posts"}],"about":[{"href":"https:\/\/chisinaucentru.md\/en\/wp-json\/wp\/v2\/types\/post"}],"author":[{"embeddable":true,"href":"https:\/\/chisinaucentru.md\/en\/wp-json\/wp\/v2\/users\/1"}],"replies":[{"embeddable":true,"href":"https:\/\/chisinaucentru.md\/en\/wp-json\/wp\/v2\/comments?post=74609"}],"version-history":[{"count":3,"href":"https:\/\/chisinaucentru.md\/en\/wp-json\/wp\/v2\/posts\/74609\/revisions"}],"predecessor-version":[{"id":74674,"href":"https:\/\/chisinaucentru.md\/en\/wp-json\/wp\/v2\/posts\/74609\/revisions\/74674"}],"wp:featuredmedia":[{"embeddable":true,"href":"https:\/\/chisinaucentru.md\/en\/wp-json\/wp\/v2\/media\/74617"}],"wp:attachment":[{"href":"https:\/\/chisinaucentru.md\/en\/wp-json\/wp\/v2\/media?parent=74609"}],"wp:term":[{"taxonomy":"category","embeddable":true,"href":"https:\/\/chisinaucentru.md\/en\/wp-json\/wp\/v2\/categories?post=74609"},{"taxonomy":"post_tag","embeddable":true,"href":"https:\/\/chisinaucentru.md\/en\/wp-json\/wp\/v2\/tags?post=74609"}],"curies":[{"name":"wp","href":"https:\/\/api.w.org\/{rel}","templated":true}]}}