{"id":74298,"date":"2024-03-09T11:24:33","date_gmt":"2024-03-09T09:24:33","guid":{"rendered":"https:\/\/chisinaucentru.md\/?p=74298"},"modified":"2024-03-11T11:27:11","modified_gmt":"2024-03-11T09:27:11","slug":"training-psihologic-arderea-profesionala-pentru-angajatii-preturii-si-ai-directiilor-de-sector","status":"publish","type":"post","link":"https:\/\/chisinaucentru.md\/en\/training-psihologic-arderea-profesionala-pentru-angajatii-preturii-si-ai-directiilor-de-sector\/","title":{"rendered":"Training psihologic \u201eArderea profesional\u0103\u201d pentru angaja\u021bii Preturii \u0219i ai direc\u021biilor de sector"},"content":{"rendered":"<div class=\"vc_row wpb_row vc_row-fluid dt-default\" style=\"margin-top: 0px;margin-bottom: 0px\"><div class=\"wpb_column vc_column_container vc_col-sm-12\"><div class=\"vc_column-inner\"><div class=\"wpb_wrapper\">\n\t<div class=\"wpb_text_column wpb_content_element\" >\n\t\t<div class=\"wpb_wrapper\">\n\t\t\t<p align=\"justify\"><span style=\"color: #000000;\"><span style=\"font-family: Times New Roman, serif;\"><span style=\"font-size: large;\"><span lang=\"ro-RO\">S\u0103n\u0103tatea mintal\u0103 la locul de munc\u0103, stresul \u0219i extenuarea emo\u021bional\u0103, factorii declan\u0219atori \u0219i c\u0103ile de dep\u0103\u0219ire a sindromului Burnout au fost tematicile abordate \u00een cadrul seminarului organizat de c\u0103tre Direc\u021bia pentru protec\u021bia drepturilor copilului Centru, pentru angaja\u021bii Preturii \u0219i ai direc\u021biilor de sector, la 7 martie curent.<\/span><\/span><\/span><\/span><\/p>\n<p align=\"justify\"><span style=\"color: #000000;\"><span style=\"font-family: Times New Roman, serif;\"><span style=\"font-size: large;\"><span lang=\"ro-RO\">Formatorul trainingului, psiholog al Centrului de s\u0103n\u0103tate prietenos tinerilor din municipiul Chi\u0219in\u0103u, Oxana Zavtoni a aplicat \u00een cadrul cursului informativ metode interactive de testare psihologic\u0103 individual\u0103. Astfel, participan\u021bii \u0219i-au identificat nivelul de ardere profesional\u0103, primind o serie de recomand\u0103ri practice \u00een scopul profilaxiei sau dep\u0103\u0219irii consecin\u021belor sindromului, \u00eent\u00e2lnit tot mai des \u00een rela\u021biile de munc\u0103.<\/span><\/span><\/span><\/span><\/p>\n<p align=\"justify\"><span style=\"color: #000000;\"><span style=\"font-family: Times New Roman, serif;\"><span style=\"font-size: large;\"><span lang=\"ro-RO\">Sindromul Burnout generat de mediul muncii manifest\u0103 consecin\u021be nemijlocite asupra activit\u0103\u021bii profesionale \u0219i a s\u0103n\u0103t\u0103\u021bii angaja\u021bilor. <\/span><\/span><\/span><\/span><\/p>\n<p align=\"justify\"><span style=\"color: #000000;\"><span style=\"font-family: Times New Roman, serif;\"><span style=\"font-size: large;\"><span lang=\"ro-RO\">Pentru a evita sc\u0103derea productivit\u0103\u021bii, a instabilit\u0103\u021bii activit\u0103\u021bii profesionale din cauza concediilor frecvente ale angaja\u021bilor sau chiar fluxul de personal, tehnicile studiate vor contribui la eficientizarea performan\u021bei institu\u021biilor publice.<\/span><\/span><\/span><\/span><\/p>\n<p>\u00a0<\/p>\n\n\t\t<\/div>\n\t<\/div>\n\n<div class=\"vc_grid-container-wrapper vc_clearfix vc_grid-animation-fadeIn\">\n\t<div class=\"vc_grid-container vc_clearfix wpb_content_element vc_media_grid\" data-initial-loading-animation=\"fadeIn\" data-vc-grid-settings=\"{&quot;page_id&quot;:74298,&quot;style&quot;:&quot;all&quot;,&quot;action&quot;:&quot;vc_get_vc_grid_data&quot;,&quot;shortcode_id&quot;:&quot;1710149159956-ce57015e-720b-5&quot;,&quot;tag&quot;:&quot;vc_media_grid&quot;}\" data-vc-request=\"https:\/\/chisinaucentru.md\/wp-admin\/admin-ajax.php\" data-vc-post-id=\"74298\" data-vc-public-nonce=\"b7e9f1e002\">\n\t\t\n\t<\/div>\n<\/div><\/div><\/div><\/div><\/div>","protected":false},"excerpt":{"rendered":"<p>S\u0103n\u0103tatea mintal\u0103 la locul de munc\u0103, stresul \u0219i extenuarea emo\u021bional\u0103, factorii declan\u0219atori \u0219i c\u0103ile de dep\u0103\u0219ire a sindromului Burnout au fost tematicile abordate \u00een cadrul seminarului organizat de c\u0103tre Direc\u021bia pentru protec\u021bia drepturilor copilului Centru, pentru angaja\u021bii Preturii \u0219i ai direc\u021biilor de sector, la 7 martie curent. Formatorul trainingului, psiholog al Centrului de s\u0103n\u0103tate prietenos&hellip;<\/p>","protected":false},"author":1,"featured_media":74335,"comment_status":"open","ping_status":"open","sticky":false,"template":"","format":"standard","meta":[],"categories":[244],"tags":[],"acf":[],"_links":{"self":[{"href":"https:\/\/chisinaucentru.md\/en\/wp-json\/wp\/v2\/posts\/74298"}],"collection":[{"href":"https:\/\/chisinaucentru.md\/en\/wp-json\/wp\/v2\/posts"}],"about":[{"href":"https:\/\/chisinaucentru.md\/en\/wp-json\/wp\/v2\/types\/post"}],"author":[{"embeddable":true,"href":"https:\/\/chisinaucentru.md\/en\/wp-json\/wp\/v2\/users\/1"}],"replies":[{"embeddable":true,"href":"https:\/\/chisinaucentru.md\/en\/wp-json\/wp\/v2\/comments?post=74298"}],"version-history":[{"count":3,"href":"https:\/\/chisinaucentru.md\/en\/wp-json\/wp\/v2\/posts\/74298\/revisions"}],"predecessor-version":[{"id":74352,"href":"https:\/\/chisinaucentru.md\/en\/wp-json\/wp\/v2\/posts\/74298\/revisions\/74352"}],"wp:featuredmedia":[{"embeddable":true,"href":"https:\/\/chisinaucentru.md\/en\/wp-json\/wp\/v2\/media\/74335"}],"wp:attachment":[{"href":"https:\/\/chisinaucentru.md\/en\/wp-json\/wp\/v2\/media?parent=74298"}],"wp:term":[{"taxonomy":"category","embeddable":true,"href":"https:\/\/chisinaucentru.md\/en\/wp-json\/wp\/v2\/categories?post=74298"},{"taxonomy":"post_tag","embeddable":true,"href":"https:\/\/chisinaucentru.md\/en\/wp-json\/wp\/v2\/tags?post=74298"}],"curies":[{"name":"wp","href":"https:\/\/api.w.org\/{rel}","templated":true}]}}