{"id":74199,"date":"2024-03-05T17:20:57","date_gmt":"2024-03-05T15:20:57","guid":{"rendered":"https:\/\/chisinaucentru.md\/?p=74199"},"modified":"2024-03-06T15:26:29","modified_gmt":"2024-03-06T13:26:29","slug":"sedinta-comisiei-administrative-din-5-martie-2024","status":"publish","type":"post","link":"https:\/\/chisinaucentru.md\/en\/sedinta-comisiei-administrative-din-5-martie-2024\/","title":{"rendered":"\u0218edin\u021ba comisiei administrative din 5 martie 2024"},"content":{"rendered":"<div class=\"vc_row wpb_row vc_row-fluid dt-default\" style=\"margin-top: 0px;margin-bottom: 0px\"><div class=\"wpb_column vc_column_container vc_col-sm-12\"><div class=\"vc_column-inner\"><div class=\"wpb_wrapper\">\n\t<div class=\"wpb_text_column wpb_content_element\" >\n\t\t<div class=\"wpb_wrapper\">\n\t\t\t<p align=\"justify\"><span style=\"color: #050505;\"><span style=\"font-family: Times New Roman, serif;\"><span style=\"font-size: large;\">Sanc\u021biuni pentru persoanele fizice \u0219i juridice care pe teritoriul sectorului Centru au s\u0103v\u00e2r\u0219it contraven\u021bii, au fost aplicate ast\u0103zi \u00een cadrul comisiei administrative a Preturii.<\/span><\/span><\/span><\/p>\n<p align=\"justify\"><span style=\"color: #050505;\"><span style=\"font-family: Times New Roman, serif;\"><span style=\"font-size: large;\">\u00cen urma \u00eentocmirii proceselor-verbale persoanelor fizice \u0219i juridice cu privire la contraven\u021bie de c\u0103tre Sec\u021bia agen\u021bi constatatori pe parcursul s\u0103pt\u0103m\u00e2nii precedente, la 5 martie curent, a fost convocat\u0103 \u00een \u0219edin\u021b\u0103 comisia administrativ\u0103 din cadrul Preturii sectorului Centru.<\/span><\/span><\/span><\/p>\n<p align=\"justify\"><span style=\"color: #050505;\"><span style=\"font-family: Times New Roman, serif;\"><span style=\"font-size: large;\">Instituit\u0103 pentru examinarea cazurilor cu privire la faptele stabilite prin lege ca fiind contraven\u0163ii, precum \u0219i pentru stabilirea sumei amenzii conform prevederilor legale, comisia a hot\u0103r\u00e2t sanc\u021bionarea contravenien\u021bilor c\u0103rora li s-a \u00eentocmit proces-verbal \u00een temeiul Codului Contraven\u021bional al RM, pe urm\u0103toarele articole:<\/span><\/span><\/span><\/p>\n<p align=\"justify\"><span style=\"color: #050505;\"><span style=\"font-family: Times New Roman, serif;\"><span style=\"font-size: large;\">&#8211; Articolul 154. \u00cenc\u0103lcarea regulilor de gestionare a de\u015feurilor<\/span><\/span><\/span><\/p>\n<p align=\"justify\"><span style=\"color: #050505;\"><span style=\"font-family: Times New Roman, serif;\"><span style=\"font-size: large;\">&#8211; Articolul 181. \u00cenc\u0103lcarea regulilor de asigurare a cur\u0103\u0163eniei \u00een localit\u0103\u0163ile urbane \u015fi rurale<\/span><\/span><\/span><\/p>\n<p align=\"justify\"><span style=\"color: #050505;\"><span style=\"font-family: Times New Roman, serif;\"><span style=\"font-size: large;\">&#8211; Articolul 273. \u00cenc\u0103lcarea regulilor de comer\u0163<\/span><\/span><\/span><\/p>\n<p align=\"justify\"><span style=\"color: #050505;\"><span style=\"font-family: Times New Roman, serif;\"><span style=\"font-size: large;\">&#8211; Articolul 364. \u00cenc\u0103lcarea legisla\u0163iei cu privire la publicitate<\/span><\/span><\/span><\/p>\n\n\t\t<\/div>\n\t<\/div>\n\n<div class=\"vc_grid-container-wrapper vc_clearfix vc_grid-animation-fadeIn\">\n\t<div class=\"vc_grid-container vc_clearfix wpb_content_element vc_media_grid\" data-initial-loading-animation=\"fadeIn\" data-vc-grid-settings=\"{&quot;page_id&quot;:74199,&quot;style&quot;:&quot;all&quot;,&quot;action&quot;:&quot;vc_get_vc_grid_data&quot;,&quot;shortcode_id&quot;:&quot;1709731450238-61fa82d8-5df0-4&quot;,&quot;tag&quot;:&quot;vc_media_grid&quot;}\" data-vc-request=\"https:\/\/chisinaucentru.md\/wp-admin\/admin-ajax.php\" data-vc-post-id=\"74199\" data-vc-public-nonce=\"39ce34e9ee\">\n\t\t\n\t<\/div>\n<\/div><\/div><\/div><\/div><\/div>","protected":false},"excerpt":{"rendered":"<p>Sanc\u021biuni pentru persoanele fizice \u0219i juridice care pe teritoriul sectorului Centru au s\u0103v\u00e2r\u0219it contraven\u021bii, au fost aplicate ast\u0103zi \u00een cadrul comisiei administrative a Preturii. \u00cen urma \u00eentocmirii proceselor-verbale persoanelor fizice \u0219i juridice cu privire la contraven\u021bie de c\u0103tre Sec\u021bia agen\u021bi constatatori pe parcursul s\u0103pt\u0103m\u00e2nii precedente, la 5 martie curent, a fost convocat\u0103 \u00een \u0219edin\u021b\u0103 comisia&hellip;<\/p>","protected":false},"author":1,"featured_media":74203,"comment_status":"open","ping_status":"open","sticky":false,"template":"","format":"standard","meta":[],"categories":[244],"tags":[],"acf":[],"_links":{"self":[{"href":"https:\/\/chisinaucentru.md\/en\/wp-json\/wp\/v2\/posts\/74199"}],"collection":[{"href":"https:\/\/chisinaucentru.md\/en\/wp-json\/wp\/v2\/posts"}],"about":[{"href":"https:\/\/chisinaucentru.md\/en\/wp-json\/wp\/v2\/types\/post"}],"author":[{"embeddable":true,"href":"https:\/\/chisinaucentru.md\/en\/wp-json\/wp\/v2\/users\/1"}],"replies":[{"embeddable":true,"href":"https:\/\/chisinaucentru.md\/en\/wp-json\/wp\/v2\/comments?post=74199"}],"version-history":[{"count":3,"href":"https:\/\/chisinaucentru.md\/en\/wp-json\/wp\/v2\/posts\/74199\/revisions"}],"predecessor-version":[{"id":74230,"href":"https:\/\/chisinaucentru.md\/en\/wp-json\/wp\/v2\/posts\/74199\/revisions\/74230"}],"wp:featuredmedia":[{"embeddable":true,"href":"https:\/\/chisinaucentru.md\/en\/wp-json\/wp\/v2\/media\/74203"}],"wp:attachment":[{"href":"https:\/\/chisinaucentru.md\/en\/wp-json\/wp\/v2\/media?parent=74199"}],"wp:term":[{"taxonomy":"category","embeddable":true,"href":"https:\/\/chisinaucentru.md\/en\/wp-json\/wp\/v2\/categories?post=74199"},{"taxonomy":"post_tag","embeddable":true,"href":"https:\/\/chisinaucentru.md\/en\/wp-json\/wp\/v2\/tags?post=74199"}],"curies":[{"name":"wp","href":"https:\/\/api.w.org\/{rel}","templated":true}]}}