{"id":74133,"date":"2024-03-04T21:23:41","date_gmt":"2024-03-04T19:23:41","guid":{"rendered":"https:\/\/chisinaucentru.md\/?p=74133"},"modified":"2024-03-05T16:27:37","modified_gmt":"2024-03-05T14:27:37","slug":"a-fost-lansata-campania-de-curatenie-generala-de-primavara-in-municipiul-chisinau","status":"publish","type":"post","link":"https:\/\/chisinaucentru.md\/en\/a-fost-lansata-campania-de-curatenie-generala-de-primavara-in-municipiul-chisinau\/","title":{"rendered":"A fost lansat\u0103 campania de cur\u0103\u021benie general\u0103 de prim\u0103var\u0103 \u00een municipiul Chi\u0219in\u0103u"},"content":{"rendered":"<div class=\"vc_row wpb_row vc_row-fluid dt-default\" style=\"margin-top: 0px;margin-bottom: 0px\"><div class=\"wpb_column vc_column_container vc_col-sm-12\"><div class=\"vc_column-inner\"><div class=\"wpb_wrapper\">\n\t<div class=\"wpb_text_column wpb_content_element\" >\n\t\t<div class=\"wpb_wrapper\">\n\t\t\t<p align=\"justify\"><span style=\"color: #050505;\"><span style=\"font-family: Times New Roman, serif;\"><span style=\"font-size: large;\">\u00cen conformitate cu dispozi\u021bia Primarului General, Ion Ceban, nr. 55-d din 04.03.2024, \u00een perioada 4 martie \u20133 mai 2024, \u00een capital\u0103 se desf\u0103\u0219oar\u0103 Campania de salubrizare \u201eCur\u0103\u021benia general\u0103 de prim\u0103var\u0103\u201d \u0219i preg\u0103tirea ora\u0219ului pentru S\u0103rb\u0103torile de Pa\u0219ti.<\/span><\/span><\/span><\/p>\n<p align=\"justify\"><span style=\"color: #050505;\"><span style=\"font-family: Times New Roman, serif;\"><span style=\"font-size: large;\">Pe durata campaniei, \u00een sectorul Centru se vor desf\u0103\u0219ura ample activit\u0103\u021bi de salubrizare si igienizare a \u00eentregului teritoriu, drumuri, trotuare, parcuri, scuaruri, cur\u021bi de bloc, terenuri de joac\u0103 \u0219i sport \u0219i alte zone publice cu implicarea serviciilor de resort.<\/span><\/span><\/span><\/p>\n<p align=\"justify\"><span style=\"color: #050505;\"><span style=\"font-family: Times New Roman, serif;\"><span style=\"font-size: large;\">\u00cen acest sens, facem apel c\u0103tre locuitorii din sector, precum \u0219i c\u0103tre asocia\u021biile ob\u0219te\u0219ti, gestionarii fondului locativ, agen\u0163ii economici etc., s\u0103 participe organizat la salubrizarea din cur\u021bile blocurilor \u00een care locuiesc, a cl\u0103dirilor pe care le de\u0163in sau \u00een care \u00ee\u015fi desf\u0103\u015foar\u0103 activitatea, pentru a \u00eembun\u0103t\u0103\u0163i aspectul ora\u015fului. Ulterior serviciile municipale specializate vor organiza transport de evacuare a de\u015feurilor colectate.<\/span><\/span><\/span><\/p>\n\n\t\t<\/div>\n\t<\/div>\n\n<div class=\"vc_grid-container-wrapper vc_clearfix vc_grid-animation-fadeIn\">\n\t<div class=\"vc_grid-container vc_clearfix wpb_content_element vc_media_grid\" data-initial-loading-animation=\"fadeIn\" data-vc-grid-settings=\"{&quot;page_id&quot;:74133,&quot;style&quot;:&quot;all&quot;,&quot;action&quot;:&quot;vc_get_vc_grid_data&quot;,&quot;shortcode_id&quot;:&quot;1709648787302-c6c79226-ab86-8&quot;,&quot;tag&quot;:&quot;vc_media_grid&quot;}\" data-vc-request=\"https:\/\/chisinaucentru.md\/wp-admin\/admin-ajax.php\" data-vc-post-id=\"74133\" data-vc-public-nonce=\"39ce34e9ee\">\n\t\t\n\t<\/div>\n<\/div><\/div><\/div><\/div><\/div>","protected":false},"excerpt":{"rendered":"<p>\u00cen conformitate cu dispozi\u021bia Primarului General, Ion Ceban, nr. 55-d din 04.03.2024, \u00een perioada 4 martie \u20133 mai 2024, \u00een capital\u0103 se desf\u0103\u0219oar\u0103 Campania de salubrizare \u201eCur\u0103\u021benia general\u0103 de prim\u0103var\u0103\u201d \u0219i preg\u0103tirea ora\u0219ului pentru S\u0103rb\u0103torile de Pa\u0219ti. Pe durata campaniei, \u00een sectorul Centru se vor desf\u0103\u0219ura ample activit\u0103\u021bi de salubrizare si igienizare a \u00eentregului teritoriu,&hellip;<\/p>","protected":false},"author":1,"featured_media":74147,"comment_status":"open","ping_status":"open","sticky":false,"template":"","format":"standard","meta":[],"categories":[244],"tags":[],"acf":[],"_links":{"self":[{"href":"https:\/\/chisinaucentru.md\/en\/wp-json\/wp\/v2\/posts\/74133"}],"collection":[{"href":"https:\/\/chisinaucentru.md\/en\/wp-json\/wp\/v2\/posts"}],"about":[{"href":"https:\/\/chisinaucentru.md\/en\/wp-json\/wp\/v2\/types\/post"}],"author":[{"embeddable":true,"href":"https:\/\/chisinaucentru.md\/en\/wp-json\/wp\/v2\/users\/1"}],"replies":[{"embeddable":true,"href":"https:\/\/chisinaucentru.md\/en\/wp-json\/wp\/v2\/comments?post=74133"}],"version-history":[{"count":3,"href":"https:\/\/chisinaucentru.md\/en\/wp-json\/wp\/v2\/posts\/74133\/revisions"}],"predecessor-version":[{"id":74160,"href":"https:\/\/chisinaucentru.md\/en\/wp-json\/wp\/v2\/posts\/74133\/revisions\/74160"}],"wp:featuredmedia":[{"embeddable":true,"href":"https:\/\/chisinaucentru.md\/en\/wp-json\/wp\/v2\/media\/74147"}],"wp:attachment":[{"href":"https:\/\/chisinaucentru.md\/en\/wp-json\/wp\/v2\/media?parent=74133"}],"wp:term":[{"taxonomy":"category","embeddable":true,"href":"https:\/\/chisinaucentru.md\/en\/wp-json\/wp\/v2\/categories?post=74133"},{"taxonomy":"post_tag","embeddable":true,"href":"https:\/\/chisinaucentru.md\/en\/wp-json\/wp\/v2\/tags?post=74133"}],"curies":[{"name":"wp","href":"https:\/\/api.w.org\/{rel}","templated":true}]}}