{"id":73598,"date":"2024-02-14T16:08:55","date_gmt":"2024-02-14T14:08:55","guid":{"rendered":"https:\/\/chisinaucentru.md\/?p=73598"},"modified":"2024-02-14T16:17:28","modified_gmt":"2024-02-14T14:17:28","slug":"expozitie-inedita-de-lucrari-manuale-ale-copiilor-dedicata-sarbatorii-valentines-day","status":"publish","type":"post","link":"https:\/\/chisinaucentru.md\/en\/expozitie-inedita-de-lucrari-manuale-ale-copiilor-dedicata-sarbatorii-valentines-day\/","title":{"rendered":"Expozi\u021bie inedit\u0103 de lucr\u0103ri manuale ale copiilor, dedicat\u0103 s\u0103rb\u0103torii Valentine\u2019s Day"},"content":{"rendered":"<div class=\"vc_row wpb_row vc_row-fluid dt-default\" style=\"margin-top: 0px;margin-bottom: 0px\"><div class=\"wpb_column vc_column_container vc_col-sm-12\"><div class=\"vc_column-inner\"><div class=\"wpb_wrapper\">\n\t<div class=\"wpb_text_column wpb_content_element\" >\n\t\t<div class=\"wpb_wrapper\">\n\t\t\t<p align=\"justify\"><span style=\"font-family: Times New Roman, serif;\"><span style=\"font-size: large;\">Crea\u021biile vernisate \u00een incinta Preturii sunt ale copila\u0219ilor de la Centrele comunitare pentru copii \u015fi tineri din sector aflate sub egida Direc\u021biei pentru protec\u021bia drepturilor copilului Centru.<\/span><\/span><\/p>\n<p align=\"justify\"><span style=\"font-family: Times New Roman, serif;\"><span style=\"font-size: large;\">La mijlocul lunii februarie, de Sf\u00e2ntul Valentin, se s\u0103rb\u0103tore\u0219te dragostea, iar copiii nu trebuie lipsi\u021bi de bucuria de a se distra \u0219i de a \u00eenv\u0103\u021ba mai multe despre acest sentiment nobil. Este un prilej minunat de a implica copiii la confec\u021bionarea manual\u0103 a lucr\u0103rilor dedicate frumoasei s\u0103rb\u0103tori. <\/span><\/span><\/p>\n<p align=\"justify\"><span style=\"font-family: Times New Roman, serif;\"><span style=\"font-size: large;\">Activitatea organizat\u0103 urm\u0103re\u0219te promovarea talentelor micilor locuitori ai sectorului Centru, crearea oportunit\u0103\u021bilor de etalare a abilit\u0103\u021bilor lor, dezvoltarea creativit\u0103\u021bii \u0219i originalit\u0103\u021bii la copii, a \u00eendem\u00e2n\u0103rii acestora, a capacit\u0103\u021bii de a genera idei c\u00e2t mai \u00eendr\u0103zne\u021be \u0219i de a aplica tehnici c\u00e2t mai variate \u00een procesul de realizare a lucr\u0103rilor hand-made, precum \u0219i identificarea \u0219i aprecierea poten\u021bialului creator al copiilor din sectorul Centru.<\/span><\/span><\/p>\n\n\t\t<\/div>\n\t<\/div>\n\n<div class=\"vc_grid-container-wrapper vc_clearfix vc_grid-animation-fadeIn\">\n\t<div class=\"vc_grid-container vc_clearfix wpb_content_element vc_media_grid\" data-initial-loading-animation=\"fadeIn\" data-vc-grid-settings=\"{&quot;page_id&quot;:73598,&quot;style&quot;:&quot;all&quot;,&quot;action&quot;:&quot;vc_get_vc_grid_data&quot;,&quot;shortcode_id&quot;:&quot;1707919756664-8ea9b475-04d8-2&quot;,&quot;tag&quot;:&quot;vc_media_grid&quot;}\" data-vc-request=\"https:\/\/chisinaucentru.md\/wp-admin\/admin-ajax.php\" data-vc-post-id=\"73598\" data-vc-public-nonce=\"284a9b8a8b\">\n\t\t\n\t<\/div>\n<\/div><\/div><\/div><\/div><\/div>","protected":false},"excerpt":{"rendered":"<p>Crea\u021biile vernisate \u00een incinta Preturii sunt ale copila\u0219ilor de la Centrele comunitare pentru copii \u015fi tineri din sector aflate sub egida Direc\u021biei pentru protec\u021bia drepturilor copilului Centru. La mijlocul lunii februarie, de Sf\u00e2ntul Valentin, se s\u0103rb\u0103tore\u0219te dragostea, iar copiii nu trebuie lipsi\u021bi de bucuria de a se distra \u0219i de a \u00eenv\u0103\u021ba mai multe despre&hellip;<\/p>","protected":false},"author":1,"featured_media":73600,"comment_status":"open","ping_status":"open","sticky":false,"template":"","format":"standard","meta":[],"categories":[244],"tags":[],"acf":[],"_links":{"self":[{"href":"https:\/\/chisinaucentru.md\/en\/wp-json\/wp\/v2\/posts\/73598"}],"collection":[{"href":"https:\/\/chisinaucentru.md\/en\/wp-json\/wp\/v2\/posts"}],"about":[{"href":"https:\/\/chisinaucentru.md\/en\/wp-json\/wp\/v2\/types\/post"}],"author":[{"embeddable":true,"href":"https:\/\/chisinaucentru.md\/en\/wp-json\/wp\/v2\/users\/1"}],"replies":[{"embeddable":true,"href":"https:\/\/chisinaucentru.md\/en\/wp-json\/wp\/v2\/comments?post=73598"}],"version-history":[{"count":4,"href":"https:\/\/chisinaucentru.md\/en\/wp-json\/wp\/v2\/posts\/73598\/revisions"}],"predecessor-version":[{"id":73625,"href":"https:\/\/chisinaucentru.md\/en\/wp-json\/wp\/v2\/posts\/73598\/revisions\/73625"}],"wp:featuredmedia":[{"embeddable":true,"href":"https:\/\/chisinaucentru.md\/en\/wp-json\/wp\/v2\/media\/73600"}],"wp:attachment":[{"href":"https:\/\/chisinaucentru.md\/en\/wp-json\/wp\/v2\/media?parent=73598"}],"wp:term":[{"taxonomy":"category","embeddable":true,"href":"https:\/\/chisinaucentru.md\/en\/wp-json\/wp\/v2\/categories?post=73598"},{"taxonomy":"post_tag","embeddable":true,"href":"https:\/\/chisinaucentru.md\/en\/wp-json\/wp\/v2\/tags?post=73598"}],"curies":[{"name":"wp","href":"https:\/\/api.w.org\/{rel}","templated":true}]}}