{"id":73589,"date":"2024-02-14T16:07:32","date_gmt":"2024-02-14T14:07:32","guid":{"rendered":"https:\/\/chisinaucentru.md\/?p=73589"},"modified":"2024-02-14T16:08:24","modified_gmt":"2024-02-14T14:08:24","slug":"vadim-hincu-pretorul-sectorului-centru-participa-la-evenimentul-cultural-dedicat-comemorarii-lui-grigore-vieru-la-iasi","status":"publish","type":"post","link":"https:\/\/chisinaucentru.md\/en\/vadim-hincu-pretorul-sectorului-centru-participa-la-evenimentul-cultural-dedicat-comemorarii-lui-grigore-vieru-la-iasi\/","title":{"rendered":"Vadim H\u00eencu, Pretorul sectorului Centru particip\u0103 la evenimentul cultural dedicat comemor\u0103rii lui Grigore Vieru la Ia\u0219i"},"content":{"rendered":"<div class=\"vc_row wpb_row vc_row-fluid dt-default\" style=\"margin-top: 0px;margin-bottom: 0px\"><div class=\"wpb_column vc_column_container vc_col-sm-12\"><div class=\"vc_column-inner\"><div class=\"wpb_wrapper\">\n\t<div class=\"wpb_text_column wpb_content_element\" >\n\t\t<div class=\"wpb_wrapper\">\n\t\t\t<p align=\"justify\"><span style=\"color: #050505;\"><span style=\"font-family: Times New Roman, serif;\"><span style=\"font-size: large;\"><span lang=\"ro-RO\">Al\u0103turi de Primarul General al municipiului Chi\u0219in\u0103u, Ion Ceban, conducerea Preturii sectorului Centru \u0219i al\u021bi colegi din cadrul Prim\u0103riei, particip\u0103 ast\u0103zi, 14 februarie, la ceremonia de omagiere a lui Grigore Vieru organizat\u0103 la Ia\u0219i, la bustul poetului din Parcul Copou.<\/span><\/span><\/span><\/span><\/p>\n<p align=\"justify\"><span style=\"color: #050505;\"><span style=\"font-family: Times New Roman, serif;\"><span style=\"font-size: large;\"><span lang=\"ro-RO\">\u00cen baza rela\u021biilor de \u00eenfr\u0103\u021bire \u00eentre Chi\u0219in\u0103u \u0219i Ia\u0219i, invita\u021bia primarului municipiului Ia\u0219i, Mihai Chiric\u0103 de a elogia \u00eempreun\u0103 numele marelui poet reprezint\u0103 un ferm angajament de a p\u0103stra rela\u021biile trainice de cooperare \u0219i prietenie \u00eentre ora\u0219e \u0219i de a cultiva spiritul de apartenen\u021b\u0103 la istorie \u0219i cultur\u0103 comun\u0103.<\/span><\/span><\/span><\/span><\/p>\n\n\t\t<\/div>\n\t<\/div>\n\n<div class=\"vc_grid-container-wrapper vc_clearfix vc_grid-animation-fadeIn\">\n\t<div class=\"vc_grid-container vc_clearfix wpb_content_element vc_media_grid\" data-initial-loading-animation=\"fadeIn\" data-vc-grid-settings=\"{&quot;page_id&quot;:73589,&quot;style&quot;:&quot;all&quot;,&quot;action&quot;:&quot;vc_get_vc_grid_data&quot;,&quot;shortcode_id&quot;:&quot;1707919663986-3e9814fe-6d6d-8&quot;,&quot;tag&quot;:&quot;vc_media_grid&quot;}\" data-vc-request=\"https:\/\/chisinaucentru.md\/wp-admin\/admin-ajax.php\" data-vc-post-id=\"73589\" data-vc-public-nonce=\"c0809cca66\">\n\t\t\n\t<\/div>\n<\/div><\/div><\/div><\/div><\/div>","protected":false},"excerpt":{"rendered":"<p>Al\u0103turi de Primarul General al municipiului Chi\u0219in\u0103u, Ion Ceban, conducerea Preturii sectorului Centru \u0219i al\u021bi colegi din cadrul Prim\u0103riei, particip\u0103 ast\u0103zi, 14 februarie, la ceremonia de omagiere a lui Grigore Vieru organizat\u0103 la Ia\u0219i, la bustul poetului din Parcul Copou. \u00cen baza rela\u021biilor de \u00eenfr\u0103\u021bire \u00eentre Chi\u0219in\u0103u \u0219i Ia\u0219i, invita\u021bia primarului municipiului Ia\u0219i, Mihai Chiric\u0103&hellip;<\/p>","protected":false},"author":1,"featured_media":73591,"comment_status":"open","ping_status":"open","sticky":false,"template":"","format":"standard","meta":[],"categories":[244],"tags":[],"acf":[],"_links":{"self":[{"href":"https:\/\/chisinaucentru.md\/en\/wp-json\/wp\/v2\/posts\/73589"}],"collection":[{"href":"https:\/\/chisinaucentru.md\/en\/wp-json\/wp\/v2\/posts"}],"about":[{"href":"https:\/\/chisinaucentru.md\/en\/wp-json\/wp\/v2\/types\/post"}],"author":[{"embeddable":true,"href":"https:\/\/chisinaucentru.md\/en\/wp-json\/wp\/v2\/users\/1"}],"replies":[{"embeddable":true,"href":"https:\/\/chisinaucentru.md\/en\/wp-json\/wp\/v2\/comments?post=73589"}],"version-history":[{"count":3,"href":"https:\/\/chisinaucentru.md\/en\/wp-json\/wp\/v2\/posts\/73589\/revisions"}],"predecessor-version":[{"id":73597,"href":"https:\/\/chisinaucentru.md\/en\/wp-json\/wp\/v2\/posts\/73589\/revisions\/73597"}],"wp:featuredmedia":[{"embeddable":true,"href":"https:\/\/chisinaucentru.md\/en\/wp-json\/wp\/v2\/media\/73591"}],"wp:attachment":[{"href":"https:\/\/chisinaucentru.md\/en\/wp-json\/wp\/v2\/media?parent=73589"}],"wp:term":[{"taxonomy":"category","embeddable":true,"href":"https:\/\/chisinaucentru.md\/en\/wp-json\/wp\/v2\/categories?post=73589"},{"taxonomy":"post_tag","embeddable":true,"href":"https:\/\/chisinaucentru.md\/en\/wp-json\/wp\/v2\/tags?post=73589"}],"curies":[{"name":"wp","href":"https:\/\/api.w.org\/{rel}","templated":true}]}}