{"id":73581,"date":"2024-02-14T16:05:55","date_gmt":"2024-02-14T14:05:55","guid":{"rendered":"https:\/\/chisinaucentru.md\/?p=73581"},"modified":"2024-02-14T16:06:44","modified_gmt":"2024-02-14T14:06:44","slug":"va-fi-deschis-muzeul-lui-grigore-vieru-in-sectorul-centru","status":"publish","type":"post","link":"https:\/\/chisinaucentru.md\/en\/va-fi-deschis-muzeul-lui-grigore-vieru-in-sectorul-centru\/","title":{"rendered":"Va fi deschis muzeul lui Grigore Vieru \u00een sectorul Centru"},"content":{"rendered":"<div class=\"vc_row wpb_row vc_row-fluid dt-default\" style=\"margin-top: 0px;margin-bottom: 0px\"><div class=\"wpb_column vc_column_container vc_col-sm-12\"><div class=\"vc_column-inner\"><div class=\"wpb_wrapper\">\n\t<div class=\"wpb_text_column wpb_content_element\" >\n\t\t<div class=\"wpb_wrapper\">\n\t\t\t<p align=\"justify\"><span style=\"color: #050505;\"><span style=\"font-family: Times New Roman, serif;\"><span style=\"font-size: large;\">Dragi locuitori ai sectorului Centru, <\/span><\/span><\/span><\/p>\n<p align=\"justify\"><span style=\"color: #050505;\"><span style=\"font-family: Times New Roman, serif;\"><span style=\"font-size: large;\">Ast\u0103zi, de ziua marelui poet al dragostei \u0219i copil\u0103riei, Grigore Vieru, c\u00e2nd marc\u0103m \u0219i Ziua Na\u021bional\u0103 a Lecturii, cu reveren\u021b\u0103 cuvenit\u0103 tezaurului literar, \u00eendemn\u0103m la promovarea valorilor culturale.<\/span><\/span><\/span><\/p>\n<p align=\"justify\"><span style=\"color: #050505;\"><span style=\"font-family: Times New Roman, serif;\"><span style=\"font-size: large;\">\u00cen acest an, la 14 februarie se fac 89 ani de la na\u0219terea lui Grigore Vieru. Inimile \u00eendr\u0103gostite de crea\u021bia vierean\u0103 se unesc pentru a rememora verbul de lumin\u0103 al literaturii rom\u00e2ne\u0219ti.<\/span><\/span><\/span><\/p>\n<p align=\"justify\"><span style=\"color: #050505;\"><span style=\"font-family: Times New Roman, serif;\"><span style=\"font-size: large;\">A p\u0103stra \u00een mod curent prospe\u021bimea senzorial\u0103 a copil\u0103riei, a imprima cuv\u00e2ntului vibra\u021bie \u0219i autenticitate, a oferi ingenuitate versului, iat\u0103 motive pentru care poezia lui Grigore Vieru, \u00eenscrie \u00een tabloul literaturii noastre contemporane, valori de cea mai bun\u0103 calitate.<\/span><\/span><\/span><\/p>\n<p align=\"justify\"><span style=\"color: #050505;\"><span style=\"font-family: Times New Roman, serif;\"><span style=\"font-size: large;\">Sectorul Centru, prin nucleul istoric al Chi\u0219in\u0103ului, este spa\u021biul principal de conservare a patrimoniului na\u021bional material \u0219i imaterial. Vom deschide \u00een sectorul Centru muzeul lui Grigore Vieru. <\/span><\/span><\/span><\/p>\n<p align=\"justify\"><span style=\"color: #050505;\"><span style=\"font-family: Times New Roman, serif;\"><span style=\"font-size: large;\">\u00cen muzeu vor fi expuse lucrurile poetului, va fi reprodus cabinetul de lucru al s\u0103u \u0219i salonul pentru oaspe\u021bi. Totodat\u0103, \u00een incinta muzeului, se propune construirea unei sa\u0306li de expozit\u0326ii, care va ga\u0306zdui evenimente culturale.<\/span><\/span><\/span><\/p>\n<p align=\"justify\"><span style=\"color: #050505;\"><span style=\"font-family: Times New Roman, serif;\"><span style=\"font-size: large;\">Prim\u0103ria municipiului Chi\u0219in\u0103u a demarat \u00een 2022 proiectul de edificiare a muzeului \u00een scopul refunc\u021bionaliz\u0103rii cl\u0103dirii-monument de arhitectur\u0103 de \u00eensemn\u0103tate local\u0103, introdus \u00een 1995 \u00een Registrul monumentelor de istorie s\u0326i cultura\u0306 a municipiului Chis\u0326ina\u0306u. Muzeul va fi \u00een intersec\u021bia str\u0103zilor Alexei Mateevici \u0219i Mihai Eminescu.<\/span><\/span><\/span><\/p>\n<p align=\"justify\"><span style=\"color: #050505;\"><span style=\"font-family: Times New Roman, serif;\"><span style=\"font-size: large;\">Proiectul a fost supus procedurii de consultare public\u0103 cu societatea civil\u0103, iar acum se afl\u0103 \u00een faza de aprobare a restaur\u0103rii de c\u0103tre autorit\u0103\u021bi.<\/span><\/span><\/span><\/p>\n\n\t\t<\/div>\n\t<\/div>\n\n<div class=\"vc_grid-container-wrapper vc_clearfix vc_grid-animation-fadeIn\">\n\t<div class=\"vc_grid-container vc_clearfix wpb_content_element vc_media_grid\" data-initial-loading-animation=\"fadeIn\" data-vc-grid-settings=\"{&quot;page_id&quot;:73581,&quot;style&quot;:&quot;all&quot;,&quot;action&quot;:&quot;vc_get_vc_grid_data&quot;,&quot;shortcode_id&quot;:&quot;1707919568936-09275dd1-9bf2-7&quot;,&quot;tag&quot;:&quot;vc_media_grid&quot;}\" data-vc-request=\"https:\/\/chisinaucentru.md\/wp-admin\/admin-ajax.php\" data-vc-post-id=\"73581\" data-vc-public-nonce=\"c0809cca66\">\n\t\t\n\t<\/div>\n<\/div><\/div><\/div><\/div><\/div>","protected":false},"excerpt":{"rendered":"<p>Dragi locuitori ai sectorului Centru, Ast\u0103zi, de ziua marelui poet al dragostei \u0219i copil\u0103riei, Grigore Vieru, c\u00e2nd marc\u0103m \u0219i Ziua Na\u021bional\u0103 a Lecturii, cu reveren\u021b\u0103 cuvenit\u0103 tezaurului literar, \u00eendemn\u0103m la promovarea valorilor culturale. \u00cen acest an, la 14 februarie se fac 89 ani de la na\u0219terea lui Grigore Vieru. Inimile \u00eendr\u0103gostite de crea\u021bia vierean\u0103 se&hellip;<\/p>","protected":false},"author":1,"featured_media":73585,"comment_status":"open","ping_status":"open","sticky":false,"template":"","format":"standard","meta":[],"categories":[244],"tags":[],"acf":[],"_links":{"self":[{"href":"https:\/\/chisinaucentru.md\/en\/wp-json\/wp\/v2\/posts\/73581"}],"collection":[{"href":"https:\/\/chisinaucentru.md\/en\/wp-json\/wp\/v2\/posts"}],"about":[{"href":"https:\/\/chisinaucentru.md\/en\/wp-json\/wp\/v2\/types\/post"}],"author":[{"embeddable":true,"href":"https:\/\/chisinaucentru.md\/en\/wp-json\/wp\/v2\/users\/1"}],"replies":[{"embeddable":true,"href":"https:\/\/chisinaucentru.md\/en\/wp-json\/wp\/v2\/comments?post=73581"}],"version-history":[{"count":3,"href":"https:\/\/chisinaucentru.md\/en\/wp-json\/wp\/v2\/posts\/73581\/revisions"}],"predecessor-version":[{"id":73588,"href":"https:\/\/chisinaucentru.md\/en\/wp-json\/wp\/v2\/posts\/73581\/revisions\/73588"}],"wp:featuredmedia":[{"embeddable":true,"href":"https:\/\/chisinaucentru.md\/en\/wp-json\/wp\/v2\/media\/73585"}],"wp:attachment":[{"href":"https:\/\/chisinaucentru.md\/en\/wp-json\/wp\/v2\/media?parent=73581"}],"wp:term":[{"taxonomy":"category","embeddable":true,"href":"https:\/\/chisinaucentru.md\/en\/wp-json\/wp\/v2\/categories?post=73581"},{"taxonomy":"post_tag","embeddable":true,"href":"https:\/\/chisinaucentru.md\/en\/wp-json\/wp\/v2\/tags?post=73581"}],"curies":[{"name":"wp","href":"https:\/\/api.w.org\/{rel}","templated":true}]}}