{"id":73244,"date":"2024-02-01T15:34:43","date_gmt":"2024-02-01T13:34:43","guid":{"rendered":"https:\/\/chisinaucentru.md\/?p=73244"},"modified":"2024-02-02T10:53:04","modified_gmt":"2024-02-02T08:53:04","slug":"ajutor-pentru-familiile-aflate-in-situatie-de-risc-social-din-sectorul-centru","status":"publish","type":"post","link":"https:\/\/chisinaucentru.md\/en\/ajutor-pentru-familiile-aflate-in-situatie-de-risc-social-din-sectorul-centru\/","title":{"rendered":"Ajutor pentru familiile aflate \u00een situa\u021bie de risc social din sectorul Centru"},"content":{"rendered":"<div class=\"vc_row wpb_row vc_row-fluid dt-default\" style=\"margin-top: 0px;margin-bottom: 0px\"><div class=\"wpb_column vc_column_container vc_col-sm-12\"><div class=\"vc_column-inner\"><div class=\"wpb_wrapper\">\n\t<div class=\"wpb_text_column wpb_content_element\" >\n\t\t<div class=\"wpb_wrapper\">\n\t\t\t<p align=\"justify\"><span style=\"color: #050505;\"><span style=\"font-family: Times New Roman, serif;\"><span style=\"font-size: large;\">\u00centemeiat pe principiul solidarit\u0103\u021bii sociale, a echit\u0103\u021bii \u0219i egalit\u0103\u021bii de \u0219anse, sistemul asisten\u021bei sociale se extinde tot mai mult \u00een sectorul Centru. Pentru c\u0103 dezvoltarea sectorului este direct propor\u021bional\u0103 cu bun\u0103starea individual\u0103 a locuitorilor, administra\u021bia Preturii se implic\u0103 constant \u00een asigurarea rezilien\u021bei familiilor aflate \u00een dificultate.<\/span><\/span><\/span><\/p>\n<p align=\"justify\"><span style=\"color: #050505;\"><span style=\"font-family: Times New Roman, serif;\"><span style=\"font-size: large;\">Am \u00eenceput luna februarie cu generozitatea Pretorului, Vadim H\u00eencu. Ast\u0103zi, \u00een aten\u021bia conducerii a fost cazul unei familii din sectorul Centru, aflat\u0103 la limita provoc\u0103rilor vie\u021bii.<\/span><\/span><\/span><\/p>\n<p align=\"justify\"><span style=\"color: #050505;\"><span style=\"font-family: Times New Roman, serif;\"><span style=\"font-size: large;\">4 copii, 2 dintre care minori, crescu\u021bi doar de un p\u0103rinte, \u00eenchiriaz\u0103 o locuin\u021b\u0103 cu o odaie \u00een c\u0103min. Mama, unica \u00eengrijitoare a copiilor sufer\u0103 de boal\u0103 respiratorie cronic\u0103. Veniturile reduse limiteaz\u0103 capacitatea acesteia de a oferi necesarul dezvolt\u0103rii optime a copiilor s\u0103i, fapt pentru care este \u00een eviden\u021ba Direc\u021biei pentru protec\u021bia drepturilor copilului sectorul Centru.<\/span><\/span><\/span><\/p>\n<p align=\"justify\"><span style=\"color: #050505;\"><span style=\"font-family: Times New Roman, serif;\"><span style=\"font-size: large;\">Din dorin\u021ba de a \u00eemputernici familia aflat\u0103 \u00een situa\u021bie de risc social, Pretorul sectorului Centru, Vadim H\u00eencu a d\u0103ruit 4 colete cu produse alimentare \u0219i de prim\u0103 necesitate, o cutie cu h\u0103inu\u021be pentru copii \u0219i adul\u021bi dar \u0219i cutii cu dulciuri. De suport \u0219i asisten\u021b\u0103 umanitar\u0103 din partea Preturii sectorului Centru, aceast\u0103 familie a mai beneficiat \u00een perioada s\u0103rb\u0103torilor de Pa\u0219ti. <\/span><\/span><\/span><\/p>\n<p align=\"justify\"><span style=\"color: #050505;\"><span style=\"font-family: Times New Roman, serif;\"><span style=\"font-size: large;\">Suntem mereu al\u0103turi de locuitorii din sectorul nostrum.<\/span><\/span><\/span><\/p>\n\n\t\t<\/div>\n\t<\/div>\n\n<div class=\"vc_grid-container-wrapper vc_clearfix vc_grid-animation-fadeIn\">\n\t<div class=\"vc_grid-container vc_clearfix wpb_content_element vc_media_grid\" data-initial-loading-animation=\"fadeIn\" data-vc-grid-settings=\"{&quot;page_id&quot;:73244,&quot;style&quot;:&quot;all&quot;,&quot;action&quot;:&quot;vc_get_vc_grid_data&quot;,&quot;shortcode_id&quot;:&quot;1706863861470-102d95f6-2286-0&quot;,&quot;tag&quot;:&quot;vc_media_grid&quot;}\" data-vc-request=\"https:\/\/chisinaucentru.md\/wp-admin\/admin-ajax.php\" data-vc-post-id=\"73244\" data-vc-public-nonce=\"fb1b8afed9\">\n\t\t\n\t<\/div>\n<\/div><\/div><\/div><\/div><\/div>","protected":false},"excerpt":{"rendered":"<p>\u00centemeiat pe principiul solidarit\u0103\u021bii sociale, a echit\u0103\u021bii \u0219i egalit\u0103\u021bii de \u0219anse, sistemul asisten\u021bei sociale se extinde tot mai mult \u00een sectorul Centru. Pentru c\u0103 dezvoltarea sectorului este direct propor\u021bional\u0103 cu bun\u0103starea individual\u0103 a locuitorilor, administra\u021bia Preturii se implic\u0103 constant \u00een asigurarea rezilien\u021bei familiilor aflate \u00een dificultate. Am \u00eenceput luna februarie cu generozitatea Pretorului, Vadim H\u00eencu.&hellip;<\/p>","protected":false},"author":1,"featured_media":73247,"comment_status":"open","ping_status":"open","sticky":false,"template":"","format":"standard","meta":[],"categories":[244],"tags":[],"acf":[],"_links":{"self":[{"href":"https:\/\/chisinaucentru.md\/en\/wp-json\/wp\/v2\/posts\/73244"}],"collection":[{"href":"https:\/\/chisinaucentru.md\/en\/wp-json\/wp\/v2\/posts"}],"about":[{"href":"https:\/\/chisinaucentru.md\/en\/wp-json\/wp\/v2\/types\/post"}],"author":[{"embeddable":true,"href":"https:\/\/chisinaucentru.md\/en\/wp-json\/wp\/v2\/users\/1"}],"replies":[{"embeddable":true,"href":"https:\/\/chisinaucentru.md\/en\/wp-json\/wp\/v2\/comments?post=73244"}],"version-history":[{"count":3,"href":"https:\/\/chisinaucentru.md\/en\/wp-json\/wp\/v2\/posts\/73244\/revisions"}],"predecessor-version":[{"id":73250,"href":"https:\/\/chisinaucentru.md\/en\/wp-json\/wp\/v2\/posts\/73244\/revisions\/73250"}],"wp:featuredmedia":[{"embeddable":true,"href":"https:\/\/chisinaucentru.md\/en\/wp-json\/wp\/v2\/media\/73247"}],"wp:attachment":[{"href":"https:\/\/chisinaucentru.md\/en\/wp-json\/wp\/v2\/media?parent=73244"}],"wp:term":[{"taxonomy":"category","embeddable":true,"href":"https:\/\/chisinaucentru.md\/en\/wp-json\/wp\/v2\/categories?post=73244"},{"taxonomy":"post_tag","embeddable":true,"href":"https:\/\/chisinaucentru.md\/en\/wp-json\/wp\/v2\/tags?post=73244"}],"curies":[{"name":"wp","href":"https:\/\/api.w.org\/{rel}","templated":true}]}}