{"id":73234,"date":"2024-02-01T14:52:02","date_gmt":"2024-02-01T12:52:02","guid":{"rendered":"https:\/\/chisinaucentru.md\/?p=73234"},"modified":"2024-02-01T15:47:26","modified_gmt":"2024-02-01T13:47:26","slug":"mesajul-pretorului-de-ziua-autonomiei-locale","status":"publish","type":"post","link":"https:\/\/chisinaucentru.md\/en\/mesajul-pretorului-de-ziua-autonomiei-locale\/","title":{"rendered":"Mesajul Pretorului de Ziua autonomiei locale"},"content":{"rendered":"<div class=\"vc_row wpb_row vc_row-fluid dt-default\" style=\"margin-top: 0px;margin-bottom: 0px\"><div class=\"wpb_column vc_column_container vc_col-sm-12\"><div class=\"vc_column-inner\"><div class=\"wpb_wrapper\">\n\t<div class=\"wpb_text_column wpb_content_element\" >\n\t\t<div class=\"wpb_wrapper\">\n\t\t\t<p align=\"justify\"><span style=\"color: #050505;\"><span style=\"font-family: Times New Roman, serif;\"><span style=\"font-size: large;\">La 1 februarie, s\u0103rb\u0103torim Ziua autonomiei locale \u015fi a lucr\u0103torului din administra\u0163ia public\u0103 local\u0103. <\/span><\/span><\/span><\/p>\n<p align=\"justify\"><span style=\"color: #050505;\"><span style=\"font-family: Times New Roman, serif;\"><span style=\"font-size: large;\">Cu bucurie \u0219i recuno\u0219tin\u021b\u0103 adresez \u00eentregului colectiv al Preturii sectorului Centru, partenerilor \u0219i locuitorilor care sunt parte a procesului de guvernare local\u0103 participativ\u0103, sincere felicit\u0103ri \u0219i ur\u0103ri de bine prilejuite de s\u0103rb\u0103toarea profesional\u0103. <\/span><\/span><\/span><\/p>\n<p align=\"justify\"><span style=\"color: #050505;\"><span style=\"font-family: Times New Roman, serif;\"><span style=\"font-size: large;\">De Ziua autonomiei locale subliniem importan\u021ba acord\u0103rii libert\u0103\u021bii decizionale la nivel local, considerat\u0103 una dintre cele mai eficiente forme de autogestiune administrativ\u0103. Pentru o dezvoltare durabil\u0103 a sectorului Centru \u0219i a municipiului Chi\u0219in\u0103u \u00een \u00eentregime, autonomia local\u0103 trebuie s\u0103 r\u0103m\u00e2n\u0103 principiul fundamental al organiz\u0103rii administrativ-teritoriale.<\/span><\/span><\/span><\/p>\n<p align=\"justify\"><span style=\"color: #050505;\"><span style=\"font-family: Times New Roman, serif;\"><span style=\"font-size: large;\">\u00cempreun\u0103 cu colegii, vom continua s\u0103 \u00eenscriem c\u00e2t mai multe realiz\u0103ri frumoase \u00een istoria administra\u021biei publice locale de sector. Tuturor lucr\u0103torilor din domeniul administra\u021biei publice locale, s\u0103 le fie recunoscut devotamentul \u0219i profesionalismul pe care \u00eel demonstreaz\u0103 \u00een activitatea de zi cu zi \u00een vederea identific\u0103rii solu\u021biilor problemelor cet\u0103\u021benilor \u0219i dezvolt\u0103rii social- economice a comunit\u0103\u021bii.<\/span><\/span><\/span><\/p>\n<p align=\"justify\"><span style=\"color: #050505;\"><span style=\"font-family: Times New Roman, serif;\"><span style=\"font-size: large;\">Cu respect, <\/span><\/span><\/span><\/p>\n<p align=\"justify\"><span style=\"color: #050505;\"><span style=\"font-family: Times New Roman, serif;\"><span style=\"font-size: large;\">Pretorul sectorului Centru, Vadim H\u00ceNCU<\/span><\/span><\/span><\/p>\n\n\t\t<\/div>\n\t<\/div>\n\n<div class=\"vc_grid-container-wrapper vc_clearfix vc_grid-animation-fadeIn\">\n\t<div class=\"vc_grid-container vc_clearfix wpb_content_element vc_media_grid\" data-initial-loading-animation=\"fadeIn\" data-vc-grid-settings=\"{&quot;page_id&quot;:73234,&quot;style&quot;:&quot;all&quot;,&quot;action&quot;:&quot;vc_get_vc_grid_data&quot;,&quot;shortcode_id&quot;:&quot;1706795219807-0157e8c57f6e2c8550e56231a0c4daf0-9&quot;,&quot;tag&quot;:&quot;vc_media_grid&quot;}\" data-vc-request=\"https:\/\/chisinaucentru.md\/wp-admin\/admin-ajax.php\" data-vc-post-id=\"73234\" data-vc-public-nonce=\"fb1b8afed9\">\n\t\t\n\t<\/div>\n<\/div><\/div><\/div><\/div><\/div>","protected":false},"excerpt":{"rendered":"<p>La 1 februarie, s\u0103rb\u0103torim Ziua autonomiei locale \u015fi a lucr\u0103torului din administra\u0163ia public\u0103 local\u0103. Cu bucurie \u0219i recuno\u0219tin\u021b\u0103 adresez \u00eentregului colectiv al Preturii sectorului Centru, partenerilor \u0219i locuitorilor care sunt parte a procesului de guvernare local\u0103 participativ\u0103, sincere felicit\u0103ri \u0219i ur\u0103ri de bine prilejuite de s\u0103rb\u0103toarea profesional\u0103. De Ziua autonomiei locale subliniem importan\u021ba acord\u0103rii libert\u0103\u021bii&hellip;<\/p>","protected":false},"author":1,"featured_media":73241,"comment_status":"open","ping_status":"open","sticky":false,"template":"","format":"standard","meta":[],"categories":[244],"tags":[],"acf":[],"_links":{"self":[{"href":"https:\/\/chisinaucentru.md\/en\/wp-json\/wp\/v2\/posts\/73234"}],"collection":[{"href":"https:\/\/chisinaucentru.md\/en\/wp-json\/wp\/v2\/posts"}],"about":[{"href":"https:\/\/chisinaucentru.md\/en\/wp-json\/wp\/v2\/types\/post"}],"author":[{"embeddable":true,"href":"https:\/\/chisinaucentru.md\/en\/wp-json\/wp\/v2\/users\/1"}],"replies":[{"embeddable":true,"href":"https:\/\/chisinaucentru.md\/en\/wp-json\/wp\/v2\/comments?post=73234"}],"version-history":[{"count":5,"href":"https:\/\/chisinaucentru.md\/en\/wp-json\/wp\/v2\/posts\/73234\/revisions"}],"predecessor-version":[{"id":73245,"href":"https:\/\/chisinaucentru.md\/en\/wp-json\/wp\/v2\/posts\/73234\/revisions\/73245"}],"wp:featuredmedia":[{"embeddable":true,"href":"https:\/\/chisinaucentru.md\/en\/wp-json\/wp\/v2\/media\/73241"}],"wp:attachment":[{"href":"https:\/\/chisinaucentru.md\/en\/wp-json\/wp\/v2\/media?parent=73234"}],"wp:term":[{"taxonomy":"category","embeddable":true,"href":"https:\/\/chisinaucentru.md\/en\/wp-json\/wp\/v2\/categories?post=73234"},{"taxonomy":"post_tag","embeddable":true,"href":"https:\/\/chisinaucentru.md\/en\/wp-json\/wp\/v2\/tags?post=73234"}],"curies":[{"name":"wp","href":"https:\/\/api.w.org\/{rel}","templated":true}]}}