{"id":72965,"date":"2024-01-16T10:46:44","date_gmt":"2024-01-16T08:46:44","guid":{"rendered":"https:\/\/chisinaucentru.md\/?p=72965"},"modified":"2024-01-16T10:47:50","modified_gmt":"2024-01-16T08:47:50","slug":"la-multi-ani-domnule-pretor-2","status":"publish","type":"post","link":"https:\/\/chisinaucentru.md\/en\/la-multi-ani-domnule-pretor-2\/","title":{"rendered":"La mul\u021bi ani, domnule Pretor!"},"content":{"rendered":"<div class=\"vc_row wpb_row vc_row-fluid dt-default\" style=\"margin-top: 0px;margin-bottom: 0px\"><div class=\"wpb_column vc_column_container vc_col-sm-12\"><div class=\"vc_column-inner\"><div class=\"wpb_wrapper\">\n\t<div class=\"wpb_text_column wpb_content_element\" >\n\t\t<div class=\"wpb_wrapper\">\n\t\t\t<p align=\"justify\"><span style=\"color: #050505;\"><span style=\"font-family: Times New Roman, serif;\"><span style=\"font-size: large;\"><span lang=\"ro-RO\">Stimate domnule Pretor, Vadim H\u00eencu,<\/span><\/span><\/span><\/span><\/p>\n<p align=\"justify\"><span style=\"color: #050505;\"><span style=\"font-family: Times New Roman, serif;\"><span style=\"font-size: large;\"><span lang=\"ro-RO\">Primi\u021bi cordiale felicit\u0103ri cu ocazia jubileului. Ur\u0103rile cele mai frumoase, \u00een momentul anivers\u0103rii zilei Dumneavoastr\u0103 de na\u0219tere, vin \u00eenso\u021bite de alesul nostru respect \u0219i deosebita pre\u021buire.<\/span><\/span><\/span><\/span><\/p>\n<p align=\"justify\"><span style=\"color: #050505;\"><span style=\"font-family: Times New Roman, serif;\"><span style=\"font-size: large;\"><span lang=\"ro-RO\">Lider veritabil, conduc\u0103tor dedicat, om de \u00eenalt\u0103 cultur\u0103 \u0219i etic\u0103, model de succes \u0219i dezvoltare multilateral\u0103 individualizeaz\u0103 personalitatea Pretorului sectorului Centru, Vadim H\u00eencu.<\/span><\/span><\/span><\/span><\/p>\n<p align=\"justify\"><span style=\"color: #050505;\"><span style=\"font-family: Times New Roman, serif;\"><span style=\"font-size: large;\"><span lang=\"ro-RO\">\u00cen aceast\u0103 zi special\u0103 omagiem valoarea \u0219i autoritatea pe care o ave\u021bi \u00een r\u00e2ndul celor care V\u0103 cunosc.<\/span><\/span><\/span><\/span><\/p>\n<p align=\"justify\"><span style=\"color: #050505;\"><span style=\"font-family: Times New Roman, serif;\"><span style=\"font-size: large;\"><span lang=\"ro-RO\">\u00centreaga Dumneavoastr\u0103 activitate din ultimii ani denot\u0103 consacrare plenar\u0103 administr\u0103rii publice, domeniu cu o misiune nobil\u0103 \u0219i responsabil\u0103.<\/span><\/span><\/span><\/span><\/p>\n<p align=\"justify\"><span style=\"color: #050505;\"><span style=\"font-family: Times New Roman, serif;\"><span style=\"font-size: large;\"><span lang=\"ro-RO\">Comunitatea sectorului Centru, sub buna conducere a Dumneavoastr\u0103 \u00ee\u0219i men\u021bine cu \u00eencredere vectorul ascendent spre dezvoltare. Gra\u021bie abord\u0103rilor moderne \u0219i capacit\u0103\u021bilor manageriale deosebite pe care le poseda\u021bi, sectorul Centru devine spa\u021biu deschis c\u0103tre tot ce este nou \u0219i \u00een pas cu ritmul trepidant al schimb\u0103rilor, iar din momentul \u00een care a\u021bi preluat conducerea, cap\u0103t\u0103 vizibilitate.<\/span><\/span><\/span><\/span><\/p>\n<p align=\"justify\"><span style=\"color: #050505;\"><span style=\"font-family: Times New Roman, serif;\"><span style=\"font-size: large;\"><span lang=\"ro-RO\">Grijile locuitorilor sunt printre priorit\u0103\u021bile care V\u0103 definesc, servind zilnic comunit\u0103\u021bii cu devotament, corectitudine \u0219i generozitate.<\/span><\/span><\/span><\/span><\/p>\n<p align=\"justify\"><span style=\"color: #050505;\"><span style=\"font-family: Times New Roman, serif;\"><span style=\"font-size: large;\"><span lang=\"ro-RO\">Sunte\u021bi cel care are r\u0103spuns la toate \u00eentreb\u0103rile, care are timp pentru to\u021bi oamenii \u0219i putere pentru toate provoc\u0103rile.<\/span><\/span><\/span><\/span><\/p>\n<p align=\"justify\"><span style=\"color: #050505;\"><span style=\"font-family: Times New Roman, serif;\"><span style=\"font-size: large;\"><span lang=\"ro-RO\">V\u0103 dorim mul\u021bi ani, plini de considera\u021bia \u0219i aprecierea muncii dedicate.<\/span><\/span><\/span><\/span><\/p>\n<p align=\"justify\"><span style=\"color: #050505;\"><span style=\"font-family: Times New Roman, serif;\"><span style=\"font-size: large;\"><span lang=\"ro-RO\">Cei mai buni ani din via\u021b\u0103 abia vin!<\/span><\/span><\/span><\/span><\/p>\n<p>&nbsp;<\/p>\n\n\t\t<\/div>\n\t<\/div>\n\n<div class=\"vc_grid-container-wrapper vc_clearfix vc_grid-animation-fadeIn\">\n\t<div class=\"vc_grid-container vc_clearfix wpb_content_element vc_media_grid\" data-initial-loading-animation=\"fadeIn\" data-vc-grid-settings=\"{&quot;page_id&quot;:72965,&quot;style&quot;:&quot;all&quot;,&quot;action&quot;:&quot;vc_get_vc_grid_data&quot;,&quot;shortcode_id&quot;:&quot;1705394857891-7eca430b-7fc7-10&quot;,&quot;tag&quot;:&quot;vc_media_grid&quot;}\" data-vc-request=\"https:\/\/chisinaucentru.md\/wp-admin\/admin-ajax.php\" data-vc-post-id=\"72965\" data-vc-public-nonce=\"39ce34e9ee\">\n\t\t\n\t<\/div>\n<\/div><\/div><\/div><\/div><\/div>","protected":false},"excerpt":{"rendered":"<p>Stimate domnule Pretor, Vadim H\u00eencu, Primi\u021bi cordiale felicit\u0103ri cu ocazia jubileului. Ur\u0103rile cele mai frumoase, \u00een momentul anivers\u0103rii zilei Dumneavoastr\u0103 de na\u0219tere, vin \u00eenso\u021bite de alesul nostru respect \u0219i deosebita pre\u021buire. Lider veritabil, conduc\u0103tor dedicat, om de \u00eenalt\u0103 cultur\u0103 \u0219i etic\u0103, model de succes \u0219i dezvoltare multilateral\u0103 individualizeaz\u0103 personalitatea Pretorului sectorului Centru, Vadim H\u00eencu. \u00cen&hellip;<\/p>","protected":false},"author":1,"featured_media":72967,"comment_status":"open","ping_status":"open","sticky":false,"template":"","format":"standard","meta":[],"categories":[244],"tags":[],"acf":[],"_links":{"self":[{"href":"https:\/\/chisinaucentru.md\/en\/wp-json\/wp\/v2\/posts\/72965"}],"collection":[{"href":"https:\/\/chisinaucentru.md\/en\/wp-json\/wp\/v2\/posts"}],"about":[{"href":"https:\/\/chisinaucentru.md\/en\/wp-json\/wp\/v2\/types\/post"}],"author":[{"embeddable":true,"href":"https:\/\/chisinaucentru.md\/en\/wp-json\/wp\/v2\/users\/1"}],"replies":[{"embeddable":true,"href":"https:\/\/chisinaucentru.md\/en\/wp-json\/wp\/v2\/comments?post=72965"}],"version-history":[{"count":2,"href":"https:\/\/chisinaucentru.md\/en\/wp-json\/wp\/v2\/posts\/72965\/revisions"}],"predecessor-version":[{"id":72968,"href":"https:\/\/chisinaucentru.md\/en\/wp-json\/wp\/v2\/posts\/72965\/revisions\/72968"}],"wp:featuredmedia":[{"embeddable":true,"href":"https:\/\/chisinaucentru.md\/en\/wp-json\/wp\/v2\/media\/72967"}],"wp:attachment":[{"href":"https:\/\/chisinaucentru.md\/en\/wp-json\/wp\/v2\/media?parent=72965"}],"wp:term":[{"taxonomy":"category","embeddable":true,"href":"https:\/\/chisinaucentru.md\/en\/wp-json\/wp\/v2\/categories?post=72965"},{"taxonomy":"post_tag","embeddable":true,"href":"https:\/\/chisinaucentru.md\/en\/wp-json\/wp\/v2\/tags?post=72965"}],"curies":[{"name":"wp","href":"https:\/\/api.w.org\/{rel}","templated":true}]}}