{"id":71713,"date":"2023-12-12T23:37:54","date_gmt":"2023-12-12T21:37:54","guid":{"rendered":"https:\/\/chisinaucentru.md\/?p=71713"},"modified":"2023-12-12T23:41:45","modified_gmt":"2023-12-12T21:41:45","slug":"pretorul-vadim-hincu-continua-sa-felicite-locuitorii-sectorului-centru-cu-prilejul-sarbatorilor-de-iarna","status":"publish","type":"post","link":"https:\/\/chisinaucentru.md\/en\/pretorul-vadim-hincu-continua-sa-felicite-locuitorii-sectorului-centru-cu-prilejul-sarbatorilor-de-iarna\/","title":{"rendered":"Pretorul, Vadim H\u00eencu continu\u0103 s\u0103 felicite locuitorii sectorului Centru cu prilejul s\u0103rb\u0103torilor de iarn\u0103"},"content":{"rendered":"<div class=\"vc_row wpb_row vc_row-fluid dt-default\" style=\"margin-top: 0px;margin-bottom: 0px\"><div class=\"wpb_column vc_column_container vc_col-sm-12\"><div class=\"vc_column-inner\"><div class=\"wpb_wrapper\">\n\t<div class=\"wpb_text_column wpb_content_element\" >\n\t\t<div class=\"wpb_wrapper\">\n\t\t\t<p align=\"justify\"><span style=\"color: #181a2b;\"><span style=\"font-family: Times New Roman, serif;\"><span style=\"font-size: large;\"><span lang=\"ro-RO\">De aceast\u0103 dat\u0103, \u0219i-a \u00eendreptat aten\u021bia c\u0103tre persoanele cu deficien\u021be de vedere, \u00een contextul \u00een care Caravana cadourilor de Cr\u0103ciun lansat\u0103 de Pretura sectorului Centru are ca scop d\u0103ruirea bucuriei prin grij\u0103 \u0219i suport, \u00een special, categoriilor defavorizate de oameni.<\/span><\/span><\/span><\/span><\/p>\n<p align=\"justify\"><span style=\"color: #181a2b;\"><span style=\"font-family: Times New Roman, serif;\"><span style=\"font-size: large;\"><span lang=\"ro-RO\">50 de membri ai Asocia\u021bie Nev\u0103z\u0103torilor din Moldova, domicilia\u021bi \u00een sectorul Centru au fost, la 12 decembrie, vizita\u021bi de c\u0103tre Pretor, care le-a oferit \u00een dar colete cu produse alimentare pentru ca spiritul s\u0103rb\u0103torilor s\u0103 d\u0103inuie \u00een fiecare cas\u0103. Suportul umanitar vine din dona\u021bia partenerului ASICS.<\/span><\/span><\/span><\/span><\/p>\n\n\t\t<\/div>\n\t<\/div>\n\n<div class=\"vc_grid-container-wrapper vc_clearfix vc_grid-animation-fadeIn\">\n\t<div class=\"vc_grid-container vc_clearfix wpb_content_element vc_media_grid\" data-initial-loading-animation=\"fadeIn\" data-vc-grid-settings=\"{&quot;page_id&quot;:71713,&quot;style&quot;:&quot;all&quot;,&quot;action&quot;:&quot;vc_get_vc_grid_data&quot;,&quot;shortcode_id&quot;:&quot;1702417216731-c83b13ad-a9b4-4&quot;,&quot;tag&quot;:&quot;vc_media_grid&quot;}\" data-vc-request=\"https:\/\/chisinaucentru.md\/wp-admin\/admin-ajax.php\" data-vc-post-id=\"71713\" data-vc-public-nonce=\"bf2ed162b4\">\n\t\t\n\t<\/div>\n<\/div><\/div><\/div><\/div><\/div>","protected":false},"excerpt":{"rendered":"<p>De aceast\u0103 dat\u0103, \u0219i-a \u00eendreptat aten\u021bia c\u0103tre persoanele cu deficien\u021be de vedere, \u00een contextul \u00een care Caravana cadourilor de Cr\u0103ciun lansat\u0103 de Pretura sectorului Centru are ca scop d\u0103ruirea bucuriei prin grij\u0103 \u0219i suport, \u00een special, categoriilor defavorizate de oameni. 50 de membri ai Asocia\u021bie Nev\u0103z\u0103torilor din Moldova, domicilia\u021bi \u00een sectorul Centru au fost, la&hellip;<\/p>","protected":false},"author":1,"featured_media":71715,"comment_status":"open","ping_status":"open","sticky":false,"template":"","format":"standard","meta":[],"categories":[244],"tags":[],"acf":[],"_links":{"self":[{"href":"https:\/\/chisinaucentru.md\/en\/wp-json\/wp\/v2\/posts\/71713"}],"collection":[{"href":"https:\/\/chisinaucentru.md\/en\/wp-json\/wp\/v2\/posts"}],"about":[{"href":"https:\/\/chisinaucentru.md\/en\/wp-json\/wp\/v2\/types\/post"}],"author":[{"embeddable":true,"href":"https:\/\/chisinaucentru.md\/en\/wp-json\/wp\/v2\/users\/1"}],"replies":[{"embeddable":true,"href":"https:\/\/chisinaucentru.md\/en\/wp-json\/wp\/v2\/comments?post=71713"}],"version-history":[{"count":3,"href":"https:\/\/chisinaucentru.md\/en\/wp-json\/wp\/v2\/posts\/71713\/revisions"}],"predecessor-version":[{"id":71723,"href":"https:\/\/chisinaucentru.md\/en\/wp-json\/wp\/v2\/posts\/71713\/revisions\/71723"}],"wp:featuredmedia":[{"embeddable":true,"href":"https:\/\/chisinaucentru.md\/en\/wp-json\/wp\/v2\/media\/71715"}],"wp:attachment":[{"href":"https:\/\/chisinaucentru.md\/en\/wp-json\/wp\/v2\/media?parent=71713"}],"wp:term":[{"taxonomy":"category","embeddable":true,"href":"https:\/\/chisinaucentru.md\/en\/wp-json\/wp\/v2\/categories?post=71713"},{"taxonomy":"post_tag","embeddable":true,"href":"https:\/\/chisinaucentru.md\/en\/wp-json\/wp\/v2\/tags?post=71713"}],"curies":[{"name":"wp","href":"https:\/\/api.w.org\/{rel}","templated":true}]}}