{"id":71694,"date":"2023-12-11T15:57:57","date_gmt":"2023-12-11T13:57:57","guid":{"rendered":"https:\/\/chisinaucentru.md\/?p=71694"},"modified":"2023-12-11T15:59:55","modified_gmt":"2023-12-11T13:59:55","slug":"membrii-asociatiei-deportatilor-din-sectorul-centru-felicitati-de-catre-pretor-cu-prilejul-sarbatorilor-de-iarna","status":"publish","type":"post","link":"https:\/\/chisinaucentru.md\/en\/membrii-asociatiei-deportatilor-din-sectorul-centru-felicitati-de-catre-pretor-cu-prilejul-sarbatorilor-de-iarna\/","title":{"rendered":"Membrii asocia\u021biei deporta\u021bilor din sectorul Centru, felicita\u021bi de c\u0103tre Pretor cu prilejul s\u0103rb\u0103torilor de iarn\u0103"},"content":{"rendered":"<div class=\"vc_row wpb_row vc_row-fluid dt-default\" style=\"margin-top: 0px;margin-bottom: 0px\"><div class=\"wpb_column vc_column_container vc_col-sm-12\"><div class=\"vc_column-inner\"><div class=\"wpb_wrapper\">\n\t<div class=\"wpb_text_column wpb_content_element\" >\n\t\t<div class=\"wpb_wrapper\">\n\t\t\t<p align=\"justify\"><span style=\"color: #050505;\"><span style=\"font-family: Times New Roman, serif;\"><span style=\"font-size: large;\"><span lang=\"ro-RO\">\u00cen lumina frumoaselor s\u0103rb\u0103tori de iarn\u0103 care ne sunt \u00een prag, din tradi\u021bia temeinicilor conexiuni ale administra\u021biei Preturii cu locuitorii sectorului Centru, ast\u0103zi, la 11 decembrie 2023, Pretorul sectorului Centru, Vadim H\u00eencu, s-a \u00eent\u00e2lnit cu membrii Asocia\u021biei ob\u0219te\u0219ti a deporta\u021bilor \u0219i de\u021binu\u021bilor politici din sectorul Centru.<\/span><\/span><\/span><\/span><\/p>\n<p align=\"justify\"><span style=\"color: #050505;\"><span style=\"font-family: Times New Roman, serif;\"><span style=\"font-size: large;\"><span lang=\"ro-RO\">\u00cen cadrul activit\u0103\u021bii, Pretorul a transmis felicit\u0103ri cu prilejul s\u0103rb\u0103torilor de Cr\u0103ciun \u0219i Anul Nou celor 30 de persoane din sectorul Centru, victime \u0219i rude ale acestora din timpul represiunilor staliniste. Din nefericire deporta\u021bii care sunt azi \u00een via\u021b\u0103 sunt acele persoane care \u00een anii deport\u0103rilor erau copii. Amintirile copil\u0103riei lor sunt despre foame, sete, frig, fric\u0103, boli, mor\u0163i \u015fi munc\u0103 silnic\u0103. Dator\u0103m lor pacea \u00een care tr\u0103im ast\u0103zi, p\u0103str\u00e2nd cu cinste memoria trecutului.<\/span><\/span><\/span><\/span><\/p>\n<p align=\"justify\"><span style=\"color: #050505;\"><span style=\"font-family: Times New Roman, serif;\"><span style=\"font-size: large;\"><span lang=\"ro-RO\">S\u0103rb\u0103torile trebuie s\u0103 fie prilej de bucurie pentru fiecare din noi, astfel, to\u021bi membrii Asocia\u021biei deporta\u021bilor au primit ast\u0103zi \u00een dar colete cu produse alimentare din partea Preturii sectorului Centru \u0219i a partenerului Asocia\u021bia pentru sus\u021binerea Ini\u021biativelor Comunitare \u0219i Sportului.<\/span><\/span><\/span><\/span><\/p>\n\n\t\t<\/div>\n\t<\/div>\n\n<div class=\"vc_grid-container-wrapper vc_clearfix vc_grid-animation-fadeIn\">\n\t<div class=\"vc_grid-container vc_clearfix wpb_content_element vc_media_grid\" data-initial-loading-animation=\"fadeIn\" data-vc-grid-settings=\"{&quot;page_id&quot;:71694,&quot;style&quot;:&quot;all&quot;,&quot;action&quot;:&quot;vc_get_vc_grid_data&quot;,&quot;shortcode_id&quot;:&quot;1702303099361-53fbe7a8-2784-1&quot;,&quot;tag&quot;:&quot;vc_media_grid&quot;}\" data-vc-request=\"https:\/\/chisinaucentru.md\/wp-admin\/admin-ajax.php\" data-vc-post-id=\"71694\" data-vc-public-nonce=\"c0809cca66\">\n\t\t\n\t<\/div>\n<\/div><\/div><\/div><\/div><\/div>","protected":false},"excerpt":{"rendered":"<p>\u00cen lumina frumoaselor s\u0103rb\u0103tori de iarn\u0103 care ne sunt \u00een prag, din tradi\u021bia temeinicilor conexiuni ale administra\u021biei Preturii cu locuitorii sectorului Centru, ast\u0103zi, la 11 decembrie 2023, Pretorul sectorului Centru, Vadim H\u00eencu, s-a \u00eent\u00e2lnit cu membrii Asocia\u021biei ob\u0219te\u0219ti a deporta\u021bilor \u0219i de\u021binu\u021bilor politici din sectorul Centru. \u00cen cadrul activit\u0103\u021bii, Pretorul a transmis felicit\u0103ri cu prilejul&hellip;<\/p>","protected":false},"author":1,"featured_media":71696,"comment_status":"open","ping_status":"open","sticky":false,"template":"","format":"standard","meta":[],"categories":[244],"tags":[],"acf":[],"_links":{"self":[{"href":"https:\/\/chisinaucentru.md\/en\/wp-json\/wp\/v2\/posts\/71694"}],"collection":[{"href":"https:\/\/chisinaucentru.md\/en\/wp-json\/wp\/v2\/posts"}],"about":[{"href":"https:\/\/chisinaucentru.md\/en\/wp-json\/wp\/v2\/types\/post"}],"author":[{"embeddable":true,"href":"https:\/\/chisinaucentru.md\/en\/wp-json\/wp\/v2\/users\/1"}],"replies":[{"embeddable":true,"href":"https:\/\/chisinaucentru.md\/en\/wp-json\/wp\/v2\/comments?post=71694"}],"version-history":[{"count":3,"href":"https:\/\/chisinaucentru.md\/en\/wp-json\/wp\/v2\/posts\/71694\/revisions"}],"predecessor-version":[{"id":71712,"href":"https:\/\/chisinaucentru.md\/en\/wp-json\/wp\/v2\/posts\/71694\/revisions\/71712"}],"wp:featuredmedia":[{"embeddable":true,"href":"https:\/\/chisinaucentru.md\/en\/wp-json\/wp\/v2\/media\/71696"}],"wp:attachment":[{"href":"https:\/\/chisinaucentru.md\/en\/wp-json\/wp\/v2\/media?parent=71694"}],"wp:term":[{"taxonomy":"category","embeddable":true,"href":"https:\/\/chisinaucentru.md\/en\/wp-json\/wp\/v2\/categories?post=71694"},{"taxonomy":"post_tag","embeddable":true,"href":"https:\/\/chisinaucentru.md\/en\/wp-json\/wp\/v2\/tags?post=71694"}],"curies":[{"name":"wp","href":"https:\/\/api.w.org\/{rel}","templated":true}]}}