{"id":71686,"date":"2023-12-11T13:33:06","date_gmt":"2023-12-11T11:33:06","guid":{"rendered":"https:\/\/chisinaucentru.md\/?p=71686"},"modified":"2023-12-11T13:35:09","modified_gmt":"2023-12-11T11:35:09","slug":"targul-pomilor-de-craciun-in-sectorul-centru","status":"publish","type":"post","link":"https:\/\/chisinaucentru.md\/en\/targul-pomilor-de-craciun-in-sectorul-centru\/","title":{"rendered":"T\u00e2rgul pomilor de Cr\u0103ciun, \u00een sectorul Centru"},"content":{"rendered":"<div class=\"vc_row wpb_row vc_row-fluid dt-default\" style=\"margin-top: 0px;margin-bottom: 0px\"><div class=\"wpb_column vc_column_container vc_col-sm-12\"><div class=\"vc_column-inner\"><div class=\"wpb_wrapper\">\n\t<div class=\"wpb_text_column wpb_content_element\" >\n\t\t<div class=\"wpb_wrapper\">\n\t\t\t<p align=\"justify\"><span style=\"font-family: Times New Roman, serif;\"><span style=\"font-size: medium;\"><span style=\"font-size: large;\"><span lang=\"ro-RO\">\u00cen perioada 01.12.2023 \u2013 01.01.2024, \u00een sectorul Centru va fi organizat comer\u021bul cu arbori de conifere, \u00een contextul desf\u0103\u0219ur\u0103rii s\u0103rb\u0103torilor de iarn\u0103. <\/span><\/span><\/span><\/span><\/p>\n<p align=\"justify\"><span style=\"font-family: Times New Roman, serif;\"><span style=\"font-size: medium;\"><span style=\"font-size: large;\"><span lang=\"ro-RO\">Pretura sectorului Centru prin Sec\u021bia social-economic\u0103 va elibera \u00een acest sens, premise de acces operatorilor economici pentru a ob\u021bine amplasamente \u00een loca\u021biile stabilite pentru activit\u0103\u021bile de comercializare a brazilor \u00een sectorul Centru<\/span><\/span><\/span><\/span><\/p>\n<p align=\"justify\"><span style=\"font-family: Times New Roman, serif;\"><span style=\"font-size: large;\"><span lang=\"en-US\">Adresele de desf\u0103\u0219urare a t\u00e2rgurilor de brazi:<\/span><\/span><\/span><\/p>\n<p align=\"justify\"><span style=\"font-family: Times New Roman, serif;\"><span style=\"font-size: large;\"><span lang=\"en-US\">&#8211; str. Ismail, col\u021b cu bd. D. Cantemir, <\/span><\/span><\/span><\/p>\n<p align=\"justify\"><span style=\"font-family: Times New Roman, serif;\"><span style=\"font-size: large;\"><span lang=\"en-US\">&#8211; str. Academiei, 5, <\/span><\/span><\/span><\/p>\n<p align=\"justify\"><span style=\"font-family: Times New Roman, serif;\"><span style=\"font-size: large;\"><span lang=\"en-US\">&#8211; str. Academiei, 12, <\/span><\/span><\/span><\/p>\n<p align=\"justify\"><span style=\"font-family: Times New Roman, serif;\"><span style=\"font-size: large;\"><span lang=\"en-US\">&#8211; str. Armeneasc\u0103, 50, <\/span><\/span><\/span><\/p>\n<p align=\"justify\"><span style=\"font-family: Times New Roman, serif;\"><span style=\"font-size: large;\"><span lang=\"en-US\">&#8211; str. Bulgar\u0103, 47, <\/span><\/span><\/span><\/p>\n<p align=\"justify\"><span style=\"font-family: Times New Roman, serif;\"><span style=\"font-size: large;\"><span lang=\"en-US\">&#8211; str. Ismail, 84 (\u00een parcare), <\/span><\/span><\/span><\/p>\n<p align=\"justify\"><span style=\"font-family: Times New Roman, serif;\"><span style=\"font-size: large;\"><span lang=\"en-US\">&#8211; str. N. Testemi\u021banu 20, col\u021b cu str. C. V\u00e2rnav, <\/span><\/span><\/span><\/p>\n<p align=\"justify\"><span style=\"font-family: Times New Roman, serif;\"><span style=\"font-size: large;\"><span lang=\"en-US\">&#8211; str. Armeneasc\u0103 col\u021b cu str. Mitropolit Varlaam, <\/span><\/span><\/span><\/p>\n<p align=\"justify\"><span style=\"font-family: Times New Roman, serif;\"><span style=\"font-size: large;\"><span lang=\"en-US\">&#8211; str. Mitropolit Varlaam, col\u021b cu str. Bulgar\u0103, <\/span><\/span><\/span><\/p>\n<p align=\"justify\"><span style=\"font-family: Times New Roman, serif;\"><span style=\"font-size: large;\"><span lang=\"en-US\">&#8211; str. Mitropolit Varlaam col\u021b cu str. Tighina, <\/span><\/span><\/span><\/p>\n<p align=\"justify\"><span style=\"font-family: Times New Roman, serif;\"><span style=\"font-size: large;\"><span lang=\"en-US\">&#8211; str. Lev Tolstoi, 24 (\u00een parcare, pe teren municipal), <\/span><\/span><\/span><\/p>\n<p align=\"justify\"><span style=\"font-family: Times New Roman, serif;\"><span style=\"font-size: large;\">&#8211; \u0219os. H\u00e2nce\u0219ti, 62A.<\/span><\/span><\/p>\n\n\t\t<\/div>\n\t<\/div>\n\n<div class=\"vc_grid-container-wrapper vc_clearfix vc_grid-animation-fadeIn\">\n\t<div class=\"vc_grid-container vc_clearfix wpb_content_element vc_media_grid\" data-initial-loading-animation=\"fadeIn\" data-vc-grid-settings=\"{&quot;page_id&quot;:71686,&quot;style&quot;:&quot;all&quot;,&quot;action&quot;:&quot;vc_get_vc_grid_data&quot;,&quot;shortcode_id&quot;:&quot;1702294415599-0f2a423e-ba90-4&quot;,&quot;tag&quot;:&quot;vc_media_grid&quot;}\" data-vc-request=\"https:\/\/chisinaucentru.md\/wp-admin\/admin-ajax.php\" data-vc-post-id=\"71686\" data-vc-public-nonce=\"c0809cca66\">\n\t\t\n\t<\/div>\n<\/div><\/div><\/div><\/div><\/div>","protected":false},"excerpt":{"rendered":"<p>\u00cen perioada 01.12.2023 \u2013 01.01.2024, \u00een sectorul Centru va fi organizat comer\u021bul cu arbori de conifere, \u00een contextul desf\u0103\u0219ur\u0103rii s\u0103rb\u0103torilor de iarn\u0103. Pretura sectorului Centru prin Sec\u021bia social-economic\u0103 va elibera \u00een acest sens, premise de acces operatorilor economici pentru a ob\u021bine amplasamente \u00een loca\u021biile stabilite pentru activit\u0103\u021bile de comercializare a brazilor \u00een sectorul Centru Adresele&hellip;<\/p>","protected":false},"author":1,"featured_media":71688,"comment_status":"open","ping_status":"open","sticky":false,"template":"","format":"standard","meta":[],"categories":[244],"tags":[],"acf":[],"_links":{"self":[{"href":"https:\/\/chisinaucentru.md\/en\/wp-json\/wp\/v2\/posts\/71686"}],"collection":[{"href":"https:\/\/chisinaucentru.md\/en\/wp-json\/wp\/v2\/posts"}],"about":[{"href":"https:\/\/chisinaucentru.md\/en\/wp-json\/wp\/v2\/types\/post"}],"author":[{"embeddable":true,"href":"https:\/\/chisinaucentru.md\/en\/wp-json\/wp\/v2\/users\/1"}],"replies":[{"embeddable":true,"href":"https:\/\/chisinaucentru.md\/en\/wp-json\/wp\/v2\/comments?post=71686"}],"version-history":[{"count":3,"href":"https:\/\/chisinaucentru.md\/en\/wp-json\/wp\/v2\/posts\/71686\/revisions"}],"predecessor-version":[{"id":71693,"href":"https:\/\/chisinaucentru.md\/en\/wp-json\/wp\/v2\/posts\/71686\/revisions\/71693"}],"wp:featuredmedia":[{"embeddable":true,"href":"https:\/\/chisinaucentru.md\/en\/wp-json\/wp\/v2\/media\/71688"}],"wp:attachment":[{"href":"https:\/\/chisinaucentru.md\/en\/wp-json\/wp\/v2\/media?parent=71686"}],"wp:term":[{"taxonomy":"category","embeddable":true,"href":"https:\/\/chisinaucentru.md\/en\/wp-json\/wp\/v2\/categories?post=71686"},{"taxonomy":"post_tag","embeddable":true,"href":"https:\/\/chisinaucentru.md\/en\/wp-json\/wp\/v2\/tags?post=71686"}],"curies":[{"name":"wp","href":"https:\/\/api.w.org\/{rel}","templated":true}]}}