{"id":71356,"date":"2023-11-28T20:37:13","date_gmt":"2023-11-28T18:37:13","guid":{"rendered":"https:\/\/chisinaucentru.md\/?p=71356"},"modified":"2023-11-29T10:41:05","modified_gmt":"2023-11-29T08:41:05","slug":"inlaturarea-turturilor-de-pe-acoperisul-blocurilor-de-locuit-ale-imgfl-nr-12","status":"publish","type":"post","link":"https:\/\/chisinaucentru.md\/en\/inlaturarea-turturilor-de-pe-acoperisul-blocurilor-de-locuit-ale-imgfl-nr-12\/","title":{"rendered":"\u00cenl\u0103turarea \u021bur\u021burilor de pe acoperi\u0219ul blocurilor de locuit ale \u00ceMGFL nr. 12"},"content":{"rendered":"<div class=\"vc_row wpb_row vc_row-fluid dt-default\" style=\"margin-top: 0px;margin-bottom: 0px\"><div class=\"wpb_column vc_column_container vc_col-sm-12\"><div class=\"vc_column-inner\"><div class=\"wpb_wrapper\">\n\t<div class=\"wpb_text_column wpb_content_element\" >\n\t\t<div class=\"wpb_wrapper\">\n\t\t\t<p align=\"justify\"><span style=\"color: #050505;\"><span style=\"font-family: Times New Roman, serif;\"><span style=\"font-size: large;\"><span lang=\"ro-RO\">Ast\u0103zi, 28.11.2023, la blocul de locuin\u021be de pe strada Pietrarilor, cartierul Telecentru au fost \u00eenl\u0103turate acumul\u0103rile de z\u0103pad\u0103 \u0219i \u021bur\u021burii de ghea\u021b\u0103 de pe acoperi\u0219.<\/span><\/span><\/span><\/span><\/p>\n<p align=\"justify\"><span style=\"color: #050505;\"><span style=\"font-family: Times New Roman, serif;\"><span style=\"font-size: large;\"><span lang=\"ro-RO\">\u00cen urma inspect\u0103rii blocurilor locative, \u00een contextul condi\u021biilor climaterice de iarn\u0103, de c\u0103tre gestionarul \u00ceMGFL nr. 12 au fost identifica\u021bi \u0219i, \u00een colaborare cu Pretura sectorului Centru cu ajutorul turnului de la \u00ceMAG \u201dSpa\u021bii Verzi\u201d, \u00eenl\u0103tura\u021bi \u021bur\u021burii de ghea\u021b\u0103 de la acoperi\u0219ul blocului din strada Pietrarilor nr. 2.<\/span><\/span><\/span><\/span><\/p>\n<p align=\"justify\"><span style=\"color: #050505;\"><span style=\"font-family: Times New Roman, serif;\"><span style=\"font-size: large;\"><span lang=\"ro-RO\">\u00cen acest bloc, la fel ca \u0219i la \u00eentreaga strad\u0103, locuiesc persoane nev\u0103z\u0103toare, tot aici este \u0219i sediul Asocia\u021biei Orbilor din Moldova. \u00cen scopul prevenirii riscurilor accident\u0103rii oamenilor din cauza desprinderii \u021bur\u021burilor de ghea\u021b\u0103 \u0219i a acumul\u0103rilor de z\u0103pad\u0103, interven\u021bia a fost una urgent\u0103. <\/span><\/span><\/span><\/span><\/p>\n<p align=\"justify\"><span style=\"color: #050505;\"><span style=\"font-family: Times New Roman, serif;\"><span style=\"font-size: large;\"><span lang=\"ro-RO\">Clasific\u0103m ac\u021biunea gestionarului blocului de locuit drept una de referin\u021b\u0103 pentru to\u021bi. Siguran\u021ba cet\u0103\u021benilor este prioritar\u0103.<\/span><\/span><\/span><\/span><\/p>\n\n\t\t<\/div>\n\t<\/div>\n\n<div class=\"vc_grid-container-wrapper vc_clearfix vc_grid-animation-fadeIn\">\n\t<div class=\"vc_grid-container vc_clearfix wpb_content_element vc_media_grid\" data-initial-loading-animation=\"fadeIn\" data-vc-grid-settings=\"{&quot;page_id&quot;:71356,&quot;style&quot;:&quot;all&quot;,&quot;action&quot;:&quot;vc_get_vc_grid_data&quot;,&quot;shortcode_id&quot;:&quot;1701247076939-1a8353fd-7f86-9&quot;,&quot;tag&quot;:&quot;vc_media_grid&quot;}\" data-vc-request=\"https:\/\/chisinaucentru.md\/wp-admin\/admin-ajax.php\" data-vc-post-id=\"71356\" data-vc-public-nonce=\"834cf87f23\">\n\t\t\n\t<\/div>\n<\/div><\/div><\/div><\/div><\/div>","protected":false},"excerpt":{"rendered":"<p>Ast\u0103zi, 28.11.2023, la blocul de locuin\u021be de pe strada Pietrarilor, cartierul Telecentru au fost \u00eenl\u0103turate acumul\u0103rile de z\u0103pad\u0103 \u0219i \u021bur\u021burii de ghea\u021b\u0103 de pe acoperi\u0219. \u00cen urma inspect\u0103rii blocurilor locative, \u00een contextul condi\u021biilor climaterice de iarn\u0103, de c\u0103tre gestionarul \u00ceMGFL nr. 12 au fost identifica\u021bi \u0219i, \u00een colaborare cu Pretura sectorului Centru cu ajutorul turnului&hellip;<\/p>","protected":false},"author":1,"featured_media":71358,"comment_status":"open","ping_status":"open","sticky":false,"template":"","format":"standard","meta":[],"categories":[244],"tags":[],"acf":[],"_links":{"self":[{"href":"https:\/\/chisinaucentru.md\/en\/wp-json\/wp\/v2\/posts\/71356"}],"collection":[{"href":"https:\/\/chisinaucentru.md\/en\/wp-json\/wp\/v2\/posts"}],"about":[{"href":"https:\/\/chisinaucentru.md\/en\/wp-json\/wp\/v2\/types\/post"}],"author":[{"embeddable":true,"href":"https:\/\/chisinaucentru.md\/en\/wp-json\/wp\/v2\/users\/1"}],"replies":[{"embeddable":true,"href":"https:\/\/chisinaucentru.md\/en\/wp-json\/wp\/v2\/comments?post=71356"}],"version-history":[{"count":3,"href":"https:\/\/chisinaucentru.md\/en\/wp-json\/wp\/v2\/posts\/71356\/revisions"}],"predecessor-version":[{"id":71368,"href":"https:\/\/chisinaucentru.md\/en\/wp-json\/wp\/v2\/posts\/71356\/revisions\/71368"}],"wp:featuredmedia":[{"embeddable":true,"href":"https:\/\/chisinaucentru.md\/en\/wp-json\/wp\/v2\/media\/71358"}],"wp:attachment":[{"href":"https:\/\/chisinaucentru.md\/en\/wp-json\/wp\/v2\/media?parent=71356"}],"wp:term":[{"taxonomy":"category","embeddable":true,"href":"https:\/\/chisinaucentru.md\/en\/wp-json\/wp\/v2\/categories?post=71356"},{"taxonomy":"post_tag","embeddable":true,"href":"https:\/\/chisinaucentru.md\/en\/wp-json\/wp\/v2\/tags?post=71356"}],"curies":[{"name":"wp","href":"https:\/\/api.w.org\/{rel}","templated":true}]}}