{"id":71352,"date":"2023-11-28T15:39:04","date_gmt":"2023-11-28T13:39:04","guid":{"rendered":"https:\/\/chisinaucentru.md\/?p=71352"},"modified":"2023-11-28T15:39:32","modified_gmt":"2023-11-28T13:39:32","slug":"pretura-sectorului-centru-indeamna-gestionarii-de-imobile-si-agentii-economici-sa-si-deszapezeasca-teritoriile-aflate-in-administrare-sau-proprietate","status":"publish","type":"post","link":"https:\/\/chisinaucentru.md\/en\/pretura-sectorului-centru-indeamna-gestionarii-de-imobile-si-agentii-economici-sa-si-deszapezeasca-teritoriile-aflate-in-administrare-sau-proprietate\/","title":{"rendered":"Pretura sectorului Centru \u00eendeamn\u0103 gestionarii de imobile \u0219i agen\u021bii economici s\u0103-\u0219i desz\u0103pezeasc\u0103 teritoriile aflate \u00een administrare sau proprietate"},"content":{"rendered":"<div class=\"vc_row wpb_row vc_row-fluid dt-default\" style=\"margin-top: 0px;margin-bottom: 0px\"><div class=\"wpb_column vc_column_container vc_col-sm-12\"><div class=\"vc_column-inner\"><div class=\"wpb_wrapper\">\n\t<div class=\"wpb_text_column wpb_content_element\" >\n\t\t<div class=\"wpb_wrapper\">\n\t\t\t<p align=\"justify\"><span style=\"color: #050505;\"><span style=\"font-family: Times New Roman, serif;\"><span style=\"font-size: large;\"><span lang=\"ro-RO\">Pretura sectorului Centru face apel c\u0103tre gestionarii\/proprietarii de imobile \u0219i agen\u021bii economici care \u00ee\u0219i desf\u0103\u0219oar\u0103 activitatea pe teritoriul sectorului Centru s\u0103 desz\u0103pezeasc\u0103 teritoriile adiacente spa\u0163iilor aflate \u00een gestiune sau proprietate.<\/span><\/span><\/span><\/span><\/p>\n<p align=\"justify\"><span style=\"color: #050505;\"><span style=\"font-family: Times New Roman, serif;\"><span style=\"font-size: large;\"><span lang=\"ro-RO\">Totodat\u0103, pentru lipsa de implicare \u00een cur\u0103\u021barea de z\u0103pad\u0103 a teritoriilor unde \u00ee\u0219i desf\u0103\u0219oar\u0103 activitatea, agen\u021bii economici\/proprietari de imobile \u0219i gestionarii fondului locativ sunt pasibili de sanc\u021biuni administrative.<\/span><\/span><\/span><\/span><\/p>\n<p align=\"justify\"><span style=\"color: #050505;\"><span style=\"font-family: Times New Roman, serif;\"><span style=\"font-size: large;\"><span lang=\"ro-RO\">Astfel, agen\u021bii constatatori din cadrul Preturii vor verifica situa\u021bia din sector \u00een vederea convingerii persoanelor juridice referitor la salubrizarea teritoriilor adiacente cl\u0103dirilor, \u015fi respect\u0103rii prevederilor pct. 91 din Regulamentul nr. 12\\3 din 23.07.2020 al CMC.<\/span><\/span><\/span><\/span><\/p>\n<p align=\"justify\"><span style=\"color: #050505;\"><span style=\"font-family: Times New Roman, serif;\"><span style=\"font-size: large;\"><span lang=\"ro-RO\">Pe aceast\u0103 cale, autorit\u0103\u021bile municipale \u00eendeamn\u0103 cet\u0103\u021benii s\u0103 dea dovad\u0103 de pruden\u021b\u0103 pe trotuare, la traversarea str\u0103zilor, \u00een condi\u021bii de z\u0103pad\u0103 \u0219i ghe\u021bu\u0219. <\/span><\/span><\/span><\/span><\/p>\n<p align=\"justify\"><span style=\"color: #050505;\"><span style=\"font-family: Times New Roman, serif;\"><span style=\"font-size: large;\"><span lang=\"ro-RO\">\u00cen caz de \u00eenregistrare a situa\u021biilor problematice \u00een contextul condi\u021biilor meteo, cet\u0103\u021benii sunt chema\u021bi s\u0103 apeleze Dispeceratul Central Municipal, tel.: (022) 22-22-67 sau (022) 22-26-04.<\/span><\/span><\/span><\/span><\/p>\n<p>&nbsp;<\/p>\n\n\t\t<\/div>\n\t<\/div>\n\n<div class=\"vc_grid-container-wrapper vc_clearfix vc_grid-animation-fadeIn\">\n\t<div class=\"vc_grid-container vc_clearfix wpb_content_element vc_media_grid\" data-initial-loading-animation=\"fadeIn\" data-vc-grid-settings=\"{&quot;page_id&quot;:71352,&quot;style&quot;:&quot;all&quot;,&quot;action&quot;:&quot;vc_get_vc_grid_data&quot;,&quot;shortcode_id&quot;:&quot;1701178756653-6b05dce9-0fa3-6&quot;,&quot;tag&quot;:&quot;vc_media_grid&quot;}\" data-vc-request=\"https:\/\/chisinaucentru.md\/wp-admin\/admin-ajax.php\" data-vc-post-id=\"71352\" data-vc-public-nonce=\"39ce34e9ee\">\n\t\t\n\t<\/div>\n<\/div><\/div><\/div><\/div><\/div>","protected":false},"excerpt":{"rendered":"<p>Pretura sectorului Centru face apel c\u0103tre gestionarii\/proprietarii de imobile \u0219i agen\u021bii economici care \u00ee\u0219i desf\u0103\u0219oar\u0103 activitatea pe teritoriul sectorului Centru s\u0103 desz\u0103pezeasc\u0103 teritoriile adiacente spa\u0163iilor aflate \u00een gestiune sau proprietate. Totodat\u0103, pentru lipsa de implicare \u00een cur\u0103\u021barea de z\u0103pad\u0103 a teritoriilor unde \u00ee\u0219i desf\u0103\u0219oar\u0103 activitatea, agen\u021bii economici\/proprietari de imobile \u0219i gestionarii fondului locativ sunt pasibili&hellip;<\/p>","protected":false},"author":1,"featured_media":71353,"comment_status":"open","ping_status":"open","sticky":false,"template":"","format":"standard","meta":[],"categories":[244],"tags":[],"acf":[],"_links":{"self":[{"href":"https:\/\/chisinaucentru.md\/en\/wp-json\/wp\/v2\/posts\/71352"}],"collection":[{"href":"https:\/\/chisinaucentru.md\/en\/wp-json\/wp\/v2\/posts"}],"about":[{"href":"https:\/\/chisinaucentru.md\/en\/wp-json\/wp\/v2\/types\/post"}],"author":[{"embeddable":true,"href":"https:\/\/chisinaucentru.md\/en\/wp-json\/wp\/v2\/users\/1"}],"replies":[{"embeddable":true,"href":"https:\/\/chisinaucentru.md\/en\/wp-json\/wp\/v2\/comments?post=71352"}],"version-history":[{"count":2,"href":"https:\/\/chisinaucentru.md\/en\/wp-json\/wp\/v2\/posts\/71352\/revisions"}],"predecessor-version":[{"id":71355,"href":"https:\/\/chisinaucentru.md\/en\/wp-json\/wp\/v2\/posts\/71352\/revisions\/71355"}],"wp:featuredmedia":[{"embeddable":true,"href":"https:\/\/chisinaucentru.md\/en\/wp-json\/wp\/v2\/media\/71353"}],"wp:attachment":[{"href":"https:\/\/chisinaucentru.md\/en\/wp-json\/wp\/v2\/media?parent=71352"}],"wp:term":[{"taxonomy":"category","embeddable":true,"href":"https:\/\/chisinaucentru.md\/en\/wp-json\/wp\/v2\/categories?post=71352"},{"taxonomy":"post_tag","embeddable":true,"href":"https:\/\/chisinaucentru.md\/en\/wp-json\/wp\/v2\/tags?post=71352"}],"curies":[{"name":"wp","href":"https:\/\/api.w.org\/{rel}","templated":true}]}}