{"id":71051,"date":"2023-11-17T23:06:50","date_gmt":"2023-11-17T21:06:50","guid":{"rendered":"https:\/\/chisinaucentru.md\/?p=71051"},"modified":"2023-11-17T23:12:54","modified_gmt":"2023-11-17T21:12:54","slug":"balul-bobocilor-2023-la-centrul-de-excelenta-in-energetica-si-electronica-din-sectorul-centru","status":"publish","type":"post","link":"https:\/\/chisinaucentru.md\/en\/balul-bobocilor-2023-la-centrul-de-excelenta-in-energetica-si-electronica-din-sectorul-centru\/","title":{"rendered":"Balul Bobocilor 2023 la Centrul de Excelen\u021b\u0103 \u00een Energetic\u0103 \u0219i Electronic\u0103 din sectorul Centru"},"content":{"rendered":"<div class=\"vc_row wpb_row vc_row-fluid dt-default\" style=\"margin-top: 0px;margin-bottom: 0px\"><div class=\"wpb_column vc_column_container vc_col-sm-12\"><div class=\"vc_column-inner\"><div class=\"wpb_wrapper\">\n\t<div class=\"wpb_text_column wpb_content_element\" >\n\t\t<div class=\"wpb_wrapper\">\n\t\t\t<p class=\"western\" lang=\"en-US\" align=\"justify\"><span style=\"color: #050505;\"><span style=\"font-family: Times New Roman, serif;\"><span style=\"font-size: large;\"><span lang=\"ro-RO\">\u00cen contextul marc\u0103rii la 17 noiembrie a Zilei Interna\u021bionale a Studentului, institu\u021biile de \u00eenv\u0103\u021b\u0103m\u00e2nt din sectorul Centru serbeaz\u0103 \u00een aceast\u0103 perioad\u0103 tradi\u021bionalul Bal al Bobocilor.<\/span><\/span><\/span><\/span><\/p>\n<p class=\"western\" lang=\"en-US\" align=\"justify\"><span style=\"color: #050505;\"><span style=\"font-family: Times New Roman, serif;\"><span style=\"font-size: large;\"><span lang=\"ro-RO\">Pretorul sectorului Centru, Vadim H\u00eencu a participat cu aceast\u0103 ocazie la un eveniment organizat de Centrul de Excelen\u021b\u0103 \u00een Energetic\u0103 \u0219i Electronic\u0103, filiala energetic\u0103. <\/span><\/span><\/span><\/span><\/p>\n<p class=\"western\" lang=\"en-US\" align=\"justify\"><span style=\"color: #050505;\"><span style=\"font-family: Times New Roman, serif;\"><span style=\"font-size: large;\"><span lang=\"ro-RO\">Institu\u021bia a desf\u0103\u0219urat ast\u0103zi Balul Bobocilor- s\u0103rb\u0103toare dedicat\u0103 studen\u021bilor din anul \u00eent\u00e2i, prima lor activitate extracuricular\u0103 \u00een care ace\u0219tia au oportunitatea de a-\u0219i cunoa\u0219te mai bine colegii \u0219i de a lega noi prietenii, de a-\u0219i manifesta talentul \u0219i de a se distra.<\/span><\/span><\/span><\/span><\/p>\n<p class=\"western\" lang=\"en-US\" align=\"justify\"><span style=\"color: #050505;\"><span style=\"font-family: Times New Roman, serif;\"><span style=\"font-size: large;\"><span lang=\"ro-RO\">\u00cen cadrul concursului compus din mai multe probe, tinerii studen\u021bi \u0219i-au eviden\u021biat numeroasele aptitudini artistice pe care le au \u00een contrastul specialit\u0103\u021bilor tehnice studiate de ei. M\u0103iestria boboceilor a fost apreciat\u0103 de juriu, membrul c\u0103ruia a fost \u0219i Pretorul.<\/span><\/span><\/span><\/span><\/p>\n<p class=\"western\" lang=\"en-US\" align=\"justify\"><span style=\"color: #050505;\"><span style=\"font-family: Times New Roman, serif;\"><span style=\"font-size: large;\"><span lang=\"ro-RO\">De\u021bin\u0103torii premiului mare au primit \u00een dar din partea Preturii sectorului Centru, o box\u0103 portabil\u0103 cu 2 microfoane wireless.<\/span><\/span><\/span><\/span><\/p>\n<p class=\"western\" lang=\"en-US\" align=\"justify\"><span style=\"color: #050505;\"><span style=\"font-family: Times New Roman, serif;\"><span style=\"font-size: large;\"><span lang=\"ro-RO\">Ne m\u00e2ndrim cu studen\u021bii din sectorul nostru, iar pentru c\u0103 ast\u0103zi \u00ee\u0219i serbeaz\u0103 ziua, le dorim tuturor o mare sete de carte, mult succes la \u00eenv\u0103\u021b\u0103tur\u0103 \u0219i s\u0103-\u0219i petreac\u0103 anii de studen\u021bie c\u00e2t mai captivant.<\/span><\/span><\/span><\/span><\/p>\n\n\t\t<\/div>\n\t<\/div>\n\n<div class=\"vc_grid-container-wrapper vc_clearfix vc_grid-animation-fadeIn\">\n\t<div class=\"vc_grid-container vc_clearfix wpb_content_element vc_media_grid\" data-initial-loading-animation=\"fadeIn\" data-vc-grid-settings=\"{&quot;page_id&quot;:71051,&quot;style&quot;:&quot;all&quot;,&quot;action&quot;:&quot;vc_get_vc_grid_data&quot;,&quot;shortcode_id&quot;:&quot;1700255222926-5c8687a5-d163-5&quot;,&quot;tag&quot;:&quot;vc_media_grid&quot;}\" data-vc-request=\"https:\/\/chisinaucentru.md\/wp-admin\/admin-ajax.php\" data-vc-post-id=\"71051\" data-vc-public-nonce=\"71e3d605dc\">\n\t\t\n\t<\/div>\n<\/div><\/div><\/div><\/div><\/div>","protected":false},"excerpt":{"rendered":"<p>\u00cen contextul marc\u0103rii la 17 noiembrie a Zilei Interna\u021bionale a Studentului, institu\u021biile de \u00eenv\u0103\u021b\u0103m\u00e2nt din sectorul Centru serbeaz\u0103 \u00een aceast\u0103 perioad\u0103 tradi\u021bionalul Bal al Bobocilor. Pretorul sectorului Centru, Vadim H\u00eencu a participat cu aceast\u0103 ocazie la un eveniment organizat de Centrul de Excelen\u021b\u0103 \u00een Energetic\u0103 \u0219i Electronic\u0103, filiala energetic\u0103. Institu\u021bia a desf\u0103\u0219urat ast\u0103zi Balul Bobocilor-&hellip;<\/p>","protected":false},"author":1,"featured_media":71053,"comment_status":"open","ping_status":"open","sticky":false,"template":"","format":"standard","meta":[],"categories":[244],"tags":[],"acf":[],"_links":{"self":[{"href":"https:\/\/chisinaucentru.md\/en\/wp-json\/wp\/v2\/posts\/71051"}],"collection":[{"href":"https:\/\/chisinaucentru.md\/en\/wp-json\/wp\/v2\/posts"}],"about":[{"href":"https:\/\/chisinaucentru.md\/en\/wp-json\/wp\/v2\/types\/post"}],"author":[{"embeddable":true,"href":"https:\/\/chisinaucentru.md\/en\/wp-json\/wp\/v2\/users\/1"}],"replies":[{"embeddable":true,"href":"https:\/\/chisinaucentru.md\/en\/wp-json\/wp\/v2\/comments?post=71051"}],"version-history":[{"count":3,"href":"https:\/\/chisinaucentru.md\/en\/wp-json\/wp\/v2\/posts\/71051\/revisions"}],"predecessor-version":[{"id":71090,"href":"https:\/\/chisinaucentru.md\/en\/wp-json\/wp\/v2\/posts\/71051\/revisions\/71090"}],"wp:featuredmedia":[{"embeddable":true,"href":"https:\/\/chisinaucentru.md\/en\/wp-json\/wp\/v2\/media\/71053"}],"wp:attachment":[{"href":"https:\/\/chisinaucentru.md\/en\/wp-json\/wp\/v2\/media?parent=71051"}],"wp:term":[{"taxonomy":"category","embeddable":true,"href":"https:\/\/chisinaucentru.md\/en\/wp-json\/wp\/v2\/categories?post=71051"},{"taxonomy":"post_tag","embeddable":true,"href":"https:\/\/chisinaucentru.md\/en\/wp-json\/wp\/v2\/tags?post=71051"}],"curies":[{"name":"wp","href":"https:\/\/api.w.org\/{rel}","templated":true}]}}