{"id":70978,"date":"2023-11-14T09:59:12","date_gmt":"2023-11-14T07:59:12","guid":{"rendered":"https:\/\/chisinaucentru.md\/?p=70978"},"modified":"2023-11-15T10:03:46","modified_gmt":"2023-11-15T08:03:46","slug":"trecerea-de-pietoni-din-str-miorita-cartierul-telecentru-a-fost-reamenajata","status":"publish","type":"post","link":"https:\/\/chisinaucentru.md\/en\/trecerea-de-pietoni-din-str-miorita-cartierul-telecentru-a-fost-reamenajata\/","title":{"rendered":"Trecerea de pietoni din str. Miori\u021ba, cartierul Telecentru, a fost reamenajat\u0103"},"content":{"rendered":"<div class=\"vc_row wpb_row vc_row-fluid dt-default\" style=\"margin-top: 0px;margin-bottom: 0px\"><div class=\"wpb_column vc_column_container vc_col-sm-12\"><div class=\"vc_column-inner\"><div class=\"wpb_wrapper\">\n\t<div class=\"wpb_text_column wpb_content_element\" >\n\t\t<div class=\"wpb_wrapper\">\n\t\t\t<p align=\"justify\"><span style=\"color: #050505;\"><span style=\"font-family: Times New Roman, serif;\"><span style=\"font-size: large;\"><span lang=\"ro-RO\">Pentru a sporiri siguran\u021ba pietonilor, dar \u015fi a conduc\u0103torilor auto Prim\u0103ria municipiului Chi\u0219in\u0103u a reamenajat trecerea de pietoni din perimetrul str\u0103zii Miori\u021ba nr. 2-12.<\/span><\/span><\/span><\/span><\/p>\n<p align=\"justify\"><span style=\"color: #050505;\"><span style=\"font-family: Times New Roman, serif;\"><span style=\"font-size: large;\"><span lang=\"ro-RO\">Lucr\u0103rile au presupus aplicarea marcajului rutier cu contrast ro\u0219u-alb \u015fi amenajarea unui spa\u0163iu de refugiu pentru pietoni, delimitat de bolarzi \u0219i indicatoare suplimentare. <\/span><\/span><\/span><\/span><\/p>\n<p align=\"justify\"><span style=\"color: #050505;\"><span style=\"font-family: Times New Roman, serif;\"><span style=\"font-size: large;\"><span lang=\"ro-RO\">Toate aceste modific\u0103ri sunt complementare semaforului galben intermitent.<\/span><\/span><\/span><\/span><\/p>\n<p align=\"justify\"><span style=\"color: #050505;\"><span style=\"font-family: Times New Roman, serif;\"><span style=\"font-size: large;\"><span lang=\"ro-RO\">Ac\u021biunea a fost realizat\u0103 de Direc\u021bia general\u0103 mobilitate urban\u0103 a Prim\u0103riei Chi\u015fin\u0103u, \u00een colaborare \u0219i cu suportul material al AO Automobil Club din Moldova, care este implicat\u0103 activ \u00een diverse proiecte dedicate siguran\u021bei \u00een trafic.<\/span><\/span><\/span><\/span><\/p>\n<p align=\"justify\"><span style=\"color: #050505;\"><span style=\"font-family: Times New Roman, serif;\"><span style=\"font-size: large;\"><span lang=\"ro-RO\">\u00cen viitorul apropiat, \u00een cadrul aceluia\u0219i proiect, Prim\u0103ria Chi\u015fin\u0103u \u00ee\u015fi propune s\u0103 aplice solu\u0163ii similare la intersec\u021bia \u0219os. H\u00eence\u0219ti cu str. Academiei.<\/span><\/span><\/span><\/span><\/p>\n<p>\u00a0<\/p>\n\n\t\t<\/div>\n\t<\/div>\n\n<div class=\"vc_grid-container-wrapper vc_clearfix vc_grid-animation-fadeIn\">\n\t<div class=\"vc_grid-container vc_clearfix wpb_content_element vc_media_grid\" data-initial-loading-animation=\"fadeIn\" data-vc-grid-settings=\"{&quot;page_id&quot;:70978,&quot;style&quot;:&quot;all&quot;,&quot;action&quot;:&quot;vc_get_vc_grid_data&quot;,&quot;shortcode_id&quot;:&quot;1700035375274-5ea7d5c6-3c03-9&quot;,&quot;tag&quot;:&quot;vc_media_grid&quot;}\" data-vc-request=\"https:\/\/chisinaucentru.md\/wp-admin\/admin-ajax.php\" data-vc-post-id=\"70978\" data-vc-public-nonce=\"fb1b8afed9\">\n\t\t\n\t<\/div>\n<\/div><\/div><\/div><\/div><\/div>","protected":false},"excerpt":{"rendered":"<p>Pentru a sporiri siguran\u021ba pietonilor, dar \u015fi a conduc\u0103torilor auto Prim\u0103ria municipiului Chi\u0219in\u0103u a reamenajat trecerea de pietoni din perimetrul str\u0103zii Miori\u021ba nr. 2-12. Lucr\u0103rile au presupus aplicarea marcajului rutier cu contrast ro\u0219u-alb \u015fi amenajarea unui spa\u0163iu de refugiu pentru pietoni, delimitat de bolarzi \u0219i indicatoare suplimentare. Toate aceste modific\u0103ri sunt complementare semaforului galben intermitent.&hellip;<\/p>","protected":false},"author":1,"featured_media":71020,"comment_status":"open","ping_status":"open","sticky":false,"template":"","format":"standard","meta":[],"categories":[244],"tags":[],"acf":[],"_links":{"self":[{"href":"https:\/\/chisinaucentru.md\/en\/wp-json\/wp\/v2\/posts\/70978"}],"collection":[{"href":"https:\/\/chisinaucentru.md\/en\/wp-json\/wp\/v2\/posts"}],"about":[{"href":"https:\/\/chisinaucentru.md\/en\/wp-json\/wp\/v2\/types\/post"}],"author":[{"embeddable":true,"href":"https:\/\/chisinaucentru.md\/en\/wp-json\/wp\/v2\/users\/1"}],"replies":[{"embeddable":true,"href":"https:\/\/chisinaucentru.md\/en\/wp-json\/wp\/v2\/comments?post=70978"}],"version-history":[{"count":3,"href":"https:\/\/chisinaucentru.md\/en\/wp-json\/wp\/v2\/posts\/70978\/revisions"}],"predecessor-version":[{"id":71024,"href":"https:\/\/chisinaucentru.md\/en\/wp-json\/wp\/v2\/posts\/70978\/revisions\/71024"}],"wp:featuredmedia":[{"embeddable":true,"href":"https:\/\/chisinaucentru.md\/en\/wp-json\/wp\/v2\/media\/71020"}],"wp:attachment":[{"href":"https:\/\/chisinaucentru.md\/en\/wp-json\/wp\/v2\/media?parent=70978"}],"wp:term":[{"taxonomy":"category","embeddable":true,"href":"https:\/\/chisinaucentru.md\/en\/wp-json\/wp\/v2\/categories?post=70978"},{"taxonomy":"post_tag","embeddable":true,"href":"https:\/\/chisinaucentru.md\/en\/wp-json\/wp\/v2\/tags?post=70978"}],"curies":[{"name":"wp","href":"https:\/\/api.w.org\/{rel}","templated":true}]}}