{"id":70482,"date":"2023-09-23T10:30:53","date_gmt":"2023-09-23T07:30:53","guid":{"rendered":"https:\/\/chisinaucentru.md\/?p=70482"},"modified":"2023-09-23T10:44:14","modified_gmt":"2023-09-23T07:44:14","slug":"start-campaniei-de-salubrizare-de-toamna-in-municipiul-chisinau","status":"publish","type":"post","link":"https:\/\/chisinaucentru.md\/en\/start-campaniei-de-salubrizare-de-toamna-in-municipiul-chisinau\/","title":{"rendered":"Start campaniei de salubrizare de toamn\u0103 \u00een municipiul Chi\u0219in\u0103u"},"content":{"rendered":"<div class=\"vc_row wpb_row vc_row-fluid dt-default\" style=\"margin-top: 0px;margin-bottom: 0px\"><div class=\"wpb_column vc_column_container vc_col-sm-12\"><div class=\"vc_column-inner\"><div class=\"wpb_wrapper\">\n\t<div class=\"wpb_text_column wpb_content_element\" >\n\t\t<div class=\"wpb_wrapper\">\n\t\t\t<p align=\"justify\"><span style=\"font-family: Times New Roman, serif;\"><span style=\"font-size: large;\"><span lang=\"ro-RO\">\u00cen baza dispozi\u021biei Primarului General, Ion Ceban, nr. 462-d din 18.09.2023 cu privire la organizarea campaniei de salubrizare de toamn\u0103 \u00een municipiul Chi\u0219in\u0103u, \u00een perioada 18 septembrie-30 noiembrie 2023 se desf\u0103\u0219oar\u0103 un amplu program de cur\u0103\u021benie general\u0103.<\/span><\/span><\/span><\/p>\n<p align=\"justify\"><span style=\"font-family: Times New Roman, serif;\"><span style=\"font-size: large;\"><span lang=\"ro-RO\">\u00cen aceast\u0103 perioad\u0103 \u00een sectorul Centru se vor intensifica activit\u0103\u021bile de salubrizare, cur\u0103\u021benie, amenajare \u0219i \u00eentre\u021binere a spa\u021biilor publice, prin antrenarea sporit\u0103 a \u00centreprinderilor Municipale de Gestionare a Fondului Locativ, a asocia\u021biilor de locatari c\u00e2t \u0219i tuturor serviciilor de resort la igienizarea parcurilor, scuarurilor, cur\u021bilor de bloc, spa\u021biilor de uz comun, acceselor pietonale, teritoriilor publice din sector. <\/span><\/span><\/span><\/p>\n<p align=\"justify\"><span style=\"font-family: Times New Roman, serif;\"><span style=\"font-size: large;\"><span lang=\"ro-RO\">Totodat\u0103, \u00eendemn\u0103m agen\u021bii economici, proprietarii de terenuri, conduc\u0103torii institu\u021biilor publice la mobilizare, responsabilitate \u0219i implicare \u00een procesul de salubrizare a spa\u021biilor <\/span><\/span><\/span><span style=\"color: #000000;\"><span style=\"font-family: Times New Roman, serif;\"><span style=\"font-size: large;\"><span lang=\"ro-RO\">adiacente imobilelor pe care le de\u0163in sau \u00ee\u015fi desf\u0103\u015foar\u0103 activitatea.<\/span><\/span><\/span><\/span><\/p>\n<p align=\"justify\"><span style=\"font-family: Times New Roman, serif;\"><span style=\"font-size: large;\"><span lang=\"ro-RO\">\u00cen scopul derul\u0103rii eficiente a campaniei de salubrizare de toamn\u0103 \u00een municipiul Chi\u0219in\u0103u, Pretura sectorului Centru \u00een baza unui plan de ac\u021biuni elaborat, va asigura:<\/span><\/span><\/span><\/p>\n<p align=\"justify\"><span style=\"font-family: Times New Roman, serif;\"><span style=\"font-size: large;\"><span lang=\"ro-RO\">&#8211; organizarea zilelor de salubrizare cu implicarea voluntarilor<\/span><\/span><\/span><\/p>\n<p align=\"justify\"><span style=\"font-family: Times New Roman, serif;\"><span style=\"font-size: large;\"><span lang=\"ro-RO\">&#8211; asigurarea echipamentelor (saci, m\u0103nu\u0219i, tehnic\u0103, transport de evacuare a de\u0219eurilor) persoanelor implicate \u00een procesul de salubrizare<\/span><\/span><\/span><\/p>\n<p align=\"justify\"><span style=\"font-family: Times New Roman, serif;\"><span style=\"font-size: large;\"><span lang=\"ro-RO\">&#8211; salubrizarea, evacuarea de\u0219eurilor<\/span><\/span><\/span><\/p>\n<p align=\"justify\"><span style=\"font-family: Times New Roman, serif;\"><span style=\"font-size: large;\"><span lang=\"ro-RO\">&#8211; identificarea \u0219i lichidarea gunoi\u0219tilor improvizate neautorizate<\/span><\/span><\/span><\/p>\n<p align=\"justify\"><span style=\"font-family: Times New Roman, serif;\"><span style=\"font-size: large;\"><span lang=\"ro-RO\">&#8211; colectarea si ridicarea de mas\u0103 vegetal\u0103 uscat\u0103<\/span><\/span><\/span><\/p>\n<p align=\"justify\"><span style=\"font-family: Times New Roman, serif;\"><span style=\"font-size: large;\"><span lang=\"ro-RO\">&#8211; igienizare str\u0103zilor, trotuarelor din sector<\/span><\/span><\/span><\/p>\n<p align=\"justify\"><span style=\"font-family: Times New Roman, serif;\"><span style=\"font-size: large;\"><span lang=\"ro-RO\">&#8211; aplicarea amenzilor conform articolului 181 din Cod Contraven\u021bional al RM \u00een caz de nerespectare a normelor sanitare<\/span><\/span><\/span><\/p>\n<p align=\"justify\"><span style=\"font-family: Times New Roman, serif;\"><span style=\"font-size: large;\"><span lang=\"ro-RO\">&#8211; informarea public\u0103 a ac\u021biunilor de salubrizare<\/span><\/span><\/span><\/p>\n<p align=\"justify\"><span style=\"font-family: Times New Roman, serif;\"><span style=\"font-size: medium;\"><span style=\"color: #000000;\"><span style=\"font-size: large;\"><span lang=\"en-US\">V\u0103 invit\u0103m s\u0103 v\u0103 al\u0103tura\u021bi ini\u021biativei de a participa la marea igienizare a sectorului Centru!<\/span><\/span><\/span><\/span><\/span><\/p>\n\n\t\t<\/div>\n\t<\/div>\n\n<div class=\"vc_grid-container-wrapper vc_clearfix vc_grid-animation-fadeIn\">\n\t<div class=\"vc_grid-container vc_clearfix wpb_content_element vc_media_grid\" data-initial-loading-animation=\"fadeIn\" data-vc-grid-settings=\"{&quot;page_id&quot;:70482,&quot;style&quot;:&quot;all&quot;,&quot;action&quot;:&quot;vc_get_vc_grid_data&quot;,&quot;shortcode_id&quot;:&quot;1695454920357-0df9903b-fdc0-8&quot;,&quot;tag&quot;:&quot;vc_media_grid&quot;}\" data-vc-request=\"https:\/\/chisinaucentru.md\/wp-admin\/admin-ajax.php\" data-vc-post-id=\"70482\" data-vc-public-nonce=\"284a9b8a8b\">\n\t\t\n\t<\/div>\n<\/div>\n<div class=\"vc_grid-container-wrapper vc_clearfix vc_grid-animation-fadeIn\">\n\t<div class=\"vc_grid-container vc_clearfix wpb_content_element vc_media_grid\" data-initial-loading-animation=\"fadeIn\" data-vc-grid-settings=\"{&quot;page_id&quot;:70482,&quot;style&quot;:&quot;all&quot;,&quot;action&quot;:&quot;vc_get_vc_grid_data&quot;,&quot;shortcode_id&quot;:&quot;1695454931504-0aef62db-c5c6-10&quot;,&quot;tag&quot;:&quot;vc_media_grid&quot;}\" data-vc-request=\"https:\/\/chisinaucentru.md\/wp-admin\/admin-ajax.php\" data-vc-post-id=\"70482\" data-vc-public-nonce=\"284a9b8a8b\">\n\t\t\n\t<\/div>\n<\/div><\/div><\/div><\/div><\/div>","protected":false},"excerpt":{"rendered":"<p>\u00cen baza dispozi\u021biei Primarului General, Ion Ceban, nr. 462-d din 18.09.2023 cu privire la organizarea campaniei de salubrizare de toamn\u0103 \u00een municipiul Chi\u0219in\u0103u, \u00een perioada 18 septembrie-30 noiembrie 2023 se desf\u0103\u0219oar\u0103 un amplu program de cur\u0103\u021benie general\u0103. \u00cen aceast\u0103 perioad\u0103 \u00een sectorul Centru se vor intensifica activit\u0103\u021bile de salubrizare, cur\u0103\u021benie, amenajare \u0219i \u00eentre\u021binere a spa\u021biilor&hellip;<\/p>","protected":false},"author":1,"featured_media":70484,"comment_status":"open","ping_status":"open","sticky":false,"template":"","format":"standard","meta":[],"categories":[244],"tags":[],"acf":[],"_links":{"self":[{"href":"https:\/\/chisinaucentru.md\/en\/wp-json\/wp\/v2\/posts\/70482"}],"collection":[{"href":"https:\/\/chisinaucentru.md\/en\/wp-json\/wp\/v2\/posts"}],"about":[{"href":"https:\/\/chisinaucentru.md\/en\/wp-json\/wp\/v2\/types\/post"}],"author":[{"embeddable":true,"href":"https:\/\/chisinaucentru.md\/en\/wp-json\/wp\/v2\/users\/1"}],"replies":[{"embeddable":true,"href":"https:\/\/chisinaucentru.md\/en\/wp-json\/wp\/v2\/comments?post=70482"}],"version-history":[{"count":2,"href":"https:\/\/chisinaucentru.md\/en\/wp-json\/wp\/v2\/posts\/70482\/revisions"}],"predecessor-version":[{"id":70485,"href":"https:\/\/chisinaucentru.md\/en\/wp-json\/wp\/v2\/posts\/70482\/revisions\/70485"}],"wp:featuredmedia":[{"embeddable":true,"href":"https:\/\/chisinaucentru.md\/en\/wp-json\/wp\/v2\/media\/70484"}],"wp:attachment":[{"href":"https:\/\/chisinaucentru.md\/en\/wp-json\/wp\/v2\/media?parent=70482"}],"wp:term":[{"taxonomy":"category","embeddable":true,"href":"https:\/\/chisinaucentru.md\/en\/wp-json\/wp\/v2\/categories?post=70482"},{"taxonomy":"post_tag","embeddable":true,"href":"https:\/\/chisinaucentru.md\/en\/wp-json\/wp\/v2\/tags?post=70482"}],"curies":[{"name":"wp","href":"https:\/\/api.w.org\/{rel}","templated":true}]}}