{"id":70364,"date":"2023-08-29T11:56:02","date_gmt":"2023-08-29T08:56:02","guid":{"rendered":"https:\/\/chisinaucentru.md\/?p=70364"},"modified":"2023-09-01T11:57:49","modified_gmt":"2023-09-01T08:57:49","slug":"sedinta-comisiei-pentru-situatii-exceptionale","status":"publish","type":"post","link":"https:\/\/chisinaucentru.md\/en\/sedinta-comisiei-pentru-situatii-exceptionale\/","title":{"rendered":"\u0218edin\u021ba Comisiei pentru situa\u021bii excep\u021bionale"},"content":{"rendered":"<div class=\"vc_row wpb_row vc_row-fluid dt-default\" style=\"margin-top: 0px;margin-bottom: 0px\"><div class=\"wpb_column vc_column_container vc_col-sm-12\"><div class=\"vc_column-inner\"><div class=\"wpb_wrapper\">\n\t<div class=\"wpb_text_column wpb_content_element\" >\n\t\t<div class=\"wpb_wrapper\">\n\t\t\t<p align=\"justify\"><span style=\"color: #050505;\"><span style=\"font-family: Times New Roman, serif;\"><span style=\"font-size: large;\"><span lang=\"en-US\">Ast\u0103zi, 29 august 2023, \u00een incinta Preturi sectorului Centru s-a desf\u0103\u0219urat \u0219edin\u021ba Comisiei pentru situa\u021bii excep\u021bionale la care au participat:<\/span><\/span><\/span><\/span><\/p>\n<p align=\"justify\"><span style=\"color: #050505;\"><span style=\"font-family: Times New Roman, serif;\"><span style=\"font-size: large;\"><span lang=\"en-US\">-Conducerea Preturii sectorului Centru;<\/span><\/span><\/span><\/span><\/p>\n<p align=\"justify\"><span style=\"color: #050505;\"><span style=\"font-family: Times New Roman, serif;\"><span style=\"font-size: large;\"><span lang=\"en-US\">-\u0218eful Sec\u021biei Preven\u021bie Civil\u0103 din cadrul DSP- Centru;<\/span><\/span><\/span><\/span><\/p>\n<p align=\"justify\"><span style=\"color: #050505;\"><span style=\"font-family: Times New Roman, serif;\"><span style=\"font-size: large;\"><span lang=\"en-US\">-\u0218efii de sec\u021bii\/servicii din cadrul preturii;<\/span><\/span><\/span><\/span><\/p>\n<p align=\"justify\"><span style=\"color: #050505;\"><span style=\"font-family: Times New Roman, serif;\"><span style=\"font-size: large;\"><span lang=\"en-US\">-Reprezentan\u021bii direc\u021biilor\/ serviciilor din sector. <\/span><\/span><\/span><\/span><\/p>\n<p align=\"justify\"><span style=\"color: #050505;\"><span style=\"font-family: Times New Roman, serif;\"><span style=\"font-size: large;\"><span lang=\"en-US\">\u00cen cadrul \u0219edin\u021bei s-au pus \u00een discu\u021bie mai multe subiecte printre care: <\/span><\/span><\/span><\/span><\/p>\n<p align=\"justify\"><span style=\"color: #050505;\"><span style=\"font-family: Times New Roman, serif;\"><span style=\"font-size: large;\"><span lang=\"en-US\">-Sistematizarea documentelor necesare pentru activitatea punctului de dirijare a Protec\u021biei Civile din sectorul Centru;<\/span><\/span><\/span><\/span><\/p>\n<p align=\"justify\"><span style=\"color: #050505;\"><span style=\"font-family: Times New Roman, serif;\"><span style=\"font-size: large;\"><span lang=\"en-US\">-Desf\u0103\u0219urarea aplica\u021biilor practice la Protec\u021bia Civil\u0103.<\/span><\/span><\/span><\/span><\/p>\n<p align=\"justify\"><span style=\"color: #050505;\"><span style=\"font-family: Times New Roman, serif;\"><span style=\"font-size: large;\"><span lang=\"en-US\">Comisia Situa\u021bii Excep\u021bionale este creat\u0103 pentru realizarea m\u0103surilor, menit\u0103 s\u0103 reduc\u0103 riscul apari\u021biei situa\u021biilor excep\u021bionale, iar \u00een cazul declan\u0219\u0103rii acestora, pentru organizarea lichid\u0103rii consecin\u021belor lor \u0219i asigurarea protec\u021biei popula\u021biei.<\/span><\/span><\/span><\/span><\/p>\n\n\t\t<\/div>\n\t<\/div>\n\n<div class=\"vc_grid-container-wrapper vc_clearfix vc_grid-animation-fadeIn\">\n\t<div class=\"vc_grid-container vc_clearfix wpb_content_element vc_media_grid\" data-initial-loading-animation=\"fadeIn\" data-vc-grid-settings=\"{&quot;page_id&quot;:70364,&quot;style&quot;:&quot;all&quot;,&quot;action&quot;:&quot;vc_get_vc_grid_data&quot;,&quot;shortcode_id&quot;:&quot;1693558624664-6bb4e62f-d80a-7&quot;,&quot;tag&quot;:&quot;vc_media_grid&quot;}\" data-vc-request=\"https:\/\/chisinaucentru.md\/wp-admin\/admin-ajax.php\" data-vc-post-id=\"70364\" data-vc-public-nonce=\"284a9b8a8b\">\n\t\t\n\t<\/div>\n<\/div><\/div><\/div><\/div><\/div>","protected":false},"excerpt":{"rendered":"<p>Ast\u0103zi, 29 august 2023, \u00een incinta Preturi sectorului Centru s-a desf\u0103\u0219urat \u0219edin\u021ba Comisiei pentru situa\u021bii excep\u021bionale la care au participat: -Conducerea Preturii sectorului Centru; -\u0218eful Sec\u021biei Preven\u021bie Civil\u0103 din cadrul DSP- Centru; -\u0218efii de sec\u021bii\/servicii din cadrul preturii; -Reprezentan\u021bii direc\u021biilor\/ serviciilor din sector. \u00cen cadrul \u0219edin\u021bei s-au pus \u00een discu\u021bie mai multe subiecte printre care:&hellip;<\/p>","protected":false},"author":1,"featured_media":70367,"comment_status":"open","ping_status":"open","sticky":false,"template":"","format":"standard","meta":[],"categories":[244],"tags":[],"acf":[],"_links":{"self":[{"href":"https:\/\/chisinaucentru.md\/en\/wp-json\/wp\/v2\/posts\/70364"}],"collection":[{"href":"https:\/\/chisinaucentru.md\/en\/wp-json\/wp\/v2\/posts"}],"about":[{"href":"https:\/\/chisinaucentru.md\/en\/wp-json\/wp\/v2\/types\/post"}],"author":[{"embeddable":true,"href":"https:\/\/chisinaucentru.md\/en\/wp-json\/wp\/v2\/users\/1"}],"replies":[{"embeddable":true,"href":"https:\/\/chisinaucentru.md\/en\/wp-json\/wp\/v2\/comments?post=70364"}],"version-history":[{"count":3,"href":"https:\/\/chisinaucentru.md\/en\/wp-json\/wp\/v2\/posts\/70364\/revisions"}],"predecessor-version":[{"id":70372,"href":"https:\/\/chisinaucentru.md\/en\/wp-json\/wp\/v2\/posts\/70364\/revisions\/70372"}],"wp:featuredmedia":[{"embeddable":true,"href":"https:\/\/chisinaucentru.md\/en\/wp-json\/wp\/v2\/media\/70367"}],"wp:attachment":[{"href":"https:\/\/chisinaucentru.md\/en\/wp-json\/wp\/v2\/media?parent=70364"}],"wp:term":[{"taxonomy":"category","embeddable":true,"href":"https:\/\/chisinaucentru.md\/en\/wp-json\/wp\/v2\/categories?post=70364"},{"taxonomy":"post_tag","embeddable":true,"href":"https:\/\/chisinaucentru.md\/en\/wp-json\/wp\/v2\/tags?post=70364"}],"curies":[{"name":"wp","href":"https:\/\/api.w.org\/{rel}","templated":true}]}}