{"id":70356,"date":"2023-08-29T11:50:38","date_gmt":"2023-08-29T08:50:38","guid":{"rendered":"https:\/\/chisinaucentru.md\/?p=70356"},"modified":"2023-09-01T11:57:16","modified_gmt":"2023-09-01T08:57:16","slug":"cinste-si-onoare-aparatorilor-patriei","status":"publish","type":"post","link":"https:\/\/chisinaucentru.md\/en\/cinste-si-onoare-aparatorilor-patriei\/","title":{"rendered":"Cinste \u0219i onoare ap\u0103r\u0103torilor patriei"},"content":{"rendered":"<div class=\"vc_row wpb_row vc_row-fluid dt-default\" style=\"margin-top: 0px;margin-bottom: 0px\"><div class=\"wpb_column vc_column_container vc_col-sm-12\"><div class=\"vc_column-inner\"><div class=\"wpb_wrapper\">\n\t<div class=\"wpb_text_column wpb_content_element\" >\n\t\t<div class=\"wpb_wrapper\">\n\t\t\t<p align=\"justify\"><span style=\"color: #050505;\"><span style=\"font-family: Times New Roman, serif;\"><span style=\"font-size: large;\"><span lang=\"ro-RO\">Cu prilejul marc\u0103rii a 32 de ani de la proclamarea independen\u021bei Republicii Moldova, Pretorul sectorului Centru, Vadim H\u00eencu le-a mul\u021bumit veteranilor din Consiliul Veteranilor \u0219i Pensionarilor al Inspectoratului de Poli\u021bie Centru pentru devotamentul, vitejia \u0219i curajul de care au dat dovad\u0103 \u00een nobila lor activitate. <\/span><\/span><\/span><\/span><\/p>\n<p align=\"justify\"><span style=\"color: #050505;\"><span style=\"font-family: Times New Roman, serif;\"><span style=\"font-size: large;\"><span lang=\"ro-RO\">\u00cen semn de recuno\u0219tin\u021b\u0103 \u0219i \u00eenalt\u0103 apreciere, conducerea preturii le-a oferit diplome de onoare.<\/span><\/span><\/span><\/span><\/p>\n\n\t\t<\/div>\n\t<\/div>\n\n<div class=\"vc_grid-container-wrapper vc_clearfix vc_grid-animation-fadeIn\">\n\t<div class=\"vc_grid-container vc_clearfix wpb_content_element vc_media_grid\" data-initial-loading-animation=\"fadeIn\" data-vc-grid-settings=\"{&quot;page_id&quot;:70356,&quot;style&quot;:&quot;all&quot;,&quot;action&quot;:&quot;vc_get_vc_grid_data&quot;,&quot;shortcode_id&quot;:&quot;1693558388734-b12e1d21-1241-8&quot;,&quot;tag&quot;:&quot;vc_media_grid&quot;}\" data-vc-request=\"https:\/\/chisinaucentru.md\/wp-admin\/admin-ajax.php\" data-vc-post-id=\"70356\" data-vc-public-nonce=\"284a9b8a8b\">\n\t\t\n\t<\/div>\n<\/div><\/div><\/div><\/div><\/div>","protected":false},"excerpt":{"rendered":"<p>Cu prilejul marc\u0103rii a 32 de ani de la proclamarea independen\u021bei Republicii Moldova, Pretorul sectorului Centru, Vadim H\u00eencu le-a mul\u021bumit veteranilor din Consiliul Veteranilor \u0219i Pensionarilor al Inspectoratului de Poli\u021bie Centru pentru devotamentul, vitejia \u0219i curajul de care au dat dovad\u0103 \u00een nobila lor activitate. \u00cen semn de recuno\u0219tin\u021b\u0103 \u0219i \u00eenalt\u0103 apreciere, conducerea preturii le-a&hellip;<\/p>","protected":false},"author":1,"featured_media":70358,"comment_status":"open","ping_status":"open","sticky":false,"template":"","format":"standard","meta":[],"categories":[244],"tags":[],"acf":[],"_links":{"self":[{"href":"https:\/\/chisinaucentru.md\/en\/wp-json\/wp\/v2\/posts\/70356"}],"collection":[{"href":"https:\/\/chisinaucentru.md\/en\/wp-json\/wp\/v2\/posts"}],"about":[{"href":"https:\/\/chisinaucentru.md\/en\/wp-json\/wp\/v2\/types\/post"}],"author":[{"embeddable":true,"href":"https:\/\/chisinaucentru.md\/en\/wp-json\/wp\/v2\/users\/1"}],"replies":[{"embeddable":true,"href":"https:\/\/chisinaucentru.md\/en\/wp-json\/wp\/v2\/comments?post=70356"}],"version-history":[{"count":3,"href":"https:\/\/chisinaucentru.md\/en\/wp-json\/wp\/v2\/posts\/70356\/revisions"}],"predecessor-version":[{"id":70366,"href":"https:\/\/chisinaucentru.md\/en\/wp-json\/wp\/v2\/posts\/70356\/revisions\/70366"}],"wp:featuredmedia":[{"embeddable":true,"href":"https:\/\/chisinaucentru.md\/en\/wp-json\/wp\/v2\/media\/70358"}],"wp:attachment":[{"href":"https:\/\/chisinaucentru.md\/en\/wp-json\/wp\/v2\/media?parent=70356"}],"wp:term":[{"taxonomy":"category","embeddable":true,"href":"https:\/\/chisinaucentru.md\/en\/wp-json\/wp\/v2\/categories?post=70356"},{"taxonomy":"post_tag","embeddable":true,"href":"https:\/\/chisinaucentru.md\/en\/wp-json\/wp\/v2\/tags?post=70356"}],"curies":[{"name":"wp","href":"https:\/\/api.w.org\/{rel}","templated":true}]}}