{"id":69775,"date":"2023-08-02T16:36:15","date_gmt":"2023-08-02T13:36:15","guid":{"rendered":"https:\/\/chisinaucentru.md\/?p=69775"},"modified":"2023-08-02T16:37:23","modified_gmt":"2023-08-02T13:37:23","slug":"strategia-de-dezvoltare-si-inovare-a-sectorului-de-tineret-a-municipiului-chisinau-pentru-anii-2023-2028-a-fost-aprobata","status":"publish","type":"post","link":"https:\/\/chisinaucentru.md\/en\/strategia-de-dezvoltare-si-inovare-a-sectorului-de-tineret-a-municipiului-chisinau-pentru-anii-2023-2028-a-fost-aprobata\/","title":{"rendered":"Strategia de dezvoltare \u0219i inovare a sectorului de tineret a municipiului Chi\u0219in\u0103u pentru anii 2023-2028 a fost aprobat\u0103"},"content":{"rendered":"<div class=\"vc_row wpb_row vc_row-fluid dt-default\" style=\"margin-top: 0px;margin-bottom: 0px\"><div class=\"wpb_column vc_column_container vc_col-sm-12\"><div class=\"vc_column-inner\"><div class=\"wpb_wrapper\">\n\t<div class=\"wpb_text_column wpb_content_element\" >\n\t\t<div class=\"wpb_wrapper\">\n\t\t\t<p align=\"justify\"><span style=\"color: #050505;\"><span style=\"font-family: Times New Roman, serif;\"><span style=\"font-size: large;\"><span lang=\"en-US\">Conform Deciziei Consiliului Municipal Chi\u0219in\u0103u nr. 5\/10 din 07.06.2023, a fost aprobat primul document de politici de tineret la nivel local.<\/span><\/span><\/span><\/span><\/p>\n<p align=\"justify\"><span style=\"color: #050505;\"><span style=\"font-family: Times New Roman, serif;\"><span style=\"font-size: large;\"><span lang=\"en-US\">Scopul Strategiei este de a crea condi\u021bii favorabile de dezvoltare a tinerilor, oferirea oportunit\u0103\u021bilor de participare \u00een procesele decizionale, precum \u0219i accesul tinerilor la o gam\u0103 larg\u0103 \u0219i divers\u0103 de servicii pentru aceast\u0103 categorie de popula\u021bie.<\/span><\/span><\/span><\/span><\/p>\n<p align=\"justify\"><span style=\"color: #050505;\"><span style=\"font-family: Times New Roman, serif;\"><span style=\"font-size: large;\"><span lang=\"en-US\">Strategia are determinate 7 priorit\u0103\u021bi:<\/span><\/span><\/span><\/span><\/p>\n<p align=\"justify\"><span style=\"color: #050505;\"><span style=\"font-family: Times New Roman, serif;\"><span style=\"font-size: large;\"><span lang=\"ro-MD\">&#8211; <\/span><\/span><\/span><\/span><span style=\"color: #050505;\"><span style=\"font-family: Times New Roman, serif;\"><span style=\"font-size: large;\"><span lang=\"en-US\">cre\u0219terea nivelului de implicare \u0219i participare a tinerilor;<\/span><\/span><\/span><\/span><\/p>\n<p align=\"justify\"><span style=\"color: #050505;\"><span style=\"font-family: Times New Roman, serif;\"><span style=\"font-size: large;\"><span lang=\"ro-MD\">&#8211; <\/span><\/span><\/span><\/span><span style=\"color: #050505;\"><span style=\"font-family: Times New Roman, serif;\"><span style=\"font-size: large;\"><span lang=\"en-US\">facilitarea accesului tinerilor la programe de dezvoltare personal\u0103 prin intermediul competen\u021belor secolului XXI;<\/span><\/span><\/span><\/span><\/p>\n<p align=\"justify\"><span style=\"color: #050505;\"><span style=\"font-family: Times New Roman, serif;\"><span style=\"font-size: large;\"><span lang=\"ro-MD\">&#8211; <\/span><\/span><\/span><\/span><span style=\"color: #050505;\"><span style=\"font-family: Times New Roman, serif;\"><span style=\"font-size: large;\"><span lang=\"en-US\">asigurarea incluziunii prin intermediul educa\u021biei pentru toleran\u021b\u0103, democra\u021bie \u0219i educa\u021bie de gen;<\/span><\/span><\/span><\/span><\/p>\n<p align=\"justify\"><span style=\"color: #050505;\"><span style=\"font-family: Times New Roman, serif;\"><span style=\"font-size: large;\"><span lang=\"ro-MD\">&#8211; <\/span><\/span><\/span><\/span><span style=\"color: #050505;\"><span style=\"font-family: Times New Roman, serif;\"><span style=\"font-size: large;\"><span lang=\"en-US\">sus\u021binerea organiza\u021biilor de tineret \u0219i a sectorului asociativ;<\/span><\/span><\/span><\/span><\/p>\n<p align=\"justify\"><span style=\"color: #050505;\"><span style=\"font-family: Times New Roman, serif;\"><span style=\"font-size: large;\"><span lang=\"ro-MD\">&#8211; <\/span><\/span><\/span><\/span><span style=\"color: #050505;\"><span style=\"font-family: Times New Roman, serif;\"><span style=\"font-size: large;\"><span lang=\"en-US\">dezvoltarea competen\u021belor antreprenoriale \u0219i abilitarea economic\u0103 a tinerilor;<\/span><\/span><\/span><\/span><\/p>\n<p align=\"justify\"><span style=\"color: #050505;\"><span style=\"font-family: Times New Roman, serif;\"><span style=\"font-size: large;\"><span lang=\"ro-MD\">&#8211; <\/span><\/span><\/span><\/span><span style=\"color: #050505;\"><span style=\"font-family: Times New Roman, serif;\"><span style=\"font-size: large;\"><span lang=\"en-US\">crearea condi\u021biilor pentru dezvoltarea unui mod s\u0103n\u0103tos de via\u021b\u0103 \u0219i promovarea st\u0103rii de bine \u00een r\u00e2ndurile tinerilor;<\/span><\/span><\/span><\/span><\/p>\n<p align=\"justify\"><span style=\"color: #050505;\"><span style=\"font-family: Times New Roman, serif;\"><span style=\"font-size: large;\"><span lang=\"ro-MD\">&#8211; <\/span><\/span><\/span><\/span><span style=\"color: #050505;\"><span style=\"font-family: Times New Roman, serif;\"><span style=\"font-size: large;\"><span lang=\"en-US\">educarea tinerilor \u00een calitate de promotori ai p\u0103cii, securit\u0103\u021bii, implic\u0103rii civice, prin voluntariat.<\/span><\/span><\/span><\/span><\/p>\n<p lang=\"en-US\">\n<p align=\"justify\"><span style=\"color: #000000;\"><span style=\"font-family: Times New Roman, serif;\"><span style=\"font-size: large;\"><span lang=\"en-US\">Conform deciziei aprobate, Direc\u021bia general\u0103 educa\u021bie, tineret \u0219i sport va elabora p\u00e2n\u0103 la finele anului curent, un plan de ac\u021biuni \u00een vederea implement\u0103rii Strategiei de tineret pentru anii 2023-2028.<\/span><\/span><\/span><\/span><\/p>\n<p lang=\"en-US\" align=\"justify\">\n<p align=\"justify\"><span style=\"color: #000000;\"><span style=\"font-family: Times New Roman, serif;\"><span style=\"font-size: large;\"><span lang=\"en-US\">Accesa\u021bi strategia: <\/span><\/span><\/span><\/span><span style=\"color: #0563c1;\"><u><a href=\"https:\/\/actelocale.gov.md\/ral\/act\/cu-privire-la-aprobarea-strategiei-de-dezvoltare-%C8%99i-inovare-a-sectorului-de-tineret-a-municipiului-chi%C8%99in%C4%83u-pentru-anii-2023-2028-1293056.html\"><span style=\"font-family: Times New Roman, serif;\"><span style=\"font-size: large;\"><span lang=\"ro-RO\">https:\/\/actelocale.gov.md\/ral\/act\/cu-privire-la-aprobarea-strategiei-de-dezvoltare-%C8%99i-inovare-a-sectorului-de-tineret-a-municipiului-chi%C8%99in%C4%83u-pentru-anii-2023-2028-1293056.html<\/span><\/span><\/span><\/a><\/u><\/span><\/p>\n\n\t\t<\/div>\n\t<\/div>\n\n<div class=\"vc_grid-container-wrapper vc_clearfix vc_grid-animation-fadeIn\">\n\t<div class=\"vc_grid-container vc_clearfix wpb_content_element vc_media_grid\" data-initial-loading-animation=\"fadeIn\" data-vc-grid-settings=\"{&quot;page_id&quot;:69775,&quot;style&quot;:&quot;all&quot;,&quot;action&quot;:&quot;vc_get_vc_grid_data&quot;,&quot;shortcode_id&quot;:&quot;1690983400926-f3152689-117f-7&quot;,&quot;tag&quot;:&quot;vc_media_grid&quot;}\" data-vc-request=\"https:\/\/chisinaucentru.md\/wp-admin\/admin-ajax.php\" data-vc-post-id=\"69775\" data-vc-public-nonce=\"fb1b8afed9\">\n\t\t\n\t<\/div>\n<\/div><\/div><\/div><\/div><\/div>","protected":false},"excerpt":{"rendered":"<p>Conform Deciziei Consiliului Municipal Chi\u0219in\u0103u nr. 5\/10 din 07.06.2023, a fost aprobat primul document de politici de tineret la nivel local. Scopul Strategiei este de a crea condi\u021bii favorabile de dezvoltare a tinerilor, oferirea oportunit\u0103\u021bilor de participare \u00een procesele decizionale, precum \u0219i accesul tinerilor la o gam\u0103 larg\u0103 \u0219i divers\u0103 de servicii pentru aceast\u0103 categorie&hellip;<\/p>","protected":false},"author":1,"featured_media":69776,"comment_status":"open","ping_status":"open","sticky":false,"template":"","format":"standard","meta":[],"categories":[244],"tags":[],"acf":[],"_links":{"self":[{"href":"https:\/\/chisinaucentru.md\/en\/wp-json\/wp\/v2\/posts\/69775"}],"collection":[{"href":"https:\/\/chisinaucentru.md\/en\/wp-json\/wp\/v2\/posts"}],"about":[{"href":"https:\/\/chisinaucentru.md\/en\/wp-json\/wp\/v2\/types\/post"}],"author":[{"embeddable":true,"href":"https:\/\/chisinaucentru.md\/en\/wp-json\/wp\/v2\/users\/1"}],"replies":[{"embeddable":true,"href":"https:\/\/chisinaucentru.md\/en\/wp-json\/wp\/v2\/comments?post=69775"}],"version-history":[{"count":2,"href":"https:\/\/chisinaucentru.md\/en\/wp-json\/wp\/v2\/posts\/69775\/revisions"}],"predecessor-version":[{"id":69778,"href":"https:\/\/chisinaucentru.md\/en\/wp-json\/wp\/v2\/posts\/69775\/revisions\/69778"}],"wp:featuredmedia":[{"embeddable":true,"href":"https:\/\/chisinaucentru.md\/en\/wp-json\/wp\/v2\/media\/69776"}],"wp:attachment":[{"href":"https:\/\/chisinaucentru.md\/en\/wp-json\/wp\/v2\/media?parent=69775"}],"wp:term":[{"taxonomy":"category","embeddable":true,"href":"https:\/\/chisinaucentru.md\/en\/wp-json\/wp\/v2\/categories?post=69775"},{"taxonomy":"post_tag","embeddable":true,"href":"https:\/\/chisinaucentru.md\/en\/wp-json\/wp\/v2\/tags?post=69775"}],"curies":[{"name":"wp","href":"https:\/\/api.w.org\/{rel}","templated":true}]}}