{"id":68843,"date":"2023-06-26T15:20:18","date_gmt":"2023-06-26T12:20:18","guid":{"rendered":"https:\/\/chisinaucentru.md\/?p=68843"},"modified":"2023-06-27T10:19:59","modified_gmt":"2023-06-27T07:19:59","slug":"inspectarea-proiectelor-investitionale-din-sectorul-centru-de-catre-comisia-primariei-municipiului-chisinau","status":"publish","type":"post","link":"https:\/\/chisinaucentru.md\/en\/inspectarea-proiectelor-investitionale-din-sectorul-centru-de-catre-comisia-primariei-municipiului-chisinau\/","title":{"rendered":"Inspectarea proiectelor investi\u021bionale din sectorul Centru de c\u0103tre comisia Prim\u0103riei municipiului Chi\u0219in\u0103u"},"content":{"rendered":"<div class=\"vc_row wpb_row vc_row-fluid dt-default\" style=\"margin-top: 0px;margin-bottom: 0px\"><div class=\"wpb_column vc_column_container vc_col-sm-12\"><div class=\"vc_column-inner\"><div class=\"wpb_wrapper\">\n\t<div class=\"wpb_text_column wpb_content_element\" >\n\t\t<div class=\"wpb_wrapper\">\n\t\t\t<p align=\"justify\"><span style=\"color: #050505;\"><span style=\"font-family: Times New Roman, serif;\"><span style=\"font-size: large;\"><span lang=\"en-US\">Ast\u0103zi, Viceprimarul municipiului Chi\u0219in\u0103u, Ilie Ceban, \u00eempreun\u0103 cu Pretorul sectorului Centru, Vadim H\u00eencu, dar \u0219i responsabilii din cadrul Direc\u021biei generale mobilitate urban\u0103, \u00ce.M. Exdrupo, \u00ce.M. Asocia\u021bia de gospod\u0103rire a spa\u021biilor verzi au efectuat o vizit\u0103 \u00een sectorul Centru, pentru a inspecta proiectele investi\u021bionale.<\/span><\/span><\/span><\/span><\/p>\n<p align=\"justify\"><span style=\"color: #050505;\"><span style=\"font-family: Times New Roman, serif;\"><span style=\"font-size: large;\"><span lang=\"en-US\">Comisia \u0219i-a propus s\u0103 evalueze proiectele care au fost realizate pe parcursul anului 2022, precum \u0219i proiectele care au fost ini\u021biate \u00een anul 2023 \u0219i urmeaz\u0103 a fi finalizate.<\/span><\/span><\/span><\/span><\/p>\n<p align=\"justify\"><span style=\"color: #050505;\"><span style=\"font-family: Times New Roman, serif;\"><span style=\"font-size: large;\"><span lang=\"en-US\">Astfel, \u00een sectorul Centru al capitalei continu\u0103 lucr\u0103rile de modernizare \u015fi renovare a trotuarelor din \u015fos. H\u00e2nce\u015fti, renovarea pasajului pietonal subteran din bd. \u0218tefan cel Mare si Sf\u00e2nt-str. Ciuflea, renovarea pasajului pietonal subteran din bl. \u0218tefan cel Mare \u0219i Sf\u00e2nt &#8211; str. Ismail etc.<\/span><\/span><\/span><\/span><\/p>\n<p align=\"justify\"><span style=\"color: #050505;\"><span style=\"font-family: Times New Roman, serif;\"><span style=\"font-size: large;\"><span lang=\"en-US\">La fa\u021ba locului au fost discutate calitatea lucr\u0103rilor, \u00eencadrarea acestora \u00een termenii contractuali, precum \u0219i problemele ap\u0103rute pe parcursul desf\u0103\u0219ur\u0103rii acestora.<\/span><\/span><\/span><\/span><\/p>\n\n\t\t<\/div>\n\t<\/div>\n\n<div class=\"vc_grid-container-wrapper vc_clearfix vc_grid-animation-fadeIn\">\n\t<div class=\"vc_grid-container vc_clearfix wpb_content_element vc_media_grid\" data-initial-loading-animation=\"fadeIn\" data-vc-grid-settings=\"{&quot;page_id&quot;:68843,&quot;style&quot;:&quot;all&quot;,&quot;action&quot;:&quot;vc_get_vc_grid_data&quot;,&quot;shortcode_id&quot;:&quot;1687850357972-1cfe1d56-4d8d-8&quot;,&quot;tag&quot;:&quot;vc_media_grid&quot;}\" data-vc-request=\"https:\/\/chisinaucentru.md\/wp-admin\/admin-ajax.php\" data-vc-post-id=\"68843\" data-vc-public-nonce=\"284a9b8a8b\">\n\t\t\n\t<\/div>\n<\/div><\/div><\/div><\/div><\/div>","protected":false},"excerpt":{"rendered":"<p>Ast\u0103zi, Viceprimarul municipiului Chi\u0219in\u0103u, Ilie Ceban, \u00eempreun\u0103 cu Pretorul sectorului Centru, Vadim H\u00eencu, dar \u0219i responsabilii din cadrul Direc\u021biei generale mobilitate urban\u0103, \u00ce.M. Exdrupo, \u00ce.M. Asocia\u021bia de gospod\u0103rire a spa\u021biilor verzi au efectuat o vizit\u0103 \u00een sectorul Centru, pentru a inspecta proiectele investi\u021bionale. Comisia \u0219i-a propus s\u0103 evalueze proiectele care au fost realizate pe parcursul&hellip;<\/p>","protected":false},"author":1,"featured_media":68845,"comment_status":"open","ping_status":"open","sticky":false,"template":"","format":"standard","meta":[],"categories":[244],"tags":[],"acf":[],"_links":{"self":[{"href":"https:\/\/chisinaucentru.md\/en\/wp-json\/wp\/v2\/posts\/68843"}],"collection":[{"href":"https:\/\/chisinaucentru.md\/en\/wp-json\/wp\/v2\/posts"}],"about":[{"href":"https:\/\/chisinaucentru.md\/en\/wp-json\/wp\/v2\/types\/post"}],"author":[{"embeddable":true,"href":"https:\/\/chisinaucentru.md\/en\/wp-json\/wp\/v2\/users\/1"}],"replies":[{"embeddable":true,"href":"https:\/\/chisinaucentru.md\/en\/wp-json\/wp\/v2\/comments?post=68843"}],"version-history":[{"count":3,"href":"https:\/\/chisinaucentru.md\/en\/wp-json\/wp\/v2\/posts\/68843\/revisions"}],"predecessor-version":[{"id":68854,"href":"https:\/\/chisinaucentru.md\/en\/wp-json\/wp\/v2\/posts\/68843\/revisions\/68854"}],"wp:featuredmedia":[{"embeddable":true,"href":"https:\/\/chisinaucentru.md\/en\/wp-json\/wp\/v2\/media\/68845"}],"wp:attachment":[{"href":"https:\/\/chisinaucentru.md\/en\/wp-json\/wp\/v2\/media?parent=68843"}],"wp:term":[{"taxonomy":"category","embeddable":true,"href":"https:\/\/chisinaucentru.md\/en\/wp-json\/wp\/v2\/categories?post=68843"},{"taxonomy":"post_tag","embeddable":true,"href":"https:\/\/chisinaucentru.md\/en\/wp-json\/wp\/v2\/tags?post=68843"}],"curies":[{"name":"wp","href":"https:\/\/api.w.org\/{rel}","templated":true}]}}