{"id":68648,"date":"2023-06-23T09:38:33","date_gmt":"2023-06-23T06:38:33","guid":{"rendered":"https:\/\/chisinaucentru.md\/?p=68648"},"modified":"2023-06-26T09:45:14","modified_gmt":"2023-06-26T06:45:14","slug":"in-sectorul-centru-se-poarta-ie-cu-mandrie","status":"publish","type":"post","link":"https:\/\/chisinaucentru.md\/en\/in-sectorul-centru-se-poarta-ie-cu-mandrie\/","title":{"rendered":"\u00cen sectorul Centru se poart\u0103 ie cu m\u00e2ndrie"},"content":{"rendered":"<div class=\"vc_row wpb_row vc_row-fluid dt-default\" style=\"margin-top: 0px;margin-bottom: 0px\"><div class=\"wpb_column vc_column_container vc_col-sm-12\"><div class=\"vc_column-inner\"><div class=\"wpb_wrapper\">\n\t<div class=\"wpb_text_column wpb_content_element\" >\n\t\t<div class=\"wpb_wrapper\">\n\t\t\t<p align=\"justify\"><span style=\"color: #000000;\"><span style=\"font-family: Times New Roman, serif;\"><span style=\"font-size: large;\"><span lang=\"en-US\">S\u0103rb\u0103toare dubl\u0103 ast\u0103zi la Pretura sectorului Centru.<\/span><\/span><\/span><\/span><\/p>\n<p align=\"justify\"><span style=\"color: #000000;\"><span style=\"font-family: Times New Roman, serif;\"><span style=\"font-size: large;\"><span lang=\"en-US\">Ziua func\u021bionarului public a fost celebrat\u0103 de c\u0103tre angaja\u021bii Preturii \u0219i ai direc\u021biilor de sector \u00een stil tradi\u021bional culturii moldovene\u0219ti. Asta datorit\u0103 \u00eembin\u0103rii cu frumoasa s\u0103rb\u0103toare Ziua Portului Popular. <\/span><\/span><\/span><\/span><\/p>\n<p align=\"justify\"><span style=\"color: #000000;\"><span style=\"font-family: Times New Roman, serif;\"><span style=\"font-size: large;\"><span lang=\"en-US\">Menit\u0103 s\u0103 ne apropie de m\u0103iestria artei broderiei manuale excep\u021bionale, de inestimabile valori materiale autentice prin care ne distingem ca na\u021biune, Ziua Universal\u0103 a Iei, marcat\u0103 la 24 iunie s\u0103rb\u0103tore\u0219te simbolul tezaurului mo\u0219tenit inclus pe lista patrimoniului material UNESCO.<\/span><\/span><\/span><\/span><\/p>\n<p align=\"justify\"><span style=\"color: #000000;\"><span style=\"font-family: Times New Roman, serif;\"><span style=\"font-size: large;\"><span lang=\"en-US\">Ia \u0219i c\u0103ma\u0219a tradi\u021bional\u0103 este comoara pe care o putem pre\u021bui \u0219i pune \u00een valoare, purt\u00e2nd-o. Al\u0103turi de Pretor, Vadim H\u00eencu, angaja\u021bii Preturii sectorului Centru \u0219i ai direc\u021biilor de sector o poart\u0103 ast\u0103zi, str\u0103lucirea ei fiind accentuat\u0103 de muzica \u0219i dansul nostru popular, ca \u00eensemn al readucerii la r\u0103d\u0103cini, a \u00eent\u0103ririi identit\u0103\u021bii \u0219i care, leg\u00e2ndu-ne de trecut, ne ajut\u0103 s\u0103 privim cu \u00eencredere \u00een viitor.<\/span><\/span><\/span><\/span><\/p>\n<p>\u00a0<\/p>\n\n\t\t<\/div>\n\t<\/div>\n\n<div class=\"vc_grid-container-wrapper vc_clearfix vc_grid-animation-fadeIn\">\n\t<div class=\"vc_grid-container vc_clearfix wpb_content_element vc_media_grid\" data-initial-loading-animation=\"fadeIn\" data-vc-grid-settings=\"{&quot;page_id&quot;:68648,&quot;style&quot;:&quot;all&quot;,&quot;action&quot;:&quot;vc_get_vc_grid_data&quot;,&quot;shortcode_id&quot;:&quot;1687761592650-5035e482-4d91-4&quot;,&quot;tag&quot;:&quot;vc_media_grid&quot;}\" data-vc-request=\"https:\/\/chisinaucentru.md\/wp-admin\/admin-ajax.php\" data-vc-post-id=\"68648\" data-vc-public-nonce=\"39ce34e9ee\">\n\t\t\n\t<\/div>\n<\/div><\/div><\/div><\/div><\/div>","protected":false},"excerpt":{"rendered":"<p>S\u0103rb\u0103toare dubl\u0103 ast\u0103zi la Pretura sectorului Centru. Ziua func\u021bionarului public a fost celebrat\u0103 de c\u0103tre angaja\u021bii Preturii \u0219i ai direc\u021biilor de sector \u00een stil tradi\u021bional culturii moldovene\u0219ti. Asta datorit\u0103 \u00eembin\u0103rii cu frumoasa s\u0103rb\u0103toare Ziua Portului Popular. Menit\u0103 s\u0103 ne apropie de m\u0103iestria artei broderiei manuale excep\u021bionale, de inestimabile valori materiale autentice prin care ne distingem&hellip;<\/p>","protected":false},"author":1,"featured_media":68650,"comment_status":"open","ping_status":"open","sticky":false,"template":"","format":"standard","meta":[],"categories":[244],"tags":[],"acf":[],"_links":{"self":[{"href":"https:\/\/chisinaucentru.md\/en\/wp-json\/wp\/v2\/posts\/68648"}],"collection":[{"href":"https:\/\/chisinaucentru.md\/en\/wp-json\/wp\/v2\/posts"}],"about":[{"href":"https:\/\/chisinaucentru.md\/en\/wp-json\/wp\/v2\/types\/post"}],"author":[{"embeddable":true,"href":"https:\/\/chisinaucentru.md\/en\/wp-json\/wp\/v2\/users\/1"}],"replies":[{"embeddable":true,"href":"https:\/\/chisinaucentru.md\/en\/wp-json\/wp\/v2\/comments?post=68648"}],"version-history":[{"count":3,"href":"https:\/\/chisinaucentru.md\/en\/wp-json\/wp\/v2\/posts\/68648\/revisions"}],"predecessor-version":[{"id":68730,"href":"https:\/\/chisinaucentru.md\/en\/wp-json\/wp\/v2\/posts\/68648\/revisions\/68730"}],"wp:featuredmedia":[{"embeddable":true,"href":"https:\/\/chisinaucentru.md\/en\/wp-json\/wp\/v2\/media\/68650"}],"wp:attachment":[{"href":"https:\/\/chisinaucentru.md\/en\/wp-json\/wp\/v2\/media?parent=68648"}],"wp:term":[{"taxonomy":"category","embeddable":true,"href":"https:\/\/chisinaucentru.md\/en\/wp-json\/wp\/v2\/categories?post=68648"},{"taxonomy":"post_tag","embeddable":true,"href":"https:\/\/chisinaucentru.md\/en\/wp-json\/wp\/v2\/tags?post=68648"}],"curies":[{"name":"wp","href":"https:\/\/api.w.org\/{rel}","templated":true}]}}