{"id":68534,"date":"2023-06-19T14:54:09","date_gmt":"2023-06-19T11:54:09","guid":{"rendered":"https:\/\/chisinaucentru.md\/?p=68534"},"modified":"2023-06-19T14:56:47","modified_gmt":"2023-06-19T11:56:47","slug":"targ-de-carte-cu-doina-danielean","status":"publish","type":"post","link":"https:\/\/chisinaucentru.md\/en\/targ-de-carte-cu-doina-danielean\/","title":{"rendered":"T\u00e2rg de carte cu Doina Danielean"},"content":{"rendered":"<div class=\"vc_row wpb_row vc_row-fluid dt-default\" style=\"margin-top: 0px;margin-bottom: 0px\"><div class=\"wpb_column vc_column_container vc_col-sm-12\"><div class=\"vc_column-inner\"><div class=\"wpb_wrapper\">\n\t<div class=\"wpb_text_column wpb_content_element\" >\n\t\t<div class=\"wpb_wrapper\">\n\t\t\t<p class=\"western\" lang=\"en-US\" align=\"justify\"><span style=\"color: #050505;\"><span style=\"font-family: Times New Roman, serif;\"><span style=\"font-size: large;\">\u00centr-un cadru natural, sub cerul serii calde de duminic\u0103 a avut loc \u00eent\u00e2lnirea cu influencerul \u0219i mai nou, scriitoarea Doina Danielean. <\/span><\/span><\/span><\/p>\n<p class=\"western\" lang=\"en-US\" align=\"justify\"><span style=\"color: #050505;\"><span style=\"font-family: Times New Roman, serif;\"><span style=\"font-size: large;\">Cartea \u201eDe 33 de ori\u201d semnat\u0103 de invitata special\u0103, a adunat cu interes tineri \u0219i adolescen\u021bi \u00een scuarul Mihai Eminescu. Prezentarea c\u0103r\u021bii a urmat de o rund\u0103 de \u00eentreb\u0103ri \u0219i r\u0103spunsuri, iar cei mai activi \u00een dialog s-au ales cu o carte \u00een dar \u0219i un autograf de la autoare. <\/span><\/span><\/span><\/p>\n<p class=\"western\" lang=\"en-US\" align=\"justify\"><span style=\"color: #050505;\">\u201e<span style=\"font-family: Times New Roman, serif;\"><span style=\"font-size: large;\">Pauza de la frecventarea \u0219colii pe timp de var\u0103 nu presupune pauz\u0103 de la carte, lectur\u0103 \u0219i cunoa\u0219tere. Pretura sectorului Centru va oferi \u00een permanen\u021b\u0103 oportunitate de dezvoltare \u0219i formare pentru tineri, prin organizarea unor asemenea evenimente educative, dar \u0219i de recreere, promov\u00e2nd oamenii de calitate din ora\u0219ul nostru, precum este Doina Danielean\u201d a men\u021bionat Pretorul, Vadim H\u00eencu, \u00een debutul evenimentului.<\/span><\/span><\/span><\/p>\n<p class=\"western\" lang=\"en-US\" align=\"justify\"><span style=\"color: #050505;\"><span style=\"font-family: Times New Roman, serif;\"><span style=\"font-size: large;\">Dup\u0103 lungi discu\u021bii de suflet, seara a culminat cu gust dulce \u0219i muzic\u0103 live \u00een interpretarea trupei Dor band.<\/span><\/span><\/span><\/p>\n<p class=\"western\" lang=\"en-US\" align=\"justify\"><span style=\"color: #050505;\"><span style=\"font-family: Times New Roman, serif;\"><span style=\"font-size: large;\">Acest eveniment a fost organizat de Pretura sectorului Centru \u00een colaborare cu <\/span><\/span><\/span><span style=\"color: #050505;\"><span style=\"font-family: Times New Roman, serif;\"><span style=\"font-size: large;\"><span lang=\"ro-RO\">Consiliul Local de Tineret Centru, <\/span><\/span><\/span><\/span><span style=\"color: #050505;\"><span style=\"font-family: Times New Roman, serif;\"><span style=\"font-size: large;\">c\u0103ruia \u00eei exprim\u0103m aprecieri \u00eenalte pentru spirit activ \u0219i creativ la implicarea \u00een via\u021ba comunitar\u0103 din sectorul Centru.<\/span><\/span><\/span><\/p>\n\n\t\t<\/div>\n\t<\/div>\n\n<div class=\"vc_grid-container-wrapper vc_clearfix vc_grid-animation-fadeIn\">\n\t<div class=\"vc_grid-container vc_clearfix wpb_content_element vc_media_grid\" data-initial-loading-animation=\"fadeIn\" data-vc-grid-settings=\"{&quot;page_id&quot;:68534,&quot;style&quot;:&quot;all&quot;,&quot;action&quot;:&quot;vc_get_vc_grid_data&quot;,&quot;shortcode_id&quot;:&quot;1687175661792-813dff07-900d-2&quot;,&quot;tag&quot;:&quot;vc_media_grid&quot;}\" data-vc-request=\"https:\/\/chisinaucentru.md\/wp-admin\/admin-ajax.php\" data-vc-post-id=\"68534\" data-vc-public-nonce=\"39ce34e9ee\">\n\t\t\n\t<\/div>\n<\/div><\/div><\/div><\/div><\/div>","protected":false},"excerpt":{"rendered":"<p>\u00centr-un cadru natural, sub cerul serii calde de duminic\u0103 a avut loc \u00eent\u00e2lnirea cu influencerul \u0219i mai nou, scriitoarea Doina Danielean. Cartea \u201eDe 33 de ori\u201d semnat\u0103 de invitata special\u0103, a adunat cu interes tineri \u0219i adolescen\u021bi \u00een scuarul Mihai Eminescu. Prezentarea c\u0103r\u021bii a urmat de o rund\u0103 de \u00eentreb\u0103ri \u0219i r\u0103spunsuri, iar cei mai&hellip;<\/p>","protected":false},"author":1,"featured_media":68536,"comment_status":"open","ping_status":"open","sticky":false,"template":"","format":"standard","meta":[],"categories":[244],"tags":[],"acf":[],"_links":{"self":[{"href":"https:\/\/chisinaucentru.md\/en\/wp-json\/wp\/v2\/posts\/68534"}],"collection":[{"href":"https:\/\/chisinaucentru.md\/en\/wp-json\/wp\/v2\/posts"}],"about":[{"href":"https:\/\/chisinaucentru.md\/en\/wp-json\/wp\/v2\/types\/post"}],"author":[{"embeddable":true,"href":"https:\/\/chisinaucentru.md\/en\/wp-json\/wp\/v2\/users\/1"}],"replies":[{"embeddable":true,"href":"https:\/\/chisinaucentru.md\/en\/wp-json\/wp\/v2\/comments?post=68534"}],"version-history":[{"count":3,"href":"https:\/\/chisinaucentru.md\/en\/wp-json\/wp\/v2\/posts\/68534\/revisions"}],"predecessor-version":[{"id":68559,"href":"https:\/\/chisinaucentru.md\/en\/wp-json\/wp\/v2\/posts\/68534\/revisions\/68559"}],"wp:featuredmedia":[{"embeddable":true,"href":"https:\/\/chisinaucentru.md\/en\/wp-json\/wp\/v2\/media\/68536"}],"wp:attachment":[{"href":"https:\/\/chisinaucentru.md\/en\/wp-json\/wp\/v2\/media?parent=68534"}],"wp:term":[{"taxonomy":"category","embeddable":true,"href":"https:\/\/chisinaucentru.md\/en\/wp-json\/wp\/v2\/categories?post=68534"},{"taxonomy":"post_tag","embeddable":true,"href":"https:\/\/chisinaucentru.md\/en\/wp-json\/wp\/v2\/tags?post=68534"}],"curies":[{"name":"wp","href":"https:\/\/api.w.org\/{rel}","templated":true}]}}