{"id":68486,"date":"2023-06-18T14:49:15","date_gmt":"2023-06-18T11:49:15","guid":{"rendered":"https:\/\/chisinaucentru.md\/?p=68486"},"modified":"2023-06-19T14:53:28","modified_gmt":"2023-06-19T11:53:28","slug":"festivalul-cartii-la-finalul-primei-editii","status":"publish","type":"post","link":"https:\/\/chisinaucentru.md\/en\/festivalul-cartii-la-finalul-primei-editii\/","title":{"rendered":"Festivalul C\u0103r\u021bii la finalul primei edi\u021bii"},"content":{"rendered":"<div class=\"vc_row wpb_row vc_row-fluid dt-default\" style=\"margin-top: 0px;margin-bottom: 0px\"><div class=\"wpb_column vc_column_container vc_col-sm-12\"><div class=\"vc_column-inner\"><div class=\"wpb_wrapper\">\n\t<div class=\"wpb_text_column wpb_content_element\" >\n\t\t<div class=\"wpb_wrapper\">\n\t\t\t<p class=\"western\" lang=\"en-US\" align=\"justify\"><span style=\"color: #050505;\"><span style=\"font-family: Times New Roman, serif;\"><span style=\"font-size: large;\">Ineditul proiect literar \u201eFestivalul C\u0103r\u021bii\u201d lansat de c\u0103tre Pretura sectorului Centru \u00een colaborare cu AO Centrul de Cultur\u0103 \u0219i Art\u0103 \u201eVia\u021ba Ta\u201d \u0219i-a desemnat ast\u0103zi, 18 iunie, laurea\u021bii.<\/span><\/span><\/span><\/p>\n<p class=\"western\" lang=\"en-US\" align=\"justify\"><span style=\"color: #050505;\"><span style=\"font-family: Times New Roman, serif;\"><span style=\"font-size: large;\">Timp de 3 s\u0103pt\u0103m\u00e2ni , \u00een cadrul festivalului s-a desf\u0103\u0219urat un variat program de activit\u0103\u021bi: expozi\u021bii de c\u0103r\u021bi pentru copii \u0219i adul\u021bi, lans\u0103ri de carte, \u00eent\u00e2lniri cu autorii, sesiune de autografe, cafenea literar\u0103, tombole cu premii, maraton poetic, recitaluri de poezii, cluburi culturale \u0219i de lectur\u0103, mese rotunde, expozi\u021bie de picturi, etc.<\/span><\/span><\/span><\/p>\n<p class=\"western\" lang=\"en-US\" align=\"justify\"><span style=\"color: #050505;\"><span style=\"font-family: Times New Roman, serif;\"><span style=\"font-size: large;\">Protagoni\u0219tii acestor activit\u0103\u021bi au fost \u00eenalte somit\u0103\u021bi ale literaturii, poe\u021bi \u0219i scriitori na\u021bionali, profesori \u0219i oameni de art\u0103, membri ai Uniunii Scriitorilor din Moldova, membri ai Uniunii Ziari\u0219tilor din Rom\u00e2nia, interpre\u021bi autohtoni \u0219i iubitori de carte. Festivalul, chiar de la debutul s\u0103u s-a bucurat de un auditoriu ales.<\/span><\/span><\/span><\/p>\n<p class=\"western\" lang=\"en-US\" align=\"justify\"><span style=\"color: #050505;\"><span style=\"font-family: Times New Roman, serif;\"><span style=\"font-size: large;\">Prezent la evenimentul de ast\u0103zi, organizat \u00een loca\u021bie reprezentativ\u0103 tematicii, scuarul Mihai Eminescu, Pretorul sectorului Centru, Vadim H\u00eencu a apreciat mult importan\u021ba promov\u0103rii lecturii \u00een comunitate, \u00een sectorul Centru \u00een special, subliniind necesitatea cultiv\u0103rii valorilor umane, valorific\u0103rii poten\u021bialului creativ al cona\u021bionalilor no\u0219tri care scriu c\u0103r\u021bi \u0219i \u00eembog\u0103\u021besc fondul literar local. <\/span><\/span><\/span><\/p>\n<p class=\"western\" lang=\"en-US\" align=\"justify\"><span style=\"color: #050505;\"><span style=\"font-family: Times New Roman, serif;\"><span style=\"font-size: large;\">Spre final, participan\u021bii s-au ales cu diplome din partea Pretorului, dar \u0219i a directorului Centrului de Cultur\u0103 \u0219i Art\u0103 \u201eVia\u021ba Ta\u201d,<\/span><\/span><\/span><span style=\"color: #050505;\"><span style=\"font-family: Times New Roman, serif;\"><span style=\"font-size: large;\"><span lang=\"ro-RO\"> Gutiera Prodan.<\/span><\/span><\/span><\/span><\/p>\n<p class=\"western\" lang=\"en-US\" align=\"justify\"><span style=\"color: #050505;\"><span style=\"font-family: Times New Roman, serif;\"><span style=\"font-size: large;\">Trofeul festivalului a fost \u00eenm\u00e2nat Pretorului, Vadim H\u00eencu, pentru contribu\u021bie distins\u0103 \u00een cadrul organiz\u0103rii Festivalului C\u0103r\u021bii.<\/span><\/span><\/span><\/p>\n<p class=\"western\" lang=\"en-US\" align=\"justify\"><span style=\"color: #050505;\"><span style=\"font-family: Times New Roman, serif;\"><span style=\"font-size: large;\"><span lang=\"ru-MD\">Reu\u0219ita evenimentului de ast\u0103zi a fost completat\u0103 cu expresive momente muzicale ale interpre\u021bilor de muzic\u0103 popular\u0103, precum \u0219i ale autorilor na\u021bionali. <\/span><\/span><\/span><\/span><\/p>\n<p class=\"western\" lang=\"en-US\" align=\"justify\"><span style=\"color: #050505;\"><span style=\"font-family: Times New Roman, serif;\"><span style=\"font-size: large;\"><span lang=\"ru-MD\">A fost un festival de \u00eenalt\u0103 \u021binut\u0103 poetic\u0103, continuitatea c\u0103ruia se cere incontestabil.<\/span><\/span><\/span><\/span><\/p>\n\n\t\t<\/div>\n\t<\/div>\n\n<div class=\"vc_grid-container-wrapper vc_clearfix vc_grid-animation-fadeIn\">\n\t<div class=\"vc_grid-container vc_clearfix wpb_content_element vc_media_grid\" data-initial-loading-animation=\"fadeIn\" data-vc-grid-settings=\"{&quot;page_id&quot;:68486,&quot;style&quot;:&quot;all&quot;,&quot;action&quot;:&quot;vc_get_vc_grid_data&quot;,&quot;shortcode_id&quot;:&quot;1687175461683-7cf7f7c0-149d-7&quot;,&quot;tag&quot;:&quot;vc_media_grid&quot;}\" data-vc-request=\"https:\/\/chisinaucentru.md\/wp-admin\/admin-ajax.php\" data-vc-post-id=\"68486\" data-vc-public-nonce=\"39ce34e9ee\">\n\t\t\n\t<\/div>\n<\/div><\/div><\/div><\/div><\/div>","protected":false},"excerpt":{"rendered":"<p>Ineditul proiect literar \u201eFestivalul C\u0103r\u021bii\u201d lansat de c\u0103tre Pretura sectorului Centru \u00een colaborare cu AO Centrul de Cultur\u0103 \u0219i Art\u0103 \u201eVia\u021ba Ta\u201d \u0219i-a desemnat ast\u0103zi, 18 iunie, laurea\u021bii. Timp de 3 s\u0103pt\u0103m\u00e2ni , \u00een cadrul festivalului s-a desf\u0103\u0219urat un variat program de activit\u0103\u021bi: expozi\u021bii de c\u0103r\u021bi pentru copii \u0219i adul\u021bi, lans\u0103ri de carte, \u00eent\u00e2lniri cu&hellip;<\/p>","protected":false},"author":1,"featured_media":68488,"comment_status":"open","ping_status":"open","sticky":false,"template":"","format":"standard","meta":[],"categories":[244],"tags":[],"acf":[],"_links":{"self":[{"href":"https:\/\/chisinaucentru.md\/en\/wp-json\/wp\/v2\/posts\/68486"}],"collection":[{"href":"https:\/\/chisinaucentru.md\/en\/wp-json\/wp\/v2\/posts"}],"about":[{"href":"https:\/\/chisinaucentru.md\/en\/wp-json\/wp\/v2\/types\/post"}],"author":[{"embeddable":true,"href":"https:\/\/chisinaucentru.md\/en\/wp-json\/wp\/v2\/users\/1"}],"replies":[{"embeddable":true,"href":"https:\/\/chisinaucentru.md\/en\/wp-json\/wp\/v2\/comments?post=68486"}],"version-history":[{"count":3,"href":"https:\/\/chisinaucentru.md\/en\/wp-json\/wp\/v2\/posts\/68486\/revisions"}],"predecessor-version":[{"id":68533,"href":"https:\/\/chisinaucentru.md\/en\/wp-json\/wp\/v2\/posts\/68486\/revisions\/68533"}],"wp:featuredmedia":[{"embeddable":true,"href":"https:\/\/chisinaucentru.md\/en\/wp-json\/wp\/v2\/media\/68488"}],"wp:attachment":[{"href":"https:\/\/chisinaucentru.md\/en\/wp-json\/wp\/v2\/media?parent=68486"}],"wp:term":[{"taxonomy":"category","embeddable":true,"href":"https:\/\/chisinaucentru.md\/en\/wp-json\/wp\/v2\/categories?post=68486"},{"taxonomy":"post_tag","embeddable":true,"href":"https:\/\/chisinaucentru.md\/en\/wp-json\/wp\/v2\/tags?post=68486"}],"curies":[{"name":"wp","href":"https:\/\/api.w.org\/{rel}","templated":true}]}}