{"id":68427,"date":"2023-06-17T14:24:04","date_gmt":"2023-06-17T11:24:04","guid":{"rendered":"https:\/\/chisinaucentru.md\/?p=68427"},"modified":"2023-06-19T14:25:55","modified_gmt":"2023-06-19T11:25:55","slug":"copiii-din-sectorul-centru-se-bucura-din-plin-de-vacanta","status":"publish","type":"post","link":"https:\/\/chisinaucentru.md\/en\/copiii-din-sectorul-centru-se-bucura-din-plin-de-vacanta\/","title":{"rendered":"Copiii din sectorul Centru se bucur\u0103 din plin de vacan\u021b\u0103"},"content":{"rendered":"<div class=\"vc_row wpb_row vc_row-fluid dt-default\" style=\"margin-top: 0px;margin-bottom: 0px\"><div class=\"wpb_column vc_column_container vc_col-sm-12\"><div class=\"vc_column-inner\"><div class=\"wpb_wrapper\">\n\t<div class=\"wpb_text_column wpb_content_element\" >\n\t\t<div class=\"wpb_wrapper\">\n\t\t\t<p class=\"western\" lang=\"en-US\" align=\"justify\"><span style=\"color: #050505;\"><span style=\"font-family: Times New Roman, serif;\"><span style=\"font-size: large;\">Surprize \u00een lan\u021b \u00eentr-o zi cald\u0103 de s\u00e2mb\u0103t\u0103 din partea Pretorului, Vadim H\u00eencu, pentru 50 de copii de la Centrele comunitare pentru copii \u0219i tineri din sectorul Centru \u0219i institu\u021bii de educa\u021bie timpurie. <\/span><\/span><\/span><\/p>\n<p class=\"western\" lang=\"en-US\" align=\"justify\"><span style=\"color: #050505;\"><span style=\"font-family: Times New Roman, serif;\"><span style=\"font-size: large;\">Oferta a fost una generoas\u0103, la 17 iunie programul zilei a inclus mai multe activit\u0103\u021bi distractive \u0219i de agrement pentru copii:<\/span><\/span><\/span><\/p>\n<p class=\"western\" lang=\"en-US\" align=\"justify\"><span style=\"color: #050505;\"><span style=\"font-family: Times New Roman, serif;\"><span style=\"font-size: large;\"><span lang=\"ro-RO\">&#8211;<\/span><\/span><\/span><\/span><span style=\"color: #050505;\"><span style=\"font-family: Times New Roman, serif;\"><span style=\"font-size: large;\">distrac\u021bie la caruselele de la Palatul de Cultur\u0103 al Feroviarilor<\/span><\/span><\/span><\/p>\n<p class=\"western\" lang=\"en-US\" align=\"justify\"><span style=\"color: #050505;\"><span style=\"font-family: Times New Roman, serif;\"><span style=\"font-size: large;\">-excursie la Gr\u0103dina Zoologic\u0103<\/span><\/span><\/span><\/p>\n<p class=\"western\" lang=\"en-US\" align=\"justify\"><span style=\"color: #050505;\"><span style=\"font-family: Times New Roman, serif;\"><span style=\"font-size: large;\">-vizionarea piesei de teatru &#8222;Scufi\u021ba ro\u0219ie&#8221;<\/span><\/span><\/span><\/p>\n<p class=\"western\" lang=\"en-US\" align=\"justify\"><span style=\"color: #050505;\"><span style=\"font-family: Times New Roman, serif;\"><span style=\"font-size: large;\"><span lang=\"ro-RO\">&#8211;<\/span><\/span><\/span><\/span><span style=\"color: #050505;\"><span style=\"font-family: Times New Roman, serif;\"><span style=\"font-size: large;\">jocuri \u0219i activit\u0103\u021bi recreative la CC Jumbo<\/span><\/span><\/span><\/p>\n<p class=\"western\" lang=\"en-US\" align=\"justify\"><span style=\"color: #050505;\"><span style=\"font-family: Times New Roman, serif;\"><span style=\"font-size: large;\">Copii au petrecut o zi impresionant\u0103, au fost activi \u0219i entuziasma\u021bi, iar acest fapt ne determin\u0103 s\u0103 organiz\u0103m \u00een continuare lucruri frumoase pentru ei \u0219i pentru \u00eentreaga comunitate a sectorului Centru.<\/span><\/span><\/span><\/p>\n<p class=\"western\" lang=\"en-US\" align=\"justify\"><span style=\"color: #050505;\"><span style=\"font-family: Times New Roman, serif;\"><span style=\"font-size: large;\"><span lang=\"ru-MD\">Mul\u021bumim partenerilor pentru contribu\u021bia adus\u0103 la organizarea evenimentelor de ast\u0103zi:<\/span><\/span><\/span><\/span><\/p>\n<p class=\"western\" lang=\"en-US\" align=\"justify\"><span style=\"color: #0000ff;\"><span style=\"font-family: Times New Roman, serif;\"><span style=\"font-size: large;\"><span lang=\"ru-MD\"><a href=\"https:\/\/www.facebook.com\/regiachisinau?__cft__%5B0%5D=AZU0pv_YKXxOwAhB3NvzPyWTQigse4pNwgDL3zFtZgV-l5UNkxPakdGE7CNccatT0ELRy5Ir0Eg0K-YKCQSGAl2KeP2YvKyd2qhDfSMCYMptnpQ5M2xL4zV3OGBucDuxe8ae8_j-B-JqCl6qfu6BQP-oljl9jnNUN3p6jXDMnpCNUnu8Em9wCxVG3gA0FqzrlsM&amp;__tn__=-%5DK-R\">Regia Transport Electric Chi\u0219in\u0103u<\/a><\/span><\/span><\/span><\/span><\/p>\n<p class=\"western\" lang=\"en-US\" align=\"justify\"><span style=\"color: #0000ff;\"><span style=\"font-family: Times New Roman, serif;\"><span style=\"font-size: large;\"><span lang=\"ru-MD\"><a href=\"https:\/\/www.facebook.com\/UNSTM?__cft__%5B0%5D=AZU0pv_YKXxOwAhB3NvzPyWTQigse4pNwgDL3zFtZgV-l5UNkxPakdGE7CNccatT0ELRy5Ir0Eg0K-YKCQSGAl2KeP2YvKyd2qhDfSMCYMptnpQ5M2xL4zV3OGBucDuxe8ae8_j-B-JqCl6qfu6BQP-oljl9jnNUN3p6jXDMnpCNUnu8Em9wCxVG3gA0FqzrlsM&amp;__tn__=-%5DK-R\">Uniunea Na\u0163ional\u0103 a Studen\u0163ilor \u015fi Tineretului din Moldova &#8211; UNSTM<\/a><\/span><\/span><\/span><\/span><\/p>\n\n\t\t<\/div>\n\t<\/div>\n\n<div class=\"vc_grid-container-wrapper vc_clearfix vc_grid-animation-fadeIn\">\n\t<div class=\"vc_grid-container vc_clearfix wpb_content_element vc_media_grid\" data-initial-loading-animation=\"fadeIn\" data-vc-grid-settings=\"{&quot;page_id&quot;:68427,&quot;style&quot;:&quot;all&quot;,&quot;action&quot;:&quot;vc_get_vc_grid_data&quot;,&quot;shortcode_id&quot;:&quot;1687173896230-18fcc482-36c5-2&quot;,&quot;tag&quot;:&quot;vc_media_grid&quot;}\" data-vc-request=\"https:\/\/chisinaucentru.md\/wp-admin\/admin-ajax.php\" data-vc-post-id=\"68427\" data-vc-public-nonce=\"fb1b8afed9\">\n\t\t\n\t<\/div>\n<\/div><\/div><\/div><\/div><\/div>","protected":false},"excerpt":{"rendered":"<p>Surprize \u00een lan\u021b \u00eentr-o zi cald\u0103 de s\u00e2mb\u0103t\u0103 din partea Pretorului, Vadim H\u00eencu, pentru 50 de copii de la Centrele comunitare pentru copii \u0219i tineri din sectorul Centru \u0219i institu\u021bii de educa\u021bie timpurie. Oferta a fost una generoas\u0103, la 17 iunie programul zilei a inclus mai multe activit\u0103\u021bi distractive \u0219i de agrement pentru copii: -distrac\u021bie&hellip;<\/p>","protected":false},"author":1,"featured_media":68429,"comment_status":"open","ping_status":"open","sticky":false,"template":"","format":"standard","meta":[],"categories":[244],"tags":[],"acf":[],"_links":{"self":[{"href":"https:\/\/chisinaucentru.md\/en\/wp-json\/wp\/v2\/posts\/68427"}],"collection":[{"href":"https:\/\/chisinaucentru.md\/en\/wp-json\/wp\/v2\/posts"}],"about":[{"href":"https:\/\/chisinaucentru.md\/en\/wp-json\/wp\/v2\/types\/post"}],"author":[{"embeddable":true,"href":"https:\/\/chisinaucentru.md\/en\/wp-json\/wp\/v2\/users\/1"}],"replies":[{"embeddable":true,"href":"https:\/\/chisinaucentru.md\/en\/wp-json\/wp\/v2\/comments?post=68427"}],"version-history":[{"count":3,"href":"https:\/\/chisinaucentru.md\/en\/wp-json\/wp\/v2\/posts\/68427\/revisions"}],"predecessor-version":[{"id":68439,"href":"https:\/\/chisinaucentru.md\/en\/wp-json\/wp\/v2\/posts\/68427\/revisions\/68439"}],"wp:featuredmedia":[{"embeddable":true,"href":"https:\/\/chisinaucentru.md\/en\/wp-json\/wp\/v2\/media\/68429"}],"wp:attachment":[{"href":"https:\/\/chisinaucentru.md\/en\/wp-json\/wp\/v2\/media?parent=68427"}],"wp:term":[{"taxonomy":"category","embeddable":true,"href":"https:\/\/chisinaucentru.md\/en\/wp-json\/wp\/v2\/categories?post=68427"},{"taxonomy":"post_tag","embeddable":true,"href":"https:\/\/chisinaucentru.md\/en\/wp-json\/wp\/v2\/tags?post=68427"}],"curies":[{"name":"wp","href":"https:\/\/api.w.org\/{rel}","templated":true}]}}